{"id":69813,"date":"2026-03-23T08:30:26","date_gmt":"2026-03-23T06:30:26","guid":{"rendered":"https:\/\/edublog.educastur.es\/ixuxu\/?p=69813"},"modified":"2026-03-23T10:03:49","modified_gmt":"2026-03-23T08:03:49","slug":"69813","status":"publish","type":"post","link":"https:\/\/edublog.educastur.es\/ixuxu\/2026\/03\/69813\/","title":{"rendered":"El tiempu (El Comercio)"},"content":{"rendered":"<p style=\"text-align: center\"><img loading=\"lazy\" decoding=\"async\" class=\"aligncenter size-large\" src=\"https:\/\/s1.ppllstatics.com\/elcomercio\/www\/multimedia\/2026\/03\/22\/tiempo-asturias-lunes-23-marzo-kjJ-U2302588077118HVD-1200x870@El%20Comercio.jpg\" width=\"1200\" height=\"867\" \/><\/p>\n<p>Esperamos <strong>amanecer<\/strong> con nubes que van tender a sumir conforme vaiga avanzando la ma\u00f1ana. <strong>A partir del mediud\u00eda<\/strong> preven cielos poco nublos o inclusive estenaos en pr\u00e1cticamente tol Princip\u00e1u d&#8217;Asturies. <strong>A la fin de la tarde<\/strong> vamos reparar la presencia d&#8217;intervalos de nubes altes ensin importancia. La probabilid\u00e1 de precipitaciones va ser nula en tou momentu. <strong>Los viento<\/strong>s esp\u00e9rense fluexos pero van afitase <strong>a partir del mediud\u00eda<\/strong> de nord\u00e9s-esti y que, concretamente na mari\u00f1a, podr\u00eda soplar con intensid\u00e1 moderada. <strong>Les temperatures m\u00e1ximes<\/strong> nun van variar al respective de les anotaes el domingu, ente que <strong>les m\u00ednimes<\/strong> van baxar llixeramente en zones altes del cordal, van xubir un poco na mari\u00f1a y van caltenese ensin cambeos nel restu. <a href=\"https:\/\/www.tiempo.com\/noticias\/prediccion\/se-preven-frio-polar-y-nevadas-en-espana-los-modelos-meteorologicos-reniegan-de-la-primavera.html\">Tiempo.com<\/a><\/p>\n<p><!--more--><\/p>\n<p><strong>El martes<\/strong> volveremos encarar un d\u00eda estable a pesar de que, nuevamente, vamos amanecer con cierta nubosidad que va tender a estenase col intre de la xornada. Les temperatures m\u00e1ximes van xubir de forma xeneralizada. Les m\u00ednimes, sicas\u00ed, van baxar. Para&#8217;l mi\u00e9rcoles va haber probabilid\u00e1 de que les ag\u00fces faigan actu de presencia na rex\u00f3n.<\/p>\n<p>&nbsp;<\/p>\n<p style=\"text-align: center\">Xueves 26<br \/>\n<a href=\"https:\/\/services.meteored.com\/img\/article\/se-preven-nevadas-en-espana-los-modelos-meteorologicos-reniegan-de-la-primavera-1774137757813_1024.png\"><img loading=\"lazy\" decoding=\"async\" class=\"aligncenter size-large\" src=\"https:\/\/services.meteored.com\/img\/article\/se-preven-nevadas-en-espana-los-modelos-meteorologicos-reniegan-de-la-primavera-1774137757813_1024.png\" width=\"1024\" height=\"720\" \/><\/a><\/p>\n<p>Vienres 27<\/p>\n<p style=\"text-align: center\"><a href=\"https:\/\/services.meteored.com\/img\/article\/se-preven-frio-polar-y-nevadas-en-espana-los-modelos-meteorologicos-reniegan-de-la-primavera-1774172572316_1024.png\"><img loading=\"lazy\" decoding=\"async\" class=\"aligncenter size-large\" src=\"https:\/\/services.meteored.com\/img\/article\/se-preven-frio-polar-y-nevadas-en-espana-los-modelos-meteorologicos-reniegan-de-la-primavera-1774172572316_1024.png\" width=\"1024\" height=\"720\" \/><\/a><\/p>\n<p>Vuelve la \u00f1eve<\/p>\n<p style=\"text-align: center\"><a href=\"https:\/\/services.meteored.com\/img\/article\/se-preven-nevadas-en-espana-los-modelos-meteorologicos-reniegan-de-la-primavera-1774137881136_1024.png\"><img loading=\"lazy\" decoding=\"async\" class=\"aligncenter size-large\" src=\"https:\/\/services.meteored.com\/img\/article\/se-preven-nevadas-en-espana-los-modelos-meteorologicos-reniegan-de-la-primavera-1774137881136_1024.png\" width=\"1024\" height=\"720\" \/><\/a><\/p>\n","protected":false},"excerpt":{"rendered":"<p>Esperamos amanecer con nubes que van tender a sumir conforme vaiga avanzando la ma\u00f1ana. A partir del mediud\u00eda preven cielos poco nublos o inclusive estenaos en pr\u00e1cticamente tol Princip\u00e1u d&#8217;Asturies. A la fin de la tarde vamos reparar la presencia d&#8217;intervalos de nubes altes ensin importancia. La probabilid\u00e1 de precipitaciones va ser nula en tou [&hellip;]<\/p>\n","protected":false},"author":117,"featured_media":0,"comment_status":"closed","ping_status":"closed","sticky":false,"template":"","format":"standard","meta":{"footnotes":""},"categories":[5],"tags":[],"class_list":["post-69813","post","type-post","status-publish","format-standard","hentry","category-tiempu"],"_links":{"self":[{"href":"https:\/\/edublog.educastur.es\/ixuxu\/wp-json\/wp\/v2\/posts\/69813","targetHints":{"allow":["GET"]}}],"collection":[{"href":"https:\/\/edublog.educastur.es\/ixuxu\/wp-json\/wp\/v2\/posts"}],"about":[{"href":"https:\/\/edublog.educastur.es\/ixuxu\/wp-json\/wp\/v2\/types\/post"}],"author":[{"embeddable":true,"href":"https:\/\/edublog.educastur.es\/ixuxu\/wp-json\/wp\/v2\/users\/117"}],"replies":[{"embeddable":true,"href":"https:\/\/edublog.educastur.es\/ixuxu\/wp-json\/wp\/v2\/comments?post=69813"}],"version-history":[{"count":2,"href":"https:\/\/edublog.educastur.es\/ixuxu\/wp-json\/wp\/v2\/posts\/69813\/revisions"}],"predecessor-version":[{"id":69815,"href":"https:\/\/edublog.educastur.es\/ixuxu\/wp-json\/wp\/v2\/posts\/69813\/revisions\/69815"}],"wp:attachment":[{"href":"https:\/\/edublog.educastur.es\/ixuxu\/wp-json\/wp\/v2\/media?parent=69813"}],"wp:term":[{"taxonomy":"category","embeddable":true,"href":"https:\/\/edublog.educastur.es\/ixuxu\/wp-json\/wp\/v2\/categories?post=69813"},{"taxonomy":"post_tag","embeddable":true,"href":"https:\/\/edublog.educastur.es\/ixuxu\/wp-json\/wp\/v2\/tags?post=69813"}],"curies":[{"name":"wp","href":"https:\/\/api.w.org\/{rel}","templated":true}]}}