{"id":69825,"date":"2026-03-22T18:40:15","date_gmt":"2026-03-22T16:40:15","guid":{"rendered":"https:\/\/edublog.educastur.es\/ixuxu\/?p=69825"},"modified":"2026-03-23T10:49:31","modified_gmt":"2026-03-23T08:49:31","slug":"naz-la-joven-orquesta-de-asturias-pa-impulsar-el-talentu-musical-emerxente","status":"publish","type":"post","link":"https:\/\/edublog.educastur.es\/ixuxu\/2026\/03\/naz-la-joven-orquesta-de-asturias-pa-impulsar-el-talentu-musical-emerxente\/","title":{"rendered":"Naz la Joven Orquesta de Asturias"},"content":{"rendered":"<section id=\"noticia-texto\" class=\"pt-14\">\n<div class=\"w-full max-w-[1296px] mx-auto\">\n<div class=\"grid grid-cols-12 px-4 2xl:px-0\">\n<div class=\"col-span-10 lg:col-span-8 lg:col-start-3\">\n<div class=\"mb-6\">\n<p class=\"text-2xl font-bold font-serif leading-tight max-w-[65ch] mb-1.5\"><a href=\"https:\/\/www.rtpa.es\/noticias-sociedad-ast\/2026-03-22\/Naz-la-Joven-Orquesta-de-Asturias-pa-impulsar-el-talentu-musical-emerxente_111774206983.html\">Naz la Joven Orquesta de Asturias pa impulsar el talentu musical emerxente.<\/a><\/p>\n<\/div>\n<\/div>\n<div id=\"video-imagen\" class=\"col-span-12 lg:col-span-10 lg:col-start-2\">\n<div id=\"mediaplayer\">\n<div id=\"video-a-reproducir6317783419\" class=\"video-js vjs-default-skin vjs-16-9 vjs-big-play-centered vjs-paused vjs-fluid video-a-reproducir6317783419-dimensions vjs-controls-enabled vjs-workinghover vjs-v8 vjs-user-active vjs-layout-large vjs-hls-quality-selector\" lang=\"es\" role=\"region\" aria-label=\"Reproductor de Video\">\n<div class=\"vjs-poster\"><img decoding=\"async\" class=\"aligncenter\" src=\"https:\/\/www.rtpa.es\/fotos\/\/26\/03\/20260322201748_RTPA7875550.webp\" alt=\"\" \/><\/div>\n<\/div>\n<\/div>\n<\/div>\n<\/div>\n<\/div>\n<\/section>\n<section id=\"noticia-texto-2\" class=\"py-8 lg:pb-14\">\n<div class=\"w-full max-w-[1296px] mx-auto\">\n<div class=\"grid grid-cols-12 gap-6 px-4 2xl:px-0\">\n<div id=\"noticiacompleta\" class=\"col-span-12 lg:col-span-6 lg:col-start-3\">\n<div><\/div>\n<div class=\"flow rtpa-prose text-lg leading-tight mb-6\"><strong>El proyectu axunta a 27 nuevos int\u00e9rpretes y estr\u00e9nase en conciertu&#8217;l 1 d&#8217;abril n&#8217;Uvi\u00e9u.<\/strong><\/div>\n<div><!--more--><\/div>\n<div class=\"flow rtpa-prose text-base text-neutral-700\">\n<p>Naz la Joven Orquesta de Asturias, un proyectu impuls\u00e1u por dos m\u00fasicos mozos coles mires de convertise nun puntu d&#8217;alcuentru pal talentu mozu y contribuyir al impulsu de la m\u00fasica sinf\u00f3nica na rex\u00f3n.<\/p>\n<p>Pablo P\u00e9rez y Diego L\u00f3pez son los impulsores de la Joven Orquesta de Asturias, un proyectu musical que quier convertise nun puntu d&#8217;alcuentru abiertu, d&#8217;altu nivel art\u00edsticu y formativu, pa int\u00e9rpretes mozos na rex\u00f3n.<\/p>\n<p>Son y\u00e1 27 los m\u00fasicos que se xunieron a esta iniciativa y l&#8217;oxetivu ye dir creciendo pa poder encarar proyectos cada vez m\u00e1s ambiciosos y impulsar la m\u00fasica sinf\u00f3nica nel Princip\u00e1u.<\/p>\n<p>El pr\u00f3ximu 1 d&#8217;abril van dar el pistoletazu de salida con un conciertu inaugural de presentaci\u00f3n, na Ilesia de San Francisco d&#8217;As\u00eds n&#8217;Uvi\u00e9u.<\/p>\n<\/div>\n<\/div>\n<\/div>\n<\/div>\n<\/section>\n<p>&nbsp;<\/p>\n","protected":false},"excerpt":{"rendered":"<p>Naz la Joven Orquesta de Asturias pa impulsar el talentu musical emerxente. El proyectu axunta a 27 nuevos int\u00e9rpretes y estr\u00e9nase en conciertu&#8217;l 1 d&#8217;abril n&#8217;Uvi\u00e9u.<\/p>\n","protected":false},"author":117,"featured_media":0,"comment_status":"closed","ping_status":"closed","sticky":false,"template":"","format":"standard","meta":{"footnotes":""},"categories":[35],"tags":[],"class_list":["post-69825","post","type-post","status-publish","format-standard","hentry","category-musica"],"_links":{"self":[{"href":"https:\/\/edublog.educastur.es\/ixuxu\/wp-json\/wp\/v2\/posts\/69825","targetHints":{"allow":["GET"]}}],"collection":[{"href":"https:\/\/edublog.educastur.es\/ixuxu\/wp-json\/wp\/v2\/posts"}],"about":[{"href":"https:\/\/edublog.educastur.es\/ixuxu\/wp-json\/wp\/v2\/types\/post"}],"author":[{"embeddable":true,"href":"https:\/\/edublog.educastur.es\/ixuxu\/wp-json\/wp\/v2\/users\/117"}],"replies":[{"embeddable":true,"href":"https:\/\/edublog.educastur.es\/ixuxu\/wp-json\/wp\/v2\/comments?post=69825"}],"version-history":[{"count":2,"href":"https:\/\/edublog.educastur.es\/ixuxu\/wp-json\/wp\/v2\/posts\/69825\/revisions"}],"predecessor-version":[{"id":69831,"href":"https:\/\/edublog.educastur.es\/ixuxu\/wp-json\/wp\/v2\/posts\/69825\/revisions\/69831"}],"wp:attachment":[{"href":"https:\/\/edublog.educastur.es\/ixuxu\/wp-json\/wp\/v2\/media?parent=69825"}],"wp:term":[{"taxonomy":"category","embeddable":true,"href":"https:\/\/edublog.educastur.es\/ixuxu\/wp-json\/wp\/v2\/categories?post=69825"},{"taxonomy":"post_tag","embeddable":true,"href":"https:\/\/edublog.educastur.es\/ixuxu\/wp-json\/wp\/v2\/tags?post=69825"}],"curies":[{"name":"wp","href":"https:\/\/api.w.org\/{rel}","templated":true}]}}