{"id":69837,"date":"2026-03-23T13:19:22","date_gmt":"2026-03-23T11:19:22","guid":{"rendered":"https:\/\/edublog.educastur.es\/ixuxu\/?p=69837"},"modified":"2026-03-23T13:32:50","modified_gmt":"2026-03-23T11:32:50","slug":"the-asturianer-85-primavera","status":"publish","type":"post","link":"https:\/\/edublog.educastur.es\/ixuxu\/2026\/03\/the-asturianer-85-primavera\/","title":{"rendered":"The Asturianer 85: \u00abPrimavera\u00bb"},"content":{"rendered":"<p style=\"text-align: center\"><span class=\"x193iq5w xeuugli x13faqbe x1vvkbs x1xmvt09 x1lliihq x1s928wv xhkezso x1gmr53x x1cpjm7i x1fgarty x1943h6x xudqn12 x3x7a5m x1f6kntn xvq8zen xo1l8bm xzsf02u\" dir=\"auto\"><span class=\"x193iq5w xeuugli x13faqbe x1vvkbs xt0psk2 x1i0vuye xvs91rp xo1l8bm x5n08af x10wh9bi xpm28yp x8viiok x1o7cslx x126k92a\"><span class=\"html-span xexx8yu x4uap5 x18d9i69 xkhd6sd x1hl2dhg x16tdsg8 x1vvkbs x3nfvp2 x1j61x8r x1fcty0u xdj266r xat24cr xgzva0m xhhsvwb xxymvpz xlup9mm x1kky2od\">\n<!-- iframe plugin v.6.0 wordpress.org\/plugins\/iframe\/ -->\n<iframe loading=\"lazy\" src=\"https:\/\/www.instagram.com\/p\/DWN8HxiCMzL\/embed\" width=\"500\" height=\"570\" 0=\"\/iframe\" scrolling=\"yes\" class=\"iframe-class\" frameborder=\"0\"><\/iframe>\n<\/span><\/span><\/span><\/p>\n<p>Autora: ALICIA VARELA <a class=\"x1i10hfl xjbqb8w x1ejq31n x18oe1m7 x1sy0etr xstzfhl x972fbf x10w94by x1qhh985 x14e42zd x9f619 x1ypdohk xt0psk2 x3ct3a4 xdj266r x14z9mp xat24cr x1lziwak xexx8yu xyri2b x18d9i69 x1c1uobl x16tdsg8 x1hl2dhg xggy1nq x1a2a7pz notranslate _a6hd\" role=\"link\" href=\"https:\/\/www.instagram.com\/alicia_varela_\/\">@alicia_varela_<\/a><br \/>\nTestu: LETICIA S\u00c1NCHEZ RUIZ\u00a0 <a class=\"x1i10hfl xjbqb8w x1ejq31n x18oe1m7 x1sy0etr xstzfhl x972fbf x10w94by x1qhh985 x14e42zd x9f619 x1ypdohk xt0psk2 x3ct3a4 xdj266r x14z9mp xat24cr x1lziwak xexx8yu xyri2b x18d9i69 x1c1uobl x16tdsg8 x1hl2dhg xggy1nq x1a2a7pz notranslate _a6hd\" role=\"link\" href=\"https:\/\/www.instagram.com\/letisaurus\/\">@letisaurus<\/a><\/p>\n<p><span style=\"color: #008080\"><em><span style=\"font-size: 20px\">La primavera llega a Asturies como una promesa cumplida, un xuxuriu de lluz qu&#8217;espierta amodo la tierra. <\/span><\/em><\/span><span style=\"color: #008080\"><em><span style=\"font-size: 20px\">Ye&#8217;l tiempu en que tou paez renacer: los \u00e1rboles v\u00edstinse de verde, les flores aprucen en colores y l&#8217;aire enll\u00e9nase d&#8217;arumes frescos que conviden a alendar m\u00e1s fondu.<\/span><\/em><\/span><br \/>\n<!--more--><br \/>\n<span style=\"color: #008080;font-size: 20px\"><em>La mesma palabra \u201cprimavera\u201d zarra hestoria y tresformamientu. Nacida del llat\u00edn prima vera, \u201cl&#8217;empiezu del bon tiempu\u201d, reflexa esa sensaci\u00f3n universal d&#8217;entamu, d&#8217;estragal escontra daqu\u00e9 m\u00e1s lluminosu.<\/em><\/span><\/p>\n<p><span style=\"color: #008080;font-size: 20px\"><em>Nun ye solo una estaci\u00f3n, sin\u00f3n un est\u00e1u d&#8217;\u00e1nimu: una apertura, un impulsu vital que se manifiesta tantu na naturaleza como en quien la habiten.<\/em><\/span><\/p>\n<p><span style=\"color: #008080;font-size: 20px\"><em>Col encl\u00edn de la Tierra escontra&#8217;l Sol, la lluz gana terrenal y colla crez tami\u00e9n la nuesa enerx\u00eda. Apaez esa molici\u00f3n allegre, dacuando llamada \u201cfiebre de primavera\u201d, que nos emburria al camb\u00e9u. Ye como si&#8217;l cuerpu recordara, ensin palabres, que ye tiempu d&#8217;espansi\u00f3n.<\/em><\/span><\/p>\n<p><span style=\"color: #008080;font-size: 20px\"><em>Les primeres flores,pr\u00edmules, tulipanes, narcisos, non solo decoren el paisaxe, sin\u00f3n qu&#8217;anuncien que&#8217;l ciclu sigue, que la vida aportuna. Cada biltu ye una pequena victoria contra&#8217;l fr\u00edu pasao, una se\u00f1al de que siempres hai torna.<\/em><\/span><\/p>\n<p><span style=\"color: #008080;font-size: 20px\"><em>La primavera, a \u00faltima hora, nun ye nam\u00e1 una estaci\u00f3n del a\u00f1u: ye un recordatoriu constante de renovaci\u00f3n, d&#8217;equilibriu y d&#8217;esperanza. Un intre suspend\u00edu ente lo que foi y lo qu&#8217;empieza, onde la lluz, a lo \u00faltimo vuelve quedase.<\/em><\/span><\/p>\n<p><strong>Alicia Varela<\/strong> desenvuelve xuna s\u00f3lida trayectoria profesional collaborando con editoriales de lliteratura infantil y xuvenil tantu a nivel nacional como internacional. El so universu creativu esti\u00e9ndese a la ilustraci\u00f3n d&#8217;art\u00edculos de prensa, revistes y axencies de publicid\u00e1 de distintos pa\u00edses, onde&#8217;l so estilu resulta f\u00e1cilmente reconocible. El so trabayu, inspir\u00e1u na naturaleza y l&#8217;arte, dialoga col esp\u00edritu de renovaci\u00f3n y sensibilid\u00e1 que remembra la primavera.<\/p>\n<p><strong>Leticia Sanchez<\/strong> ye la escritora de novela negra m\u00e1s lluminosa que conocemos y la que meyor describe l&#8217;arcu iris y los colores que lu habiten.<\/p>\n<p><a class=\"x1i10hfl xjbqb8w x1ejq31n x18oe1m7 x1sy0etr xstzfhl x972fbf x10w94by x1qhh985 x14e42zd x9f619 x1ypdohk xt0psk2 x3ct3a4 xdj266r x14z9mp xat24cr x1lziwak xexx8yu xyri2b x18d9i69 x1c1uobl x16tdsg8 x1hl2dhg xggy1nq x1a2a7pz notranslate _a6hd\" role=\"link\" href=\"https:\/\/www.instagram.com\/theasturianer\/\">@theasturianer<\/a><br \/>\n<a class=\"x1i10hfl xjbqb8w x1ejq31n x18oe1m7 x1sy0etr xstzfhl x972fbf x10w94by x1qhh985 x14e42zd x9f619 x1ypdohk xt0psk2 x3ct3a4 xdj266r x14z9mp xat24cr x1lziwak xexx8yu xyri2b x18d9i69 x1c1uobl x16tdsg8 x1hl2dhg xggy1nq x1a2a7pz _aa9_ _a6hd\" role=\"link\" href=\"https:\/\/www.instagram.com\/explore\/tags\/coverilustracion\/\">#coverilustracion<\/a><br \/>\n<a class=\"x1i10hfl xjbqb8w x1ejq31n x18oe1m7 x1sy0etr xstzfhl x972fbf x10w94by x1qhh985 x14e42zd x9f619 x1ypdohk xt0psk2 x3ct3a4 xdj266r x14z9mp xat24cr x1lziwak xexx8yu xyri2b x18d9i69 x1c1uobl x16tdsg8 x1hl2dhg xggy1nq x1a2a7pz _aa9_ _a6hd\" role=\"link\" href=\"https:\/\/www.instagram.com\/explore\/tags\/ilustradorasasturianas\/\">#ilustradorasasturianas<\/a><\/p>\n","protected":false},"excerpt":{"rendered":"<p>Autora: ALICIA VARELA @alicia_varela_ Testu: LETICIA S\u00c1NCHEZ RUIZ\u00a0 @letisaurus La primavera llega a Asturies como una promesa cumplida, un xuxuriu de lluz qu&#8217;espierta amodo la tierra. Ye&#8217;l tiempu en que tou paez renacer: los \u00e1rboles v\u00edstinse de verde, les flores aprucen en colores y l&#8217;aire enll\u00e9nase d&#8217;arumes frescos que conviden a alendar m\u00e1s fondu.<\/p>\n","protected":false},"author":117,"featured_media":0,"comment_status":"closed","ping_status":"closed","sticky":false,"template":"","format":"standard","meta":{"footnotes":""},"categories":[49],"tags":[],"class_list":["post-69837","post","type-post","status-publish","format-standard","hentry","category-revistes"],"_links":{"self":[{"href":"https:\/\/edublog.educastur.es\/ixuxu\/wp-json\/wp\/v2\/posts\/69837","targetHints":{"allow":["GET"]}}],"collection":[{"href":"https:\/\/edublog.educastur.es\/ixuxu\/wp-json\/wp\/v2\/posts"}],"about":[{"href":"https:\/\/edublog.educastur.es\/ixuxu\/wp-json\/wp\/v2\/types\/post"}],"author":[{"embeddable":true,"href":"https:\/\/edublog.educastur.es\/ixuxu\/wp-json\/wp\/v2\/users\/117"}],"replies":[{"embeddable":true,"href":"https:\/\/edublog.educastur.es\/ixuxu\/wp-json\/wp\/v2\/comments?post=69837"}],"version-history":[{"count":2,"href":"https:\/\/edublog.educastur.es\/ixuxu\/wp-json\/wp\/v2\/posts\/69837\/revisions"}],"predecessor-version":[{"id":69882,"href":"https:\/\/edublog.educastur.es\/ixuxu\/wp-json\/wp\/v2\/posts\/69837\/revisions\/69882"}],"wp:attachment":[{"href":"https:\/\/edublog.educastur.es\/ixuxu\/wp-json\/wp\/v2\/media?parent=69837"}],"wp:term":[{"taxonomy":"category","embeddable":true,"href":"https:\/\/edublog.educastur.es\/ixuxu\/wp-json\/wp\/v2\/categories?post=69837"},{"taxonomy":"post_tag","embeddable":true,"href":"https:\/\/edublog.educastur.es\/ixuxu\/wp-json\/wp\/v2\/tags?post=69837"}],"curies":[{"name":"wp","href":"https:\/\/api.w.org\/{rel}","templated":true}]}}