{"id":69845,"date":"2026-03-01T08:55:36","date_gmt":"2026-03-01T06:55:36","guid":{"rendered":"https:\/\/edublog.educastur.es\/ixuxu\/?p=69845"},"modified":"2026-03-23T11:16:30","modified_gmt":"2026-03-23T09:16:30","slug":"marzu-un-bon-mes-para-ver-aurores-boreales-nasturies","status":"publish","type":"post","link":"https:\/\/edublog.educastur.es\/ixuxu\/2026\/03\/marzu-un-bon-mes-para-ver-aurores-boreales-nasturies\/","title":{"rendered":"Marzu, un bon mes para ver aurores boreales n&#8217;Asturies"},"content":{"rendered":"<header class=\"ft-layout-grid-flex__colXs-12 ft-layout-grid-flex__rowAddsGutter-0\">Marzu, un bon mes para ver aurores boreales n&#8217;Asturies: la gu\u00eda con conseyos y los meyores enclaves.\u00a0 \u00abVas a un sitiu a los cuatro de la ma\u00f1ana y ves ende a xente faciendo semeyes y posiblemente s\u00eda un grupu d&#8217;estranxeros, valoren m\u00e1s fotogr\u00e1ficamente los nuesos paisaxes\u00bb, diz el fot\u00f3grafu asturianu Alfonso Tom\u00e1s. <span class=\"css-1jxf684 r-dnmrzs r-1udh08x r-1udbk01 r-3s2u2q r-bcqeeo r-1ttztb7 r-qvutc0 r-poiln3\"><span class=\"css-1jxf684 r-bcqeeo r-1ttztb7 r-qvutc0 r-poiln3\"><strong>Alfonso Tom\u00e1s<\/strong> \/ <\/span><\/span><a href=\"https:\/\/x.com\/AlfonsoTomas_1\">@AlfonsoTomas_1<\/a><\/p>\n<p>&nbsp;<\/p>\n<\/header>\n<div class=\"ft-layout-grid-flex__colXs-12 ft-layout-grid-flex__colSm-7 ft-layout-grid-flex__colMd-8\">\n<div class=\"ft-mol-multimedia\">\n<div class=\"ft-mol-multimedia__container\">\n<div id=\"video_127870137\" class=\"ft-mol-multimedia__video\" role=\"picture\" data-actas=\"video\" data-video-ad-config=\"{\n  &quot;admessage&quot;: &quot;El anuncio terminar\u00e1 en xx s&quot;,\n  &quot;adscheduleid&quot;: &quot;WCsW6FRA&quot;,\n  &quot;client&quot;: &quot;googima&quot;,\n  &quot;cuetext&quot;: &quot;Anuncio&quot;,\n  &quot;schedule&quot;: [\n    {\n      &quot;offset&quot;: &quot;pre&quot;,\n      &quot;tag&quot;: &quot;https:\/\/pubads.g.doubleclick.net\/gampad\/ads?sz=640x360|640x480|480x360|480x361|480x70|300x50&amp;iu=\/138855687\/nacional-lne\/lne-generico\/vc&amp;ciu_szs=1x1,728x90,970x90,980x90,970x250,980x250,620x72,300x250,300x600,980x45,320x50,320x100&amp;impl=s&amp;cust_params=p%3Dcpm_preroll%26plcmt%3D1%26page%3D127870137%26tagepi%3Dasturias%26compliant%3Dyes%26tipo-video%3Dpropios_redaccion%26tipopagina%3Dnoticia&amp;gdfp_req=1&amp;env=vp&amp;ad_rule=0&amp;output=vast&amp;vpos=preroll&amp;plcmt=1&amp;vpmute=0&amp;unviewed_position_start=1&amp;url=https:\/\/cdn.jwplayer.com\/manifests\/mySIeTJV.m3u8&amp;description_url=https:\/\/cdn.jwplayer.com\/manifests\/mySIeTJV.m3u8&amp;gdpr=__gdpr__&amp;gdpr_consent=__gdpr_consent__&amp;correlator=__random-number__&quot;,\n      &quot;type&quot;: &quot;linear&quot;\n    },\n    {\n      &quot;offset&quot;: &quot;post&quot;,\n      &quot;tag&quot;: &quot;https:\/\/pubads.g.doubleclick.net\/gampad\/ads?sz=640x360|640x480|480x360|480x361|480x70|300x50&amp;iu=\/138855687\/nacional-lne\/lne-generico\/vc&amp;ciu_szs=1x1,728x90,970x90,980x90,970x250,980x250,620x72,300x250,300x600,980x45,320x50,320x100&amp;impl=s&amp;cust_params=p%3Dcpm_preroll%26plcmt%3D1%26page%3D127870137%26tagepi%3Dasturias%26compliant%3Dyes%26tipo-video%3Dpropios_redaccion%26tipopagina%3Dnoticia&amp;gdfp_req=1&amp;env=vp&amp;ad_rule=0&amp;output=vast&amp;vpos=postroll&amp;plcmt=1&amp;vpmute=0&amp;unviewed_position_start=1&amp;url=https:\/\/cdn.jwplayer.com\/manifests\/mySIeTJV.m3u8&amp;description_url=https:\/\/cdn.jwplayer.com\/manifests\/mySIeTJV.m3u8&amp;gdpr=__gdpr__&amp;gdpr_consent=__gdpr_consent__&amp;correlator=__random-number__&quot;,\n      &quot;type&quot;: &quot;linear&quot;\n    }\n  ],\n  &quot;skipmessage&quot;: &quot;Saltar en xx s&quot;,\n  &quot;vpaidcontrols&quot;: true,\n  &quot;vpaidmode&quot;: &quot;insecure&quot;\n}\" data-video-file=\"\" data-video-manualplay-android=\"\" data-video-fullscreen-android=\"\" data-video-manualplay-ios=\"\" data-video-nopreview-ios=\"\" data-video-title=\"Marzo, un buen mes para ver auroras boreales en Asturias: la gu\u00eda con consejos y los mejores enclaves\" data-video-id=\"127870137\" data-video-image=\"https:\/\/estaticos-cdn.prensaiberica.es\/clip\/39060d90-47e0-4b39-be47-44848c62a48e_16-9-discover-aspect-ratio_default_0_x1024y455.jpg\" data-video-sources=\"[{&quot;file&quot;:&quot;https:\/\/cdn.jwplayer.com\/manifests\/mySIeTJV.m3u8&quot;},{&quot;file&quot;:&quot;https:\/\/cdn.jwplayer.com\/manifests\/mySIeTJV.m3u8&quot;},{&quot;file&quot;:&quot;https:\/\/cdn.jwplayer.com\/manifests\/mySIeTJV.m3u8&quot;}]\" data-video-secure=\"false\" data-aida-image=\"\"><img loading=\"lazy\" decoding=\"async\" class=\"ft-helper-img-rd\" src=\"https:\/\/estaticos-cdn.prensaiberica.es\/clip\/39060d90-47e0-4b39-be47-44848c62a48e_16-9-discover-aspect-ratio_default_0_x1024y455.jpg\" alt=\"Marzo, un buen mes para ver auroras boreales en Asturias: la gu\u00eda con consejos y los mejores enclaves\" width=\"1200\" height=\"675\" \/><\/p>\n<div class=\"ft-mol-multimedia__footer\">\n<div class=\"ft-mol-multimedia__footerIcon\">\n<p>&nbsp;<\/p>\n<p>Les aurores boreales son unu de los fen\u00f3menos naturales m\u00e1s atanantes. Cada vez m\u00e1s persones an\u00edmense a faer viaxes a Laponia o Alaska coles mires de ver y fotografiar esti espect\u00e1culu de lluz y color. Anque ye m\u00e1s senciellu veles pel hibiernu (nueches m\u00e1s llargues y escures), l&#8217;equinocciu de primavera y la particular activid\u00e1 solar que va tener llugar angua\u00f1o neses feches va faer posible qu&#8217;estes puedan guardase nesti mes de marzu.<\/p>\n<p>Sicas\u00ed, nun va ser necesariu viaxar a la otra punta del mundu para llograr una bona instant\u00e1nea, va ser posible veles n&#8217;Espa\u00f1a y, concretamente, n&#8217;Asturies, unu de los meyores enclaves para esfrutar d&#8217;elles. Y\u00e1&#8217;l pas\u00e1u xineru foi posible y paez que se va a poder repitir la ocasi\u00f3n. Pero cuid\u00e1u, si nun hai activid\u00e1 solar suficiente igual nun ye posible. La naturaleza ye asina de caprichosa.<\/p>\n<\/div>\n<\/div>\n<\/div>\n<\/div>\n<\/div>\n<div class=\"ft-layout-grid-flex__nested ft-layout-grid-flex__nestedGutter-0\">\n<div class=\"ft-layout-grid-flex__colXs-12 ft-layout-grid-flex__colSm-11\" data-aida-text=\"\">\n<div class=\"ft-helper-closenews-all\" data-nosnippet=\"\" data-id=\"closeContentContainer\">\n<p class=\"ft-text ft-helper-align-justify\">\n<\/div>\n<\/div>\n<\/div>\n<\/div>\n<p><!--more--><\/p>\n","protected":false},"excerpt":{"rendered":"<p>Marzu, un bon mes para ver aurores boreales n&#8217;Asturies: la gu\u00eda con conseyos y los meyores enclaves.\u00a0 \u00abVas a un sitiu a los cuatro de la ma\u00f1ana y ves ende a xente faciendo semeyes y posiblemente s\u00eda un grupu d&#8217;estranxeros, valoren m\u00e1s fotogr\u00e1ficamente los nuesos paisaxes\u00bb, diz el fot\u00f3grafu asturianu Alfonso Tom\u00e1s. Alfonso Tom\u00e1s \/ [&hellip;]<\/p>\n","protected":false},"author":117,"featured_media":0,"comment_status":"closed","ping_status":"closed","sticky":false,"template":"","format":"standard","meta":{"footnotes":""},"categories":[223],"tags":[],"class_list":["post-69845","post","type-post","status-publish","format-standard","hentry","category-astronomia"],"_links":{"self":[{"href":"https:\/\/edublog.educastur.es\/ixuxu\/wp-json\/wp\/v2\/posts\/69845","targetHints":{"allow":["GET"]}}],"collection":[{"href":"https:\/\/edublog.educastur.es\/ixuxu\/wp-json\/wp\/v2\/posts"}],"about":[{"href":"https:\/\/edublog.educastur.es\/ixuxu\/wp-json\/wp\/v2\/types\/post"}],"author":[{"embeddable":true,"href":"https:\/\/edublog.educastur.es\/ixuxu\/wp-json\/wp\/v2\/users\/117"}],"replies":[{"embeddable":true,"href":"https:\/\/edublog.educastur.es\/ixuxu\/wp-json\/wp\/v2\/comments?post=69845"}],"version-history":[{"count":1,"href":"https:\/\/edublog.educastur.es\/ixuxu\/wp-json\/wp\/v2\/posts\/69845\/revisions"}],"predecessor-version":[{"id":69846,"href":"https:\/\/edublog.educastur.es\/ixuxu\/wp-json\/wp\/v2\/posts\/69845\/revisions\/69846"}],"wp:attachment":[{"href":"https:\/\/edublog.educastur.es\/ixuxu\/wp-json\/wp\/v2\/media?parent=69845"}],"wp:term":[{"taxonomy":"category","embeddable":true,"href":"https:\/\/edublog.educastur.es\/ixuxu\/wp-json\/wp\/v2\/categories?post=69845"},{"taxonomy":"post_tag","embeddable":true,"href":"https:\/\/edublog.educastur.es\/ixuxu\/wp-json\/wp\/v2\/tags?post=69845"}],"curies":[{"name":"wp","href":"https:\/\/api.w.org\/{rel}","templated":true}]}}