{"id":69865,"date":"2026-03-20T11:51:18","date_gmt":"2026-03-20T09:51:18","guid":{"rendered":"https:\/\/edublog.educastur.es\/ixuxu\/?p=69865"},"modified":"2026-03-23T11:54:06","modified_gmt":"2026-03-23T09:54:06","slug":"69865","status":"publish","type":"post","link":"https:\/\/edublog.educastur.es\/ixuxu\/2026\/03\/69865\/","title":{"rendered":"Baille\u2019l pa\u00eds y asturianada d\u2019occidente a oriente"},"content":{"rendered":"<p><span class=\"x193iq5w xeuugli x13faqbe x1vvkbs x1xmvt09 x1lliihq x1s928wv xhkezso x1gmr53x x1cpjm7i x1fgarty x1943h6x xudqn12 x3x7a5m x1f6kntn xvq8zen xo1l8bm xzsf02u x1yc453h\" dir=\"auto\">La m\u00fasica tradicional xorrez esti vienres, s\u00e1badu y domingu dende Cuideiru hasta Pilo\u00f1a, con protagonismu del baille asturianu y la tonada t<span class=\"html-span xexx8yu xyri2b x18d9i69 x1c1uobl x1hl2dhg x16tdsg8 x1vvkbs x3nfvp2 x1j61x8r x1fcty0u xdj266r xat24cr xm2jcoa x1mpyi22 xxymvpz xlup9mm x1kky2od\"><img loading=\"lazy\" decoding=\"async\" class=\"xz74otr x15mokao x1ga7v0g x16uus16 xbiv7yw\" src=\"https:\/\/static.xx.fbcdn.net\/images\/emoji.php\/v9\/t8e\/1\/16\/1f941.png\" alt=\"\ud83e\udd41\" width=\"16\" height=\"16\" \/><\/span> <span class=\"html-span xdj266r x14z9mp xat24cr x1lziwak xexx8yu xyri2b x18d9i69 x1c1uobl x1hl2dhg x16tdsg8 x1vvkbs\"><a class=\"x1i10hfl xjbqb8w x1ejq31n x18oe1m7 x1sy0etr xstzfhl x972fbf x10w94by x1qhh985 x14e42zd x9f619 x1ypdohk xt0psk2 x3ct3a4 xdj266r x14z9mp xat24cr x1lziwak xexx8yu xyri2b x18d9i69 x1c1uobl x16tdsg8 x1hl2dhg xggy1nq x1a2a7pz xkrqix3 x1sur9pj x1fey0fg x1s688f\" role=\"link\" href=\"https:\/\/www.facebook.com\/profile.php?id=61560343959992&amp;__cft__[0]=AZa70SzfKw0Ki66r8Ree_n9_mhyAJ4_XiZzexbPdL1Vg2Y6cc7j1GBslgk55oPArWp2uRsO8pMmYgJmnQ_a-NCcjTsrPDJvvgxU4f-fdw0IyAFoDcRYdqdDbKE4YldfTneGQvA2IlgG9gDIPLTXkLYxXk5dHT1iZZOWCKvcbJaRKuyReDsW_k_F4KdsWvy0Y7jYSwLXzCG-C1jVJAPjKGdG6&amp;__tn__=-]K-y-R\"><span class=\"xt0psk2\"><span class=\"xjp7ctv\">Ardur\u00edu pixuatu, folclore de Cudillero<\/span><\/span><\/a><\/span> entama la &#8216;I Muestra Folcl\u00f3rica&#8217;, <span class=\"html-span xdj266r x14z9mp xat24cr x1lziwak xexx8yu xyri2b x18d9i69 x1c1uobl x1hl2dhg x16tdsg8 x1vvkbs\"><a class=\"x1i10hfl xjbqb8w x1ejq31n x18oe1m7 x1sy0etr xstzfhl x972fbf x10w94by x1qhh985 x14e42zd x9f619 x1ypdohk xt0psk2 x3ct3a4 xdj266r x14z9mp xat24cr x1lziwak xexx8yu xyri2b x18d9i69 x1c1uobl x16tdsg8 x1hl2dhg xggy1nq x1a2a7pz xkrqix3 x1sur9pj x1fey0fg x1s688f\" role=\"link\" href=\"https:\/\/www.facebook.com\/profile.php?id=100051181520137&amp;__cft__[0]=AZa70SzfKw0Ki66r8Ree_n9_mhyAJ4_XiZzexbPdL1Vg2Y6cc7j1GBslgk55oPArWp2uRsO8pMmYgJmnQ_a-NCcjTsrPDJvvgxU4f-fdw0IyAFoDcRYdqdDbKE4YldfTneGQvA2IlgG9gDIPLTXkLYxXk5dHT1iZZOWCKvcbJaRKuyReDsW_k_F4KdsWvy0Y7jYSwLXzCG-C1jVJAPjKGdG6&amp;__tn__=-]K-y-R\"><span class=\"xt0psk2\"><span class=\"xjp7ctv\">Xar\u00e9u D Ochobre Aviles<\/span><\/span><\/a><\/span> el &#8216;Festival Infantil de Baile&#8217; y en <span class=\"html-span xdj266r x14z9mp xat24cr x1lziwak xexx8yu xyri2b x18d9i69 x1c1uobl x1hl2dhg x16tdsg8 x1vvkbs\"><a class=\"x1i10hfl xjbqb8w x1ejq31n x18oe1m7 x1sy0etr xstzfhl x972fbf x10w94by x1qhh985 x14e42zd x9f619 x1ypdohk xt0psk2 x3ct3a4 xdj266r x14z9mp xat24cr x1lziwak xexx8yu xyri2b x18d9i69 x1c1uobl x16tdsg8 x1hl2dhg xggy1nq x1a2a7pz xkrqix3 x1sur9pj x1fey0fg x1s688f\" role=\"link\" href=\"https:\/\/www.facebook.com\/profile.php?id=61586624142363&amp;__cft__[0]=AZa70SzfKw0Ki66r8Ree_n9_mhyAJ4_XiZzexbPdL1Vg2Y6cc7j1GBslgk55oPArWp2uRsO8pMmYgJmnQ_a-NCcjTsrPDJvvgxU4f-fdw0IyAFoDcRYdqdDbKE4YldfTneGQvA2IlgG9gDIPLTXkLYxXk5dHT1iZZOWCKvcbJaRKuyReDsW_k_F4KdsWvy0Y7jYSwLXzCG-C1jVJAPjKGdG6&amp;__tn__=-]K-y-R\"><span class=\"xt0psk2\"><span class=\"xjp7ctv\">Chigre La Mal\u00e9fica<\/span><\/span><\/a><\/span> act\u00faen Lolo Cabranes y Fonsu Les Regueres.<\/span> <a href=\"https:\/\/musicasturiana.com\/baillel-pais-y-asturianada-doccidente-a-oriente\/?fbclid=IwY2xjawQt7HRleHRuA2FlbQIxMQBzcnRjBmFwcF9pZBAyMjIwMzkxNzg4MjAwODkyAAEecXRPlX7nZCI11ndRPvu-7v-dtaVzHPnAaNqBEgB8SoYu37UADjjFyxVB8BY_aem_mfYheBWUE1ywAr6FK0O0kw\">Musicasturiana.com<\/a><\/p>\n<p style=\"text-align: center\"><a href=\"https:\/\/musicasturiana.com\/wp-content\/uploads\/2026\/03\/semeya-vieya-baille-y-gaita.jpg\"><img loading=\"lazy\" decoding=\"async\" class=\"aligncenter size-large\" src=\"https:\/\/musicasturiana.com\/wp-content\/uploads\/2026\/03\/semeya-vieya-baille-y-gaita.jpg\" width=\"1200\" height=\"600\" \/><\/a><!--more--><\/p>\n<p>La<strong> m\u00fasica tradicional<\/strong> xorrez esti <strong>vienres, s\u00e1badu y domingu<\/strong> dende <strong>Cuideiru hasta Pilo\u00f1a<\/strong>, con protagonismu del baille asturianu y la tonada. El<strong> Chigre La Mal\u00e9fica<\/strong> de L\u2019Infiestu sigue programando asturianada en collaboraci\u00f3n con <strong>AICA <\/strong>(Asociaci\u00f3n d\u2019Int\u00e9rpretes de Canci\u00f3n Asturiana) y esti vienres 20 a les 20h act\u00faen Lolo Cabranes a la voz y Fonsu Les Regueres a la gaita.<strong> Lolo Cabranes <\/strong>(1954) tien participao nuna montonera concursos, algamando los primeros premios en dellos; <strong>Fonsu Regueres <\/strong>(1971) ye docente, coleccionista de gaites vieyes y participa activamente en llabores d\u2019investigaci\u00f3n y divulgaci\u00f3n del instrumentu.<\/p>\n<p style=\"text-align: center\"><a href=\"https:\/\/musicasturiana.com\/wp-content\/uploads\/2026\/03\/image-5.png\"><img loading=\"lazy\" decoding=\"async\" class=\"aligncenter size-large\" src=\"https:\/\/musicasturiana.com\/wp-content\/uploads\/2026\/03\/image-5.png\" width=\"731\" height=\"985\" \/><\/a><\/p>\n<p>Per otru llau, el s\u00e1badu 21 a les 12h l\u2019agrupaci\u00f3n de folklore de Cuideiru<strong> Arduriu Pixuatu<\/strong> entama la <em><strong>I Muestra Folkl\u00f3rica<\/strong><\/em>. Nella van partcipar los grupos <strong>Brisas de Aguilar<\/strong> (Muros de Nal\u00f3n),<strong> La Folixa<\/strong> (Carre\u00f1o) y<strong> La Hedra <\/strong>(Uvi\u00e9u) nuna xornada na que va haber desfile de toles agrupaciones y bailles na plaza de San Pedro.<\/p>\n<p>La programaci\u00f3n rellacionada col baille\u2019l pa\u00eds z\u00e1rrase\u2019l domingu 22 a les 17.30h col <strong><em>Festival Infantil de Baile<\/em> <\/strong>qu\u2019organiza <strong>Xar\u00e9u d\u2019Ochobre<\/strong> y que presenten como \u00abun alcuentru pens\u00e1u pa que la nuestra<strong> reciella seya la verdadera protagonista<\/strong>: compartiendo escenariu, folclore y momentos inolvidables con otros ne\u00f1os y ne\u00f1es que, como ellos, caltienen viva la nuestra cultura\u00bb. \u00ab<strong>La cantera ye\u2019l coraz\u00f3n de cualquier grupu folcl\u00f3ricu<\/strong>\u00ab, a\u00f1ade esta agrupaci\u00f3n sobre l\u2019eventu qu\u2019entama nel parque de <strong>Bustiello<\/strong>, n\u2019Avil\u00e9s.<\/p>\n<div class=\"wp-block-spacer\" aria-hidden=\"true\"><\/div>\n<figure class=\"wp-block-image aligncenter size-full is-resized\"><a href=\"https:\/\/musicasturiana.com\/wp-content\/uploads\/2026\/03\/image-6.png\"><img loading=\"lazy\" decoding=\"async\" class=\"wp-image-48874\" src=\"https:\/\/musicasturiana.com\/wp-content\/uploads\/2026\/03\/image-6.png\" alt=\"\" width=\"780\" height=\"977\" \/><\/a><\/figure>\n","protected":false},"excerpt":{"rendered":"<p>La m\u00fasica tradicional xorrez esti vienres, s\u00e1badu y domingu dende Cuideiru hasta Pilo\u00f1a, con protagonismu del baille asturianu y la tonada t Ardur\u00edu pixuatu, folclore de Cudillero entama la &#8216;I Muestra Folcl\u00f3rica&#8217;, Xar\u00e9u D Ochobre Aviles el &#8216;Festival Infantil de Baile&#8217; y en Chigre La Mal\u00e9fica act\u00faen Lolo Cabranes y Fonsu Les Regueres. Musicasturiana.com<\/p>\n","protected":false},"author":117,"featured_media":0,"comment_status":"closed","ping_status":"closed","sticky":false,"template":"","format":"standard","meta":{"footnotes":""},"categories":[425,35,125],"tags":[],"class_list":["post-69865","post","type-post","status-publish","format-standard","hentry","category-gaita","category-musica","category-musicasturiana-com"],"_links":{"self":[{"href":"https:\/\/edublog.educastur.es\/ixuxu\/wp-json\/wp\/v2\/posts\/69865","targetHints":{"allow":["GET"]}}],"collection":[{"href":"https:\/\/edublog.educastur.es\/ixuxu\/wp-json\/wp\/v2\/posts"}],"about":[{"href":"https:\/\/edublog.educastur.es\/ixuxu\/wp-json\/wp\/v2\/types\/post"}],"author":[{"embeddable":true,"href":"https:\/\/edublog.educastur.es\/ixuxu\/wp-json\/wp\/v2\/users\/117"}],"replies":[{"embeddable":true,"href":"https:\/\/edublog.educastur.es\/ixuxu\/wp-json\/wp\/v2\/comments?post=69865"}],"version-history":[{"count":3,"href":"https:\/\/edublog.educastur.es\/ixuxu\/wp-json\/wp\/v2\/posts\/69865\/revisions"}],"predecessor-version":[{"id":69868,"href":"https:\/\/edublog.educastur.es\/ixuxu\/wp-json\/wp\/v2\/posts\/69865\/revisions\/69868"}],"wp:attachment":[{"href":"https:\/\/edublog.educastur.es\/ixuxu\/wp-json\/wp\/v2\/media?parent=69865"}],"wp:term":[{"taxonomy":"category","embeddable":true,"href":"https:\/\/edublog.educastur.es\/ixuxu\/wp-json\/wp\/v2\/categories?post=69865"},{"taxonomy":"post_tag","embeddable":true,"href":"https:\/\/edublog.educastur.es\/ixuxu\/wp-json\/wp\/v2\/tags?post=69865"}],"curies":[{"name":"wp","href":"https:\/\/api.w.org\/{rel}","templated":true}]}}