{"id":69869,"date":"2026-03-21T18:30:09","date_gmt":"2026-03-21T16:30:09","guid":{"rendered":"https:\/\/edublog.educastur.es\/ixuxu\/?p=69869"},"modified":"2026-03-23T11:55:51","modified_gmt":"2026-03-23T09:55:51","slug":"el-folk-asturianu-nel-conservatoriu-duvieu","status":"publish","type":"post","link":"https:\/\/edublog.educastur.es\/ixuxu\/2026\/03\/el-folk-asturianu-nel-conservatoriu-duvieu\/","title":{"rendered":"El folk asturianu, nel Conservatoriu d\u2019Uvi\u00e9u"},"content":{"rendered":"<div class=\"elementor-element elementor-element-00f4678 elementor-widget__width-inherit elementor-widget elementor-widget-theme-post-excerpt\" data-id=\"00f4678\" data-element_type=\"widget\" data-e-type=\"widget\" data-widget_type=\"theme-post-excerpt.default\">\n<div class=\"elementor-widget-container\">\u00abLa sesi\u00f3n folk: una gu\u00eda pa principantes\u00bb ye la charra que va dar l&#8217;asociaci\u00f3n Caric\u00f3s el 24 de marzu nel Conservatoriu Profesional de M\u00fasica. <a href=\"https:\/\/musicasturiana.com\/el-folk-asturianu-nel-conservatoriu\/\">Musicasturiana.com\u00a0<\/a><\/div>\n<div style=\"text-align: center\"><a href=\"https:\/\/musicasturiana.com\/wp-content\/uploads\/2026\/03\/sesion-recursu-folk.jpg\"><img loading=\"lazy\" decoding=\"async\" class=\"aligncenter \" src=\"https:\/\/musicasturiana.com\/wp-content\/uploads\/2026\/03\/sesion-recursu-folk.jpg\" width=\"759\" height=\"379\" \/><\/a><\/div>\n<\/div>\n<p><!--more--><\/p>\n<div class=\"elementor-element elementor-element-a767a8c elementor-widget__width-inherit elementor-widget elementor-widget-theme-post-content\" data-id=\"a767a8c\" data-element_type=\"widget\" data-e-type=\"widget\" data-widget_type=\"theme-post-content.default\">\n<div class=\"elementor-widget-container\">\n<p>El martes 24 de marzu de 17.45h a 20h <strong>Celia Nieto, Pablo Fern\u00e1ndez y Marta Fern\u00e1ndez<\/strong>, miembros de la <strong>Xunta Cultural Caric\u00f3s <\/strong>van tar nes <strong>Xornaes Culturales del Conservatoriu Profesional de M\u00fasica \u00abAnselmo Gonz\u00e1lez del Valle\u00bb <\/strong>d\u2019Uvi\u00e9u.\u00a0<em><strong>La sesi\u00f3n folk: una gu\u00eda para principiantes<\/strong> <\/em>ye la propuesta d\u2019esta<a href=\"https:\/\/musicasturiana.com\/tien-de-haber-y-hai-relevu-pero-nos-queremos-mas-entrevista-a-caricos\/\" target=\"_blank\" rel=\"noreferrer noopener\"> asociaci\u00f3n creada hai un a\u00f1u<\/a>; una <strong>charra participativa<\/strong> que pretende tornase nun averamientu al ecosistema de les sesiones folk, revisando les sos <strong>din\u00e1miques<\/strong>, el so <strong>repertoriu <\/strong>y los <strong>principales conceptos<\/strong> venceyaos a la m\u00fasica tradicional.<\/p>\n<p>Na activid\u00e1 va afondase nel repertoriu habitual d\u2019estes sesiones, amosando <strong>pieces que quiciabes nun son conoc\u00edes pa los oyentes del Conservatoriu<\/strong> y buscando <strong>potenciar que los participantes s\u2019axunten pa tocar m\u00fasica<\/strong> de mou informal y compart\u00edu.<\/p>\n<p>Anque esta ye la <strong>primer vegada <\/strong>que Caric\u00f3s fai una charra d\u2019esti calter, l\u2019asociaci\u00f3n apuesta por <strong>poner en valor la socializaci\u00f3n al travi\u00e9s de la m\u00fasica tradicional <\/strong>y esperen poder <strong>repetila nun futuru n\u2019otros espacios<\/strong>.<\/p>\n<\/div>\n<\/div>\n<p>&nbsp;<\/p>\n","protected":false},"excerpt":{"rendered":"<p>\u00abLa sesi\u00f3n folk: una gu\u00eda pa principantes\u00bb ye la charra que va dar l&#8217;asociaci\u00f3n Caric\u00f3s el 24 de marzu nel Conservatoriu Profesional de M\u00fasica. Musicasturiana.com\u00a0<\/p>\n","protected":false},"author":117,"featured_media":0,"comment_status":"closed","ping_status":"closed","sticky":false,"template":"","format":"standard","meta":{"footnotes":""},"categories":[35,125],"tags":[],"class_list":["post-69869","post","type-post","status-publish","format-standard","hentry","category-musica","category-musicasturiana-com"],"_links":{"self":[{"href":"https:\/\/edublog.educastur.es\/ixuxu\/wp-json\/wp\/v2\/posts\/69869","targetHints":{"allow":["GET"]}}],"collection":[{"href":"https:\/\/edublog.educastur.es\/ixuxu\/wp-json\/wp\/v2\/posts"}],"about":[{"href":"https:\/\/edublog.educastur.es\/ixuxu\/wp-json\/wp\/v2\/types\/post"}],"author":[{"embeddable":true,"href":"https:\/\/edublog.educastur.es\/ixuxu\/wp-json\/wp\/v2\/users\/117"}],"replies":[{"embeddable":true,"href":"https:\/\/edublog.educastur.es\/ixuxu\/wp-json\/wp\/v2\/comments?post=69869"}],"version-history":[{"count":1,"href":"https:\/\/edublog.educastur.es\/ixuxu\/wp-json\/wp\/v2\/posts\/69869\/revisions"}],"predecessor-version":[{"id":69870,"href":"https:\/\/edublog.educastur.es\/ixuxu\/wp-json\/wp\/v2\/posts\/69869\/revisions\/69870"}],"wp:attachment":[{"href":"https:\/\/edublog.educastur.es\/ixuxu\/wp-json\/wp\/v2\/media?parent=69869"}],"wp:term":[{"taxonomy":"category","embeddable":true,"href":"https:\/\/edublog.educastur.es\/ixuxu\/wp-json\/wp\/v2\/categories?post=69869"},{"taxonomy":"post_tag","embeddable":true,"href":"https:\/\/edublog.educastur.es\/ixuxu\/wp-json\/wp\/v2\/tags?post=69869"}],"curies":[{"name":"wp","href":"https:\/\/api.w.org\/{rel}","templated":true}]}}