{"id":69935,"date":"2026-03-23T10:11:39","date_gmt":"2026-03-23T08:11:39","guid":{"rendered":"https:\/\/edublog.educastur.es\/ixuxu\/?p=69935"},"modified":"2026-03-23T22:14:06","modified_gmt":"2026-03-23T20:14:06","slug":"el-camin-del-indianu","status":"publish","type":"post","link":"https:\/\/edublog.educastur.es\/ixuxu\/2026\/03\/el-camin-del-indianu\/","title":{"rendered":"\u00abEl cam\u00edn del Indianu\u00bb"},"content":{"rendered":"<p style=\"text-align: center\">\n<!-- iframe plugin v.6.0 wordpress.org\/plugins\/iframe\/ -->\n<iframe loading=\"lazy\" width=\"100%\" height=\"466\" src=\"https:\/\/www.youtube.com\/embed\/yMu-_VL5eVc\" title=\"\ud83c\udf0d\u2728 El cam\u00edn del Indiano | Una historia de valent\u00eda y sue\u00f1os | Maestr\u00edn Astur\" frameborder=\"0\" allow=\"accelerometer; autoplay; clipboard-write; encrypted-media; gyroscope; picture-in-picture; web-share\" referrerpolicy=\"strict-origin-when-cross-origin\" 0=\"allowfullscreen\" 1=\"\/iframe\" scrolling=\"yes\" class=\"iframe-class\"><\/iframe>\n<\/p>\n<ul>\n<li>\/<a href=\"https:\/\/www.youtube.com\/@Maestr%C3%ADnAstur\"><strong> Maestr\u00edn Astur<\/strong><\/a> \/<\/li>\n<\/ul>\n<p>Nesti cuentu de Maestr\u00edn \u00c1stur, afayamos la emocionante hestoria de Mateo, un mozu asturianu que, como tantos otros, tuvo que dexar la so tierra para cruciar l&#8217;oc\u00e9anu en busca d&#8217;un futuru meyor.<\/p>\n<p>Al travi\u00e9s de \u201cEl cam\u00edn del Indianu\u201d, viaxamos dende la so despidida llena d&#8217;emociones hasta los desaf\u00edos y aprendizaxes qu&#8217;atopa n&#8217;Am\u00e9rica. Una hestoria d&#8217;esfuerzu, superaci\u00f3n y raiga\u00f1os, que nos recuerda que, anque&#8217;l cam\u00edn s\u00eda dif\u00edcil, los sua\u00f1os pueden emponenos bien llue\u00f1e\u2026 ensin escaecer nunca d&#8217;\u00f3nde venimos&#8230;<\/p>\n<h1 class=\"style-scope ytd-watch-metadata\"><\/h1>\n","protected":false},"excerpt":{"rendered":"<p>\/ Maestr\u00edn Astur \/ Nesti cuentu de Maestr\u00edn \u00c1stur, afayamos la emocionante hestoria de Mateo, un mozu asturianu que, como tantos otros, tuvo que dexar la so tierra para cruciar l&#8217;oc\u00e9anu en busca d&#8217;un futuru meyor. Al travi\u00e9s de \u201cEl cam\u00edn del Indianu\u201d, viaxamos dende la so despidida llena d&#8217;emociones hasta los desaf\u00edos y aprendizaxes [&hellip;]<\/p>\n","protected":false},"author":117,"featured_media":0,"comment_status":"closed","ping_status":"closed","sticky":false,"template":"","format":"standard","meta":{"footnotes":""},"categories":[488],"tags":[],"class_list":["post-69935","post","type-post","status-publish","format-standard","hentry","category-maestrin-astur"],"_links":{"self":[{"href":"https:\/\/edublog.educastur.es\/ixuxu\/wp-json\/wp\/v2\/posts\/69935","targetHints":{"allow":["GET"]}}],"collection":[{"href":"https:\/\/edublog.educastur.es\/ixuxu\/wp-json\/wp\/v2\/posts"}],"about":[{"href":"https:\/\/edublog.educastur.es\/ixuxu\/wp-json\/wp\/v2\/types\/post"}],"author":[{"embeddable":true,"href":"https:\/\/edublog.educastur.es\/ixuxu\/wp-json\/wp\/v2\/users\/117"}],"replies":[{"embeddable":true,"href":"https:\/\/edublog.educastur.es\/ixuxu\/wp-json\/wp\/v2\/comments?post=69935"}],"version-history":[{"count":3,"href":"https:\/\/edublog.educastur.es\/ixuxu\/wp-json\/wp\/v2\/posts\/69935\/revisions"}],"predecessor-version":[{"id":69938,"href":"https:\/\/edublog.educastur.es\/ixuxu\/wp-json\/wp\/v2\/posts\/69935\/revisions\/69938"}],"wp:attachment":[{"href":"https:\/\/edublog.educastur.es\/ixuxu\/wp-json\/wp\/v2\/media?parent=69935"}],"wp:term":[{"taxonomy":"category","embeddable":true,"href":"https:\/\/edublog.educastur.es\/ixuxu\/wp-json\/wp\/v2\/categories?post=69935"},{"taxonomy":"post_tag","embeddable":true,"href":"https:\/\/edublog.educastur.es\/ixuxu\/wp-json\/wp\/v2\/tags?post=69935"}],"curies":[{"name":"wp","href":"https:\/\/api.w.org\/{rel}","templated":true}]}}