{"id":69939,"date":"2026-03-05T09:00:52","date_gmt":"2026-03-05T07:00:52","guid":{"rendered":"https:\/\/edublog.educastur.es\/ixuxu\/?p=69939"},"modified":"2026-03-23T22:20:54","modified_gmt":"2026-03-23T20:20:54","slug":"dia-mundial-de-la-eficiencia-enerxetica-3","status":"publish","type":"post","link":"https:\/\/edublog.educastur.es\/ixuxu\/2026\/03\/dia-mundial-de-la-eficiencia-enerxetica-3\/","title":{"rendered":"D\u00eda Mundial de la Eficiencia Enerx\u00e9tica"},"content":{"rendered":"<div class=\"xdj266r x14z9mp xat24cr x1lziwak x1vvkbs x126k92a\">\n<div dir=\"auto\"><span class=\"html-span xexx8yu xyri2b x18d9i69 x1c1uobl x1hl2dhg x16tdsg8 x1vvkbs x3nfvp2 x1j61x8r x1fcty0u xdj266r xat24cr xm2jcoa x1mpyi22 xxymvpz xlup9mm x1kky2od\"><img loading=\"lazy\" decoding=\"async\" class=\"xz74otr x15mokao x1ga7v0g x16uus16 xbiv7yw\" src=\"https:\/\/static.xx.fbcdn.net\/images\/emoji.php\/v9\/t3c\/1\/16\/1f4a1.png\" alt=\"\ud83d\udca1\" width=\"16\" height=\"16\" \/><\/span><span class=\"html-span xexx8yu xyri2b x18d9i69 x1c1uobl x1hl2dhg x16tdsg8 x1vvkbs x3nfvp2 x1j61x8r x1fcty0u xdj266r xat24cr xm2jcoa x1mpyi22 xxymvpz xlup9mm x1kky2od\"><img loading=\"lazy\" decoding=\"async\" class=\"xz74otr x15mokao x1ga7v0g x16uus16 xbiv7yw\" src=\"https:\/\/static.xx.fbcdn.net\/images\/emoji.php\/v9\/tf8\/1\/16\/267b.png\" alt=\"\u267b\ufe0f\" width=\"16\" height=\"16\" \/><\/span> \ud83d\udca1\u267b\ufe0f Nel D\u00eda Mundial de la Eficiencia Enerx\u00e9tica <strong>cavilgamos sobro&#8217;l consumu enerx\u00e9ticu na vida cotidiana, l&#8217;usu escesivu de los recursos naturales y l&#8217;efectu que producimos nel medioambiente.<\/strong> \u00bfPrecisamos consumir tantu?<\/div>\n<div dir=\"auto\" style=\"text-align: center\"><a href=\"https:\/\/rinconeducativo.org\/wp-content\/uploads\/2022\/09\/dia_mundial-eficiencia_enregetica.jpg\"><img loading=\"lazy\" decoding=\"async\" class=\"aligncenter size-large\" src=\"https:\/\/rinconeducativo.org\/wp-content\/uploads\/2022\/09\/dia_mundial-eficiencia_enregetica.jpg\" width=\"640\" height=\"469\" \/><\/a><\/div>\n<div dir=\"auto\">\n<p>El D\u00eda Mundial de la Eficiencia Enerx\u00e9tica cel\u00e9brase cada 5 de marzu <span style=\"color: #008080\"><strong>para concenciar sobro l&#8217;usu responsable de la enerx\u00eda, amenorgar el consumu y frenar el camb\u00e9u clim\u00e1ticu<\/strong><\/span>. El so oxetivu ye promover vezos sostenibles y l&#8217;usu d&#8217;enerx\u00edes llimpies p&#8217;ameyorar la calid\u00e1 de vida y protexer el mediu ambiente.<\/p>\n<p><!--more--><br \/>\n<span style=\"color: #008080\"><strong><span style=\"text-decoration: underline\">Aspeutos clave de la Eficiencia Enerx\u00e9tica (5 de marzu):<\/span><\/strong><\/span><\/p>\n<ul>\n<li>Orixe: Surdi\u00f3 de la primer conferencia internacional sobro eficiencia enerx\u00e9tica celebrada n&#8217;Austria en 1998.<\/li>\n<li>Signific\u00e1u: Nun implica arrenunciar a la calid\u00e1 de vida, sin\u00f3n utilizar menos recursos (enerx\u00eda) pa llograr los mesmos bienes y servicios.<\/li>\n<li>Importancia: Ayuda a amenorgar la buelga de carbonu, menguar la contaminaci\u00f3n y aumentar la competitivid\u00e1 econ\u00f3mica.<\/li>\n<\/ul>\n<\/div>\n<div dir=\"auto\">\ud83c\udf3f\ud83c\udf33 <strong><span style=\"text-decoration: underline\"><span style=\"color: #008080;text-decoration: underline\">Conseyos para llectores concenciaos col Medioambiente<\/span><\/span><\/strong> \ud83c\udf3f\ud83c\udf33<\/div>\n<div dir=\"auto\"><span style=\"color: #008080\"><em>1. Si te mueves en tresporte p\u00fablicu vas tener m\u00e1s tiempu para lleer.<\/em><\/span><br \/>\n<span style=\"color: #008080\"><em>2. Apaga la tele, los videoxuegos y tolos tos aparatos electr\u00f3nicos a la de la llectura.<\/em><\/span><br \/>\n<span style=\"color: #008080\"><em>3. Aprovecha la lluz natural del d\u00eda para&#8217;l to tiempu de llectura.<\/em><\/span><br \/>\n<span style=\"color: #008080\"><em>4. Cuando lleas pela nueche, apaga les lluces de la casa y dexa solo un puntu de lluz.<\/em><\/span><br \/>\n<span style=\"color: #008080\"><em>5. Utiliza bombilles de baxu consumu.<\/em><\/span><br \/>\n<span style=\"color: #008080\"><em>6. Si pones sensores de lluz vas poder dir lleendo cuando camines por tola casa.<\/em><\/span><br \/>\n<span style=\"color: #008080\"><em>7. Baxa&#8217;l termostatu de la calefacci\u00f3n y #cubrir col to atopadizu cobertor llector.<\/em><\/span><br \/>\n<span style=\"color: #008080\"><em>8. Nun xubas l&#8217;aire acondicion\u00e1u m\u00e1s de lo necesario, al pasar les fueyes abanicar\u00e1s. <\/em><\/span><br \/>\n<span style=\"color: #008080\"><em>9. Si se te queden les manos fr\u00edes, prepara un caf\u00e9 o un t\u00e9 calentino.<\/em><\/span><br \/>\n<span style=\"color: #008080\"><em>10. Sal al parque y llee nun bancu o sobro&#8217;l verde.<\/em><\/span><br \/>\n\ud83c\udf3f\ud83c\udf33 Da estos conseyos a les persones que t&#8217;arrodien. \ud83c\udf3f\ud83c\udf33<\/div>\n<\/div>\n<p>&nbsp;<\/p>\n","protected":false},"excerpt":{"rendered":"<p>\ud83d\udca1\u267b\ufe0f Nel D\u00eda Mundial de la Eficiencia Enerx\u00e9tica cavilgamos sobro&#8217;l consumu enerx\u00e9ticu na vida cotidiana, l&#8217;usu escesivu de los recursos naturales y l&#8217;efectu que producimos nel medioambiente. \u00bfPrecisamos consumir tantu? El D\u00eda Mundial de la Eficiencia Enerx\u00e9tica cel\u00e9brase cada 5 de marzu para concenciar sobro l&#8217;usu responsable de la enerx\u00eda, amenorgar el consumu y frenar [&hellip;]<\/p>\n","protected":false},"author":117,"featured_media":0,"comment_status":"closed","ping_status":"closed","sticky":false,"template":"","format":"standard","meta":{"footnotes":""},"categories":[6,221],"tags":[],"class_list":["post-69939","post","type-post","status-publish","format-standard","hentry","category-dia-de","category-mediu-ambiente"],"_links":{"self":[{"href":"https:\/\/edublog.educastur.es\/ixuxu\/wp-json\/wp\/v2\/posts\/69939","targetHints":{"allow":["GET"]}}],"collection":[{"href":"https:\/\/edublog.educastur.es\/ixuxu\/wp-json\/wp\/v2\/posts"}],"about":[{"href":"https:\/\/edublog.educastur.es\/ixuxu\/wp-json\/wp\/v2\/types\/post"}],"author":[{"embeddable":true,"href":"https:\/\/edublog.educastur.es\/ixuxu\/wp-json\/wp\/v2\/users\/117"}],"replies":[{"embeddable":true,"href":"https:\/\/edublog.educastur.es\/ixuxu\/wp-json\/wp\/v2\/comments?post=69939"}],"version-history":[{"count":2,"href":"https:\/\/edublog.educastur.es\/ixuxu\/wp-json\/wp\/v2\/posts\/69939\/revisions"}],"predecessor-version":[{"id":69941,"href":"https:\/\/edublog.educastur.es\/ixuxu\/wp-json\/wp\/v2\/posts\/69939\/revisions\/69941"}],"wp:attachment":[{"href":"https:\/\/edublog.educastur.es\/ixuxu\/wp-json\/wp\/v2\/media?parent=69939"}],"wp:term":[{"taxonomy":"category","embeddable":true,"href":"https:\/\/edublog.educastur.es\/ixuxu\/wp-json\/wp\/v2\/categories?post=69939"},{"taxonomy":"post_tag","embeddable":true,"href":"https:\/\/edublog.educastur.es\/ixuxu\/wp-json\/wp\/v2\/tags?post=69939"}],"curies":[{"name":"wp","href":"https:\/\/api.w.org\/{rel}","templated":true}]}}