{"id":69954,"date":"2026-03-24T08:30:08","date_gmt":"2026-03-24T06:30:08","guid":{"rendered":"https:\/\/edublog.educastur.es\/ixuxu\/?p=69954"},"modified":"2026-03-24T09:56:29","modified_gmt":"2026-03-24T07:56:29","slug":"el-tiempu-el-comercio-293","status":"publish","type":"post","link":"https:\/\/edublog.educastur.es\/ixuxu\/2026\/03\/el-tiempu-el-comercio-293\/","title":{"rendered":"El tiempu (El Comercio)"},"content":{"rendered":"<p style=\"text-align: center\"><a href=\"https:\/\/s2.ppllstatics.com\/elcomercio\/www\/multimedia\/2026\/03\/23\/tiempo-asturias-martes-kA9-U2302588077118HVD-1200x870@El%20Comercio.jpg\"><img loading=\"lazy\" decoding=\"async\" class=\"aligncenter size-large\" src=\"https:\/\/s2.ppllstatics.com\/elcomercio\/www\/multimedia\/2026\/03\/23\/tiempo-asturias-martes-kA9-U2302588077118HVD-1200x870@El%20Comercio.jpg\" width=\"1200\" height=\"870\" \/><\/a><\/p>\n<p>Disfrutaremos d&#8217;una xornada de cielos estenos. A lo sumo, podr\u00eden apaecer dellos intervalos de nubes altes insignificantes <strong>mientres el d\u00eda.<\/strong> Con \u00e9ses la probabilid\u00e1 de precipitaciones va ser rotundamente nula. <strong>Los vientos<\/strong> esp\u00e9rense fluexos con posibilid\u00e1 d&#8217;afitase de nordeste-esti a partir del mediud\u00eda na mari\u00f1a.<\/p>\n<p><strong>Les temperatures m\u00e1ximes<\/strong> van xubir de forma xeneralizada. Na met\u00e1 sur van xubir hasta 4 o 5 \u00baC respectu al llunes, y na met\u00e1 norte l&#8217;ascensu va ser daqu\u00e9 m\u00e1s moder\u00e1u. Tocantes a <strong>les m\u00ednimes<\/strong>, van baxar hasta 2 o 3 \u00baC en relaci\u00f3n a les anotaes el llunes.<\/p>\n<p><!--more--><\/p>\n<p><strong>El mi\u00e9rcoles<\/strong> vamos tener cambeos cuidao que va entrar un frente fr\u00edu non bien activu pero lo suficiente como para dexar abondosu nubosidad y precipitaciones d\u00e9biles en cualquier puntu d&#8217;Asturies. Estes ag\u00fces y\u00e1 van entrar pola mari\u00f1a asturiana pela ma\u00f1ana y van enfusase escontra l&#8217;interior col intre de les hores. La cota de nieve va dir baxando progresivamente hasta los 1300 o 1400 metros d&#8217;altor. Les temperatures van baxar en tola rex\u00f3n nel casu de les m\u00e1ximes. Les m\u00ednimes, sicas\u00ed, van xubir. Los vientos van soplar de componente norte.<\/p>\n<p style=\"text-align: center\"><a href=\"https:\/\/services.meteored.com\/img\/article\/antes-del-aire-polar-estas-capitales-de-provincia-superaran-los-20-c-este-miercoles-25-de-marzo-1774283349664_1024.jpg\"><img loading=\"lazy\" decoding=\"async\" class=\"aligncenter size-large\" src=\"https:\/\/services.meteored.com\/img\/article\/antes-del-aire-polar-estas-capitales-de-provincia-superaran-los-20-c-este-miercoles-25-de-marzo-1774283349664_1024.jpg\" width=\"1024\" height=\"714\" \/><\/a><\/p>\n<p>Una masa d&#8217;aire nidio\/suave va afectar a Espa\u00f1a nestos proximos dias, antes de la llegada d&#8217;una irrupci\u00f3n polar.<\/p>\n<p>Esta situaci\u00f3n va ser poco duradera, una y bones<strong> la fin de selmana va llegar una nueva BFA procedente del norte<\/strong>, con vientos de tramontana nel Mediterr\u00e1neu y una masa d&#8217;aire polar. <strong>El descensu t\u00e9rmicu va ser acus\u00e1u, especialmente nes aguaes cant\u00e1brica<\/strong> y mediterr\u00e1nea.<\/p>\n<p style=\"text-align: center\"><a href=\"https:\/\/services.meteored.com\/img\/article\/antes-del-aire-polar-estas-capitales-de-provincia-superaran-los-20-c-este-miercoles-25-de-marzo-1774275380760_1024.png\"><img loading=\"lazy\" decoding=\"async\" class=\"aligncenter size-large\" src=\"https:\/\/services.meteored.com\/img\/article\/antes-del-aire-polar-estas-capitales-de-provincia-superaran-los-20-c-este-miercoles-25-de-marzo-1774275380760_1024.png\" width=\"1024\" height=\"720\" \/><\/a><\/p>\n<p><strong>El xueves<\/strong> acabar\u00e1 la primavera en bona parte del norte peninsular, con un fluxu de vientos del norte que se va colar pol pandu norte.<\/p>\n","protected":false},"excerpt":{"rendered":"<p>Disfrutaremos d&#8217;una xornada de cielos estenos. A lo sumo, podr\u00eden apaecer dellos intervalos de nubes altes insignificantes mientres el d\u00eda. Con \u00e9ses la probabilid\u00e1 de precipitaciones va ser rotundamente nula. Los vientos esp\u00e9rense fluexos con posibilid\u00e1 d&#8217;afitase de nordeste-esti a partir del mediud\u00eda na mari\u00f1a. Les temperatures m\u00e1ximes van xubir de forma xeneralizada. Na met\u00e1 [&hellip;]<\/p>\n","protected":false},"author":117,"featured_media":0,"comment_status":"closed","ping_status":"closed","sticky":false,"template":"","format":"standard","meta":{"footnotes":""},"categories":[5],"tags":[],"class_list":["post-69954","post","type-post","status-publish","format-standard","hentry","category-tiempu"],"_links":{"self":[{"href":"https:\/\/edublog.educastur.es\/ixuxu\/wp-json\/wp\/v2\/posts\/69954","targetHints":{"allow":["GET"]}}],"collection":[{"href":"https:\/\/edublog.educastur.es\/ixuxu\/wp-json\/wp\/v2\/posts"}],"about":[{"href":"https:\/\/edublog.educastur.es\/ixuxu\/wp-json\/wp\/v2\/types\/post"}],"author":[{"embeddable":true,"href":"https:\/\/edublog.educastur.es\/ixuxu\/wp-json\/wp\/v2\/users\/117"}],"replies":[{"embeddable":true,"href":"https:\/\/edublog.educastur.es\/ixuxu\/wp-json\/wp\/v2\/comments?post=69954"}],"version-history":[{"count":3,"href":"https:\/\/edublog.educastur.es\/ixuxu\/wp-json\/wp\/v2\/posts\/69954\/revisions"}],"predecessor-version":[{"id":69957,"href":"https:\/\/edublog.educastur.es\/ixuxu\/wp-json\/wp\/v2\/posts\/69954\/revisions\/69957"}],"wp:attachment":[{"href":"https:\/\/edublog.educastur.es\/ixuxu\/wp-json\/wp\/v2\/media?parent=69954"}],"wp:term":[{"taxonomy":"category","embeddable":true,"href":"https:\/\/edublog.educastur.es\/ixuxu\/wp-json\/wp\/v2\/categories?post=69954"},{"taxonomy":"post_tag","embeddable":true,"href":"https:\/\/edublog.educastur.es\/ixuxu\/wp-json\/wp\/v2\/tags?post=69954"}],"curies":[{"name":"wp","href":"https:\/\/api.w.org\/{rel}","templated":true}]}}