{"id":69975,"date":"2026-03-22T19:16:12","date_gmt":"2026-03-22T17:16:12","guid":{"rendered":"https:\/\/edublog.educastur.es\/ixuxu\/?p=69975"},"modified":"2026-03-24T11:20:18","modified_gmt":"2026-03-24T09:20:18","slug":"iii-festival-del-aguacate-en-cabranes","status":"publish","type":"post","link":"https:\/\/edublog.educastur.es\/ixuxu\/2026\/03\/iii-festival-del-aguacate-en-cabranes\/","title":{"rendered":"III Festival del Aguacate en Cabranes"},"content":{"rendered":"<p><span class=\"html-span xexx8yu xyri2b x18d9i69 x1c1uobl x1hl2dhg x16tdsg8 x1vvkbs x3nfvp2 x1j61x8r x1fcty0u xdj266r xat24cr xm2jcoa x1mpyi22 xxymvpz xlup9mm x1kky2od\"><img loading=\"lazy\" decoding=\"async\" class=\"xz74otr x15mokao x1ga7v0g x16uus16 xbiv7yw\" src=\"https:\/\/static.xx.fbcdn.net\/images\/emoji.php\/v9\/t2d\/1\/16\/1f951.png\" alt=\"\ud83e\udd51\" width=\"16\" height=\"16\" \/><\/span> Gran \u00e9situ del Festival del Aguacate de Cabranes, con alta arribaci\u00f3n y bones cifres de vientes. <span class=\"html-span xdj266r x14z9mp xat24cr x1lziwak xexx8yu xyri2b x18d9i69 x1c1uobl x1hl2dhg x16tdsg8 x1vvkbs\"><a class=\"x1i10hfl xjbqb8w x1ejq31n x18oe1m7 x1sy0etr xstzfhl x972fbf x10w94by x1qhh985 x14e42zd x9f619 x1ypdohk xt0psk2 x3ct3a4 xdj266r x14z9mp xat24cr x1lziwak xexx8yu xyri2b x18d9i69 x1c1uobl x16tdsg8 x1hl2dhg xggy1nq x1a2a7pz xkrqix3 x1sur9pj x1fey0fg x1s688f\" role=\"link\" href=\"https:\/\/www.facebook.com\/watch\/hashtag\/aguacate?__eep__=6%2F&amp;__cft__[0]=AZYOMnHPwV8_Lhv6irBe6JmRR0uOZKYZ4YqrmN6HDEaFUd2sb2f64e879Di3UWEeh9xg8Azx1LBbsjZ6xp58YCdY_Tya5lgpbaUSllsr6IZm4mrQ6CJGeZhz5eVEQHh1ZFNWnIqva3KO2g41DxO6HAmqJCmoS2IFO5YBkwfXEEgCP38sOa0kWuq_s-daAyPnt9Cu-0YWSLfBTp94lZJhiKsG&amp;__tn__=*NK-R\">#Aguacate<\/a><\/span> <span class=\"html-span xdj266r x14z9mp xat24cr x1lziwak xexx8yu xyri2b x18d9i69 x1c1uobl x1hl2dhg x16tdsg8 x1vvkbs\"><a class=\"x1i10hfl xjbqb8w x1ejq31n x18oe1m7 x1sy0etr xstzfhl x972fbf x10w94by x1qhh985 x14e42zd x9f619 x1ypdohk xt0psk2 x3ct3a4 xdj266r x14z9mp xat24cr x1lziwak xexx8yu xyri2b x18d9i69 x1c1uobl x16tdsg8 x1hl2dhg xggy1nq x1a2a7pz xkrqix3 x1sur9pj x1fey0fg x1s688f\" role=\"link\" href=\"https:\/\/www.facebook.com\/watch\/hashtag\/feria?__eep__=6%2F&amp;__cft__[0]=AZYOMnHPwV8_Lhv6irBe6JmRR0uOZKYZ4YqrmN6HDEaFUd2sb2f64e879Di3UWEeh9xg8Azx1LBbsjZ6xp58YCdY_Tya5lgpbaUSllsr6IZm4mrQ6CJGeZhz5eVEQHh1ZFNWnIqva3KO2g41DxO6HAmqJCmoS2IFO5YBkwfXEEgCP38sOa0kWuq_s-daAyPnt9Cu-0YWSLfBTp94lZJhiKsG&amp;__tn__=*NK-R\">#Feria<\/a><\/span> <span class=\"html-span xdj266r x14z9mp xat24cr x1lziwak xexx8yu xyri2b x18d9i69 x1c1uobl x1hl2dhg x16tdsg8 x1vvkbs\"><a class=\"x1i10hfl xjbqb8w x1ejq31n x18oe1m7 x1sy0etr xstzfhl x972fbf x10w94by x1qhh985 x14e42zd x9f619 x1ypdohk xt0psk2 x3ct3a4 xdj266r x14z9mp xat24cr x1lziwak xexx8yu xyri2b x18d9i69 x1c1uobl x16tdsg8 x1hl2dhg xggy1nq x1a2a7pz xkrqix3 x1sur9pj x1fey0fg x1s688f\" role=\"link\" href=\"https:\/\/www.facebook.com\/watch\/hashtag\/cabranes?__eep__=6%2F&amp;__cft__[0]=AZYOMnHPwV8_Lhv6irBe6JmRR0uOZKYZ4YqrmN6HDEaFUd2sb2f64e879Di3UWEeh9xg8Azx1LBbsjZ6xp58YCdY_Tya5lgpbaUSllsr6IZm4mrQ6CJGeZhz5eVEQHh1ZFNWnIqva3KO2g41DxO6HAmqJCmoS2IFO5YBkwfXEEgCP38sOa0kWuq_s-daAyPnt9Cu-0YWSLfBTp94lZJhiKsG&amp;__tn__=*NK-R\">#Cabranes<\/a><\/span> <span class=\"html-span xdj266r x14z9mp xat24cr x1lziwak xexx8yu xyri2b x18d9i69 x1c1uobl x1hl2dhg x16tdsg8 x1vvkbs\"><a class=\"x1i10hfl xjbqb8w x1ejq31n x18oe1m7 x1sy0etr xstzfhl x972fbf x10w94by x1qhh985 x14e42zd x9f619 x1ypdohk xt0psk2 x3ct3a4 xdj266r x14z9mp xat24cr x1lziwak xexx8yu xyri2b x18d9i69 x1c1uobl x16tdsg8 x1hl2dhg xggy1nq x1a2a7pz xkrqix3 x1sur9pj x1fey0fg x1s688f\" role=\"link\" href=\"https:\/\/www.facebook.com\/watch\/hashtag\/asturias?__eep__=6%2F&amp;__cft__[0]=AZYOMnHPwV8_Lhv6irBe6JmRR0uOZKYZ4YqrmN6HDEaFUd2sb2f64e879Di3UWEeh9xg8Azx1LBbsjZ6xp58YCdY_Tya5lgpbaUSllsr6IZm4mrQ6CJGeZhz5eVEQHh1ZFNWnIqva3KO2g41DxO6HAmqJCmoS2IFO5YBkwfXEEgCP38sOa0kWuq_s-daAyPnt9Cu-0YWSLfBTp94lZJhiKsG&amp;__tn__=*NK-R\">#Asturias<\/a><\/span> <span class=\"html-span xdj266r x14z9mp xat24cr x1lziwak xexx8yu xyri2b x18d9i69 x1c1uobl x1hl2dhg x16tdsg8 x1vvkbs\"><a class=\"x1i10hfl xjbqb8w x1ejq31n x18oe1m7 x1sy0etr xstzfhl x972fbf x10w94by x1qhh985 x14e42zd x9f619 x1ypdohk xt0psk2 x3ct3a4 xdj266r x14z9mp xat24cr x1lziwak xexx8yu xyri2b x18d9i69 x1c1uobl x16tdsg8 x1hl2dhg xggy1nq x1a2a7pz xkrqix3 x1sur9pj x1fey0fg x1s688f\" role=\"link\" href=\"https:\/\/www.facebook.com\/watch\/hashtag\/tpa_cr?__eep__=6%2F&amp;__cft__[0]=AZYOMnHPwV8_Lhv6irBe6JmRR0uOZKYZ4YqrmN6HDEaFUd2sb2f64e879Di3UWEeh9xg8Azx1LBbsjZ6xp58YCdY_Tya5lgpbaUSllsr6IZm4mrQ6CJGeZhz5eVEQHh1ZFNWnIqva3KO2g41DxO6HAmqJCmoS2IFO5YBkwfXEEgCP38sOa0kWuq_s-daAyPnt9Cu-0YWSLfBTp94lZJhiKsG&amp;__tn__=*NK-R\">#TPA_CR<\/a><\/span><\/p>\n<p style=\"text-align: center\">\n<!-- iframe plugin v.6.0 wordpress.org\/plugins\/iframe\/ -->\n<iframe loading=\"lazy\" src=\"https:\/\/www.facebook.com\/plugins\/video.php?height=476&#038;href=https%3A%2F%2Fwww.facebook.com%2Freel%2F1478555950533326%2F&#038;show_text=false&#038;width=476&#038;t=0\" width=\"476\" height=\"476\" style=\"border:none;overflow:hidden\" scrolling=\"no\" frameborder=\"0\" allowfullscreen=\"true\" allow=\"autoplay; clipboard-write; encrypted-media; picture-in-picture; web-share\" 0=\"\/iframe\" class=\"iframe-class\"><\/iframe>\n<\/p>\n<p>L&#8217;<span style=\"color: #008080\"><strong>III Festival del Aguacate en Cabranes<\/strong><\/span> cellebrose g\u00fcei domingu 22 de marzu de 2026, de 11:30 a 15:30 hores, en Santolaya de Cabranes.<\/p>\n<p><!--more--><\/p>\n<p>Esti eventu destac\u00f3 la gastronom\u00eda local con un merc\u00e1u de productores y artesanos, degustaciones, un concursu de guacamole, una masterclass de cocina con aguacate y actividaes para ne\u00f1os, como un taller d&#8217;estampaci\u00f3n para crear bolses de tela personalizaes.<\/p>\n<p style=\"text-align: center\"><a href=\"https:\/\/www.turismoasturias.es\/o\/adaptive-media\/image\/15864986\/3\/347e6205-40b3-2551-905f-38db1d7626c0?t=1771937345181\"><img loading=\"lazy\" decoding=\"async\" class=\"aligncenter size-large\" src=\"https:\/\/www.turismoasturias.es\/o\/adaptive-media\/image\/15864986\/3\/347e6205-40b3-2551-905f-38db1d7626c0?t=1771937345181\" width=\"700\" height=\"987\" \/><\/a><\/p>\n","protected":false},"excerpt":{"rendered":"<p>Gran \u00e9situ del Festival del Aguacate de Cabranes, con alta arribaci\u00f3n y bones cifres de vientes. #Aguacate #Feria #Cabranes #Asturias #TPA_CR L&#8217;III Festival del Aguacate en Cabranes cellebrose g\u00fcei domingu 22 de marzu de 2026, de 11:30 a 15:30 hores, en Santolaya de Cabranes.<\/p>\n","protected":false},"author":117,"featured_media":0,"comment_status":"closed","ping_status":"closed","sticky":false,"template":"","format":"standard","meta":{"footnotes":""},"categories":[138,204],"tags":[],"class_list":["post-69975","post","type-post","status-publish","format-standard","hentry","category-alimentos","category-festivales"],"_links":{"self":[{"href":"https:\/\/edublog.educastur.es\/ixuxu\/wp-json\/wp\/v2\/posts\/69975","targetHints":{"allow":["GET"]}}],"collection":[{"href":"https:\/\/edublog.educastur.es\/ixuxu\/wp-json\/wp\/v2\/posts"}],"about":[{"href":"https:\/\/edublog.educastur.es\/ixuxu\/wp-json\/wp\/v2\/types\/post"}],"author":[{"embeddable":true,"href":"https:\/\/edublog.educastur.es\/ixuxu\/wp-json\/wp\/v2\/users\/117"}],"replies":[{"embeddable":true,"href":"https:\/\/edublog.educastur.es\/ixuxu\/wp-json\/wp\/v2\/comments?post=69975"}],"version-history":[{"count":2,"href":"https:\/\/edublog.educastur.es\/ixuxu\/wp-json\/wp\/v2\/posts\/69975\/revisions"}],"predecessor-version":[{"id":69977,"href":"https:\/\/edublog.educastur.es\/ixuxu\/wp-json\/wp\/v2\/posts\/69975\/revisions\/69977"}],"wp:attachment":[{"href":"https:\/\/edublog.educastur.es\/ixuxu\/wp-json\/wp\/v2\/media?parent=69975"}],"wp:term":[{"taxonomy":"category","embeddable":true,"href":"https:\/\/edublog.educastur.es\/ixuxu\/wp-json\/wp\/v2\/categories?post=69975"},{"taxonomy":"post_tag","embeddable":true,"href":"https:\/\/edublog.educastur.es\/ixuxu\/wp-json\/wp\/v2\/tags?post=69975"}],"curies":[{"name":"wp","href":"https:\/\/api.w.org\/{rel}","templated":true}]}}