{"id":69978,"date":"2026-03-22T09:12:53","date_gmt":"2026-03-22T07:12:53","guid":{"rendered":"https:\/\/edublog.educastur.es\/ixuxu\/?p=69978"},"modified":"2026-03-24T11:24:35","modified_gmt":"2026-03-24T09:24:35","slug":"avanzal-procesu-pa-la-declaracion-de-la-gaita-como-bic-inmaterial","status":"publish","type":"post","link":"https:\/\/edublog.educastur.es\/ixuxu\/2026\/03\/avanzal-procesu-pa-la-declaracion-de-la-gaita-como-bic-inmaterial\/","title":{"rendered":"Avanza&#8217;l procesu pa la declaraci\u00f3n de la gaita como BIC Inmaterial"},"content":{"rendered":"<p class=\"text-2xl font-bold font-serif leading-tight max-w-[65ch] mb-1.5\"><a href=\"https:\/\/www.rtpa.es\/noticias-sociedad-ast\/2026-03-22\/La-gaita-celebra'l-so-dia-cada-vez-mas-cerca-de-ser-declarau-Bien-d'Interes-Cultural_111774182408.html\">La gaita celebra&#8217;l so d\u00eda cada vez m\u00e1s cerca de ser declar\u00e1u Bien d&#8217;Inter\u00e9s Cultural.\u00a0<\/a><\/p>\n<p style=\"text-align: center\"><a href=\"https:\/\/www.rtpa.es\/fotos\/\/26\/03\/20260322132739_RTPA7874335.webp\"><img loading=\"lazy\" decoding=\"async\" class=\"aligncenter size-large\" src=\"https:\/\/www.rtpa.es\/fotos\/\/26\/03\/20260322132739_RTPA7874335.webp\" width=\"853\" height=\"480\" \/><\/a><\/p>\n<div class=\"flow rtpa-prose text-lg leading-tight mb-6\"><strong>M\u00e1s de 3.000 gaiteros caltienen viva una tradici\u00f3n con presencia dientro y fuera d&#8217;Asturies<\/strong><\/div>\n<div class=\"flow rtpa-prose text-base text-neutral-700\">\n<p>La celebraci\u00f3n del D\u00eda Internacional de la Gaita pon en valir el so enraigonamientu cultural mientres avanza&#8217;l procesu pa la so declaraci\u00f3n como Bien d&#8217;Inter\u00e9s Cultural Inmaterial.<\/p>\n<p><!--more--><\/p>\n<p>G\u00fcei cel\u00e9brase&#8217;l D\u00eda Internacional de la Gaita y failo con un actu na Casa de la Cultura de Nore\u00f1a. Los festexos tresllad\u00e1ronse per primer vegada de Xix\u00f3n a otru conceyu na que ye y\u00e1 la so tercer edici\u00f3n.<\/p>\n<p>Nel actu p\u00fanxose en valir el trabayu que faen dende&#8217;l &#8216;Conceyu de la Gaita&#8217; por dar puxu a la cultura asturiana y ent\u00e1 ye m\u00e1s nun momentu nel que Cultura estudia declarala Bien d&#8217;Inter\u00e9s Cultural.<\/p>\n<p>La conseyera de Cultura, Vanesa Guti\u00e9rrez, asegur\u00f3 que y\u00e1 tienen tolos documentos pa llevar la midida a la Comisi\u00f3n de Patrimoniu.<\/p>\n<p>Cultura remana una memoria na que se radiografi\u00f3 la gaita, unu de los nuesos s\u00edmbolos identitarios. Esi estudiu recueye qu&#8217;angua\u00f1o hai 96 formaciones de gaites. La mayor\u00eda n&#8217;Asturies, pero 13 t\u00e1n n&#8217;otres comunidaes y 10 nel estranxeru.<\/p>\n<p>Contabil\u00edcense unos 3.000 gaiteros na rex\u00f3n, na que t\u00e1n afincaos cinco talleres. Otros tantos que construyen gaites asturianes allugaos n&#8217;otres comunidaes aut\u00f3nomes. Enval\u00f3rase qu&#8217;esti subsector de la m\u00fasica asturiana xenera unos 4 millones d&#8217;euros.<\/p>\n<p>Bien d&#8217;Inter\u00e9s Cultural Inmaterial<\/p>\n<p>Nun pierden un res d&#8217;una hestoria que se remonta a la civilizaci\u00f3n griega y que n&#8217;Asturies se rastrex\u00f3 hasta&#8217;l sieglu XVI. Los alumnos del Colexu P\u00fablicu Cond\u00e1u de Nore\u00f1a nun sospechen que primero qu&#8217;acabe l&#8217;a\u00f1u, l&#8217;instrumentu que nos identifica va ser protex\u00edu como Bien d&#8217;Inter\u00e9s Cultural Inmaterial.<\/p>\n<p>Luis \u00c1lvarez Pola redact\u00f3 la memoria que describe les razones pa esta declaraci\u00f3n d&#8217;un instrumentu que y\u00e1 xenera riqueza, pero que ye necesario fortalecelu colos estudios cimeros de m\u00fasica. Angua\u00f1o solo hai dos estudiantes. El BIC impulsar\u00eda la investigaci\u00f3n pa que nun se pierda la conocencia. Y faise necesario crear un censu de gaites antig\u00fces.<\/p>\n<p>Cultura tien l&#8217;informe dende payares, pero ent\u00e1 nun ta inco\u00e1u l&#8217;espediente. Una vegada que lu abran, van tardar dellos meses hasta que llegue la declaraci\u00f3n, y a partir d&#8217;ent\u00f3s la gaita asturiana va tener fuelle pa ratu.<\/p>\n<\/div>\n<p>&nbsp;<\/p>\n","protected":false},"excerpt":{"rendered":"<p>La gaita celebra&#8217;l so d\u00eda cada vez m\u00e1s cerca de ser declar\u00e1u Bien d&#8217;Inter\u00e9s Cultural.\u00a0 M\u00e1s de 3.000 gaiteros caltienen viva una tradici\u00f3n con presencia dientro y fuera d&#8217;Asturies La celebraci\u00f3n del D\u00eda Internacional de la Gaita pon en valir el so enraigonamientu cultural mientres avanza&#8217;l procesu pa la so declaraci\u00f3n como Bien d&#8217;Inter\u00e9s Cultural [&hellip;]<\/p>\n","protected":false},"author":117,"featured_media":0,"comment_status":"closed","ping_status":"closed","sticky":false,"template":"","format":"standard","meta":{"footnotes":""},"categories":[333,6,425],"tags":[],"class_list":["post-69978","post","type-post","status-publish","format-standard","hentry","category-bic-bien-dinteres-cultural","category-dia-de","category-gaita"],"_links":{"self":[{"href":"https:\/\/edublog.educastur.es\/ixuxu\/wp-json\/wp\/v2\/posts\/69978","targetHints":{"allow":["GET"]}}],"collection":[{"href":"https:\/\/edublog.educastur.es\/ixuxu\/wp-json\/wp\/v2\/posts"}],"about":[{"href":"https:\/\/edublog.educastur.es\/ixuxu\/wp-json\/wp\/v2\/types\/post"}],"author":[{"embeddable":true,"href":"https:\/\/edublog.educastur.es\/ixuxu\/wp-json\/wp\/v2\/users\/117"}],"replies":[{"embeddable":true,"href":"https:\/\/edublog.educastur.es\/ixuxu\/wp-json\/wp\/v2\/comments?post=69978"}],"version-history":[{"count":1,"href":"https:\/\/edublog.educastur.es\/ixuxu\/wp-json\/wp\/v2\/posts\/69978\/revisions"}],"predecessor-version":[{"id":69979,"href":"https:\/\/edublog.educastur.es\/ixuxu\/wp-json\/wp\/v2\/posts\/69978\/revisions\/69979"}],"wp:attachment":[{"href":"https:\/\/edublog.educastur.es\/ixuxu\/wp-json\/wp\/v2\/media?parent=69978"}],"wp:term":[{"taxonomy":"category","embeddable":true,"href":"https:\/\/edublog.educastur.es\/ixuxu\/wp-json\/wp\/v2\/categories?post=69978"},{"taxonomy":"post_tag","embeddable":true,"href":"https:\/\/edublog.educastur.es\/ixuxu\/wp-json\/wp\/v2\/tags?post=69978"}],"curies":[{"name":"wp","href":"https:\/\/api.w.org\/{rel}","templated":true}]}}