{"id":69980,"date":"2026-03-22T16:00:22","date_gmt":"2026-03-22T14:00:22","guid":{"rendered":"https:\/\/edublog.educastur.es\/ixuxu\/?p=69980"},"modified":"2026-03-24T11:27:01","modified_gmt":"2026-03-24T09:27:01","slug":"taramundi-reabrel-museu-del-agua-de-bres","status":"publish","type":"post","link":"https:\/\/edublog.educastur.es\/ixuxu\/2026\/03\/taramundi-reabrel-museu-del-agua-de-bres\/","title":{"rendered":"Taramundi reabre&#8217;l Mus\u00e9u del Agua de Bres"},"content":{"rendered":"<p class=\"text-2xl font-bold font-serif leading-tight max-w-[65ch] mb-1.5\"><a href=\"https:\/\/www.rtpa.es\/noticias-sociedad-ast\/2026-03-22\/Taramundi-reabre'l-Museu-del-Agua-de-Bres-tres-la-so-renovacion_111774182949.html\">Taramundi reabre&#8217;l Mus\u00e9u del Agua de Bres tres la so renovaci\u00f3n.<\/a><\/p>\n<p style=\"text-align: center\"><a href=\"https:\/\/www.rtpa.es\/fotos\/\/26\/03\/20260322133439_RTPA7874379.webp\"><img loading=\"lazy\" decoding=\"async\" class=\"aligncenter size-large\" src=\"https:\/\/www.rtpa.es\/fotos\/\/26\/03\/20260322133439_RTPA7874379.webp\" width=\"853\" height=\"480\" \/><\/a><\/p>\n<div class=\"flow rtpa-prose text-lg leading-tight mb-6\"><strong>L&#8217;espaciu, dedic\u00e1u a los inxenios hidr\u00e1ulicos tradicionales, abre nel D\u00eda Mundial del Agua con nueves propuestes.<\/strong><\/div>\n<div><\/div>\n<p><!--more--><\/p>\n<div class=\"flow rtpa-prose text-base text-neutral-700\">\n<p>Taramundi, tierra de &#8216;navalleiros&#8217;, ye am\u00e1s territoriu de fueu y agua. Elementos claves nun conceyu que reabre&#8217;l so Mus\u00e9u del Agua en Bres.<\/p>\n<p>Una instalaci\u00f3n que, tres una fonda reforma, vuelve amosar los inxenios hidr\u00e1ulicos m\u00e1s famosos, munchos d&#8217;ellos inda angua\u00f1o en funcionamientu.<\/p>\n<p>Reabre nel D\u00eda Mundial del Agua. Failo con una xornada de puertes abiertes p&#8217;amosar novedaes como una esposici\u00f3n fotogr\u00e1fica, distintos elementos pa los m\u00e1s peque\u00f1os o una biblioteca.<\/p>\n<p>Seg\u00fan la ONU, nel mundu inda hai cerca de 2000 millones de persones que nun tienen accesu a agua potable. La so importancia faise cada vez m\u00e1s fundamental.<\/p>\n<\/div>\n","protected":false},"excerpt":{"rendered":"<p>Taramundi reabre&#8217;l Mus\u00e9u del Agua de Bres tres la so renovaci\u00f3n. L&#8217;espaciu, dedic\u00e1u a los inxenios hidr\u00e1ulicos tradicionales, abre nel D\u00eda Mundial del Agua con nueves propuestes.<\/p>\n","protected":false},"author":117,"featured_media":0,"comment_status":"closed","ping_status":"closed","sticky":false,"template":"","format":"standard","meta":{"footnotes":""},"categories":[245,15],"tags":[],"class_list":["post-69980","post","type-post","status-publish","format-standard","hentry","category-agua","category-museos"],"_links":{"self":[{"href":"https:\/\/edublog.educastur.es\/ixuxu\/wp-json\/wp\/v2\/posts\/69980","targetHints":{"allow":["GET"]}}],"collection":[{"href":"https:\/\/edublog.educastur.es\/ixuxu\/wp-json\/wp\/v2\/posts"}],"about":[{"href":"https:\/\/edublog.educastur.es\/ixuxu\/wp-json\/wp\/v2\/types\/post"}],"author":[{"embeddable":true,"href":"https:\/\/edublog.educastur.es\/ixuxu\/wp-json\/wp\/v2\/users\/117"}],"replies":[{"embeddable":true,"href":"https:\/\/edublog.educastur.es\/ixuxu\/wp-json\/wp\/v2\/comments?post=69980"}],"version-history":[{"count":1,"href":"https:\/\/edublog.educastur.es\/ixuxu\/wp-json\/wp\/v2\/posts\/69980\/revisions"}],"predecessor-version":[{"id":69981,"href":"https:\/\/edublog.educastur.es\/ixuxu\/wp-json\/wp\/v2\/posts\/69980\/revisions\/69981"}],"wp:attachment":[{"href":"https:\/\/edublog.educastur.es\/ixuxu\/wp-json\/wp\/v2\/media?parent=69980"}],"wp:term":[{"taxonomy":"category","embeddable":true,"href":"https:\/\/edublog.educastur.es\/ixuxu\/wp-json\/wp\/v2\/categories?post=69980"},{"taxonomy":"post_tag","embeddable":true,"href":"https:\/\/edublog.educastur.es\/ixuxu\/wp-json\/wp\/v2\/tags?post=69980"}],"curies":[{"name":"wp","href":"https:\/\/api.w.org\/{rel}","templated":true}]}}