{"id":69994,"date":"2026-03-21T09:01:12","date_gmt":"2026-03-21T07:01:12","guid":{"rendered":"https:\/\/edublog.educastur.es\/ixuxu\/?p=69994"},"modified":"2026-03-24T12:32:27","modified_gmt":"2026-03-24T10:32:27","slug":"recordamos-a-xuan-bello","status":"publish","type":"post","link":"https:\/\/edublog.educastur.es\/ixuxu\/2026\/03\/recordamos-a-xuan-bello\/","title":{"rendered":"Recordamos a Xuan Bello"},"content":{"rendered":"<p style=\"text-align: center\"><span class=\"x193iq5w xeuugli x13faqbe x1vvkbs x1xmvt09 x1lliihq x1s928wv xhkezso x1gmr53x x1cpjm7i x1fgarty x1943h6x xudqn12 x3x7a5m x1f6kntn xvq8zen xo1l8bm xzsf02u\" dir=\"auto\"><span class=\"x193iq5w xeuugli x13faqbe x1vvkbs xt0psk2 x1i0vuye xvs91rp xo1l8bm x5n08af x10wh9bi xpm28yp x8viiok x1o7cslx x126k92a\"><span class=\"html-span xexx8yu x4uap5 x18d9i69 xkhd6sd x1hl2dhg x16tdsg8 x1vvkbs x3nfvp2 x1j61x8r x1fcty0u xdj266r xat24cr xgzva0m xhhsvwb xxymvpz xlup9mm x1kky2od\">\n<!-- iframe plugin v.6.0 wordpress.org\/plugins\/iframe\/ -->\n<iframe loading=\"lazy\" src=\"https:\/\/www.instagram.com\/p\/DWI8KtmDB6e\/embed\" width=\"520\" height=\"570\" 0=\"\/iframe\" scrolling=\"yes\" class=\"iframe-class\" frameborder=\"0\"><\/iframe>\n<\/span><\/span><\/span><\/p>\n<p>\ud83d\udcd6 Nel D\u00eda Mundial de la Poes\u00eda, recordamos a<a href=\"https:\/\/es.wikipedia.org\/wiki\/Xuan_Bello\"><strong> Xuan Bello<\/strong><\/a> y la herencia cultural que nos dex\u00f3. La so voz sigue resonando en cada pallabra.<\/p>\n","protected":false},"excerpt":{"rendered":"<p>\ud83d\udcd6 Nel D\u00eda Mundial de la Poes\u00eda, recordamos a Xuan Bello y la herencia cultural que nos dex\u00f3. La so voz sigue resonando en cada pallabra.<\/p>\n","protected":false},"author":117,"featured_media":0,"comment_status":"closed","ping_status":"closed","sticky":false,"template":"","format":"standard","meta":{"footnotes":""},"categories":[6,32,39],"tags":[],"class_list":["post-69994","post","type-post","status-publish","format-standard","hentry","category-dia-de","category-escritores","category-poesia"],"_links":{"self":[{"href":"https:\/\/edublog.educastur.es\/ixuxu\/wp-json\/wp\/v2\/posts\/69994","targetHints":{"allow":["GET"]}}],"collection":[{"href":"https:\/\/edublog.educastur.es\/ixuxu\/wp-json\/wp\/v2\/posts"}],"about":[{"href":"https:\/\/edublog.educastur.es\/ixuxu\/wp-json\/wp\/v2\/types\/post"}],"author":[{"embeddable":true,"href":"https:\/\/edublog.educastur.es\/ixuxu\/wp-json\/wp\/v2\/users\/117"}],"replies":[{"embeddable":true,"href":"https:\/\/edublog.educastur.es\/ixuxu\/wp-json\/wp\/v2\/comments?post=69994"}],"version-history":[{"count":4,"href":"https:\/\/edublog.educastur.es\/ixuxu\/wp-json\/wp\/v2\/posts\/69994\/revisions"}],"predecessor-version":[{"id":69999,"href":"https:\/\/edublog.educastur.es\/ixuxu\/wp-json\/wp\/v2\/posts\/69994\/revisions\/69999"}],"wp:attachment":[{"href":"https:\/\/edublog.educastur.es\/ixuxu\/wp-json\/wp\/v2\/media?parent=69994"}],"wp:term":[{"taxonomy":"category","embeddable":true,"href":"https:\/\/edublog.educastur.es\/ixuxu\/wp-json\/wp\/v2\/categories?post=69994"},{"taxonomy":"post_tag","embeddable":true,"href":"https:\/\/edublog.educastur.es\/ixuxu\/wp-json\/wp\/v2\/tags?post=69994"}],"curies":[{"name":"wp","href":"https:\/\/api.w.org\/{rel}","templated":true}]}}