{"id":70027,"date":"2026-03-25T08:30:22","date_gmt":"2026-03-25T06:30:22","guid":{"rendered":"https:\/\/edublog.educastur.es\/ixuxu\/?p=70027"},"modified":"2026-03-26T14:12:42","modified_gmt":"2026-03-26T12:12:42","slug":"el-tiempu-el-comercio-294","status":"publish","type":"post","link":"https:\/\/edublog.educastur.es\/ixuxu\/2026\/03\/el-tiempu-el-comercio-294\/","title":{"rendered":"El tiempu (El Comercio)"},"content":{"rendered":"<p style=\"text-align: center\"><a href=\"https:\/\/s3.ppllstatics.com\/elcomercio\/www\/multimedia\/2026\/03\/24\/tiempo-asturias-kdtH-U2302588077118HVD-1200x870@El%20Comercio.jpg\"><img loading=\"lazy\" decoding=\"async\" class=\"aligncenter size-large\" src=\"https:\/\/s3.ppllstatics.com\/elcomercio\/www\/multimedia\/2026\/03\/24\/tiempo-asturias-kdtH-U2302588077118HVD-1200x870@El%20Comercio.jpg\" width=\"1200\" height=\"870\" \/><\/a><\/p>\n<p>Esperamos el pasu d&#8217;un frente fr\u00edu que va percorrer la rex\u00f3n de norte a sur y d&#8217;oeste a este. Y\u00e1 <strong>dende bien temprano<\/strong>, va empezar lloviendo pola mari\u00f1a, enfus\u00e1ndose les precipitaciones escontra l&#8217;interior a lo llargo de la ma\u00f1ana. <strong>Pela tarde<\/strong> va siguir lloviendo y va facer en forma de bastios que van ser m\u00e1s frecuentes y probables na met\u00e1 oriental asturiana.<\/p>\n<p>La cota de nieve va empezar percima de los 1500 metros, y mientres la primer parte de la tarde va asitiase y\u00e1 en redol a los 1200 metros.<strong> A la fin de la tarde<\/strong> vamos poder ver nevar a partir de los 1000 metros d&#8217;altor. <strong>Los vientos<\/strong> van afitar de componente norte con dalguna qu&#8217;otra racha moderada. Am\u00e1s, a partir de les 16 hores activar\u00e1se l&#8217;avisu mariellu por foles d&#8217;hasta 5 metros d&#8217;altor.<\/p>\n<p><!--more--><\/p>\n<p style=\"text-align: center\">\n<!-- iframe plugin v.6.0 wordpress.org\/plugins\/iframe\/ -->\n<iframe loading=\"lazy\" src=\"https:\/\/www.facebook.com\/plugins\/video.php?height=314&#038;href=https%3A%2F%2Fwww.facebook.com%2Freel%2F2015934582372234%2F&#038;show_text=false&#038;width=560&#038;t=0\" width=\"560\" height=\"314\" style=\"border:none;overflow:hidden\" scrolling=\"no\" frameborder=\"0\" allowfullscreen=\"true\" allow=\"autoplay; clipboard-write; encrypted-media; picture-in-picture; web-share\" 0=\"\/iframe\" class=\"iframe-class\"><\/iframe>\n<\/p>\n<p style=\"text-align: center\"><a href=\"https:\/\/cdns3.eltiempo.es\/eltiempo\/blog\/noticias\/2026\/03\/24124947\/n.max_mier-3-700x394.jpg\"><img loading=\"lazy\" decoding=\"async\" class=\"aligncenter size-large\" src=\"https:\/\/cdns3.eltiempo.es\/eltiempo\/blog\/noticias\/2026\/03\/24124947\/n.max_mier-3-700x394.jpg\" width=\"700\" height=\"394\" \/><\/a><\/p>\n<p style=\"text-align: center\"><a href=\"https:\/\/pbs.twimg.com\/media\/HEP7oaUWIAAA7jZ?format=jpg&amp;name=medium\"><img loading=\"lazy\" decoding=\"async\" class=\"aligncenter \" src=\"https:\/\/pbs.twimg.com\/media\/HEP7oaUWIAAA7jZ?format=jpg&amp;name=medium\" width=\"439\" height=\"268\" \/><\/a><\/p>\n<p style=\"text-align: center\"><a href=\"https:\/\/cdns3.eltiempo.es\/eltiempo\/blog\/noticias\/2026\/03\/24124808\/N.Temp850_dom08h-700x394.jpg\"><img loading=\"lazy\" decoding=\"async\" class=\"aligncenter size-large\" src=\"https:\/\/cdns3.eltiempo.es\/eltiempo\/blog\/noticias\/2026\/03\/24124808\/N.Temp850_dom08h-700x394.jpg\" width=\"700\" height=\"394\" \/><\/a><\/p>\n<p>Esti avisu va concluyir a la 3 hores de la madrugada del xueves.<\/p>\n<p>Centr\u00e1ndonos nel <strong>xueves<\/strong>, vamos siguir con cielos nublos y precipitaciones, siquier, nel sector oriental mientres la primer met\u00e1 del d\u00eda qu&#8217;ent\u00e1 va poder dexar nieve a partir de los 900 metros. A lo llargo de la tarde la inestabilid\u00e1 va tender a unviar al par que los vientos van dir rolando hasta afitase de nord\u00e9s. Tiempu m\u00e1s estable para&#8217;l vienres, pero de cara a la fin de selmana va volver la inestabilid\u00e1 y volver\u00e1n baxar les temperatures.<\/p>\n","protected":false},"excerpt":{"rendered":"<p>Esperamos el pasu d&#8217;un frente fr\u00edu que va percorrer la rex\u00f3n de norte a sur y d&#8217;oeste a este. Y\u00e1 dende bien temprano, va empezar lloviendo pola mari\u00f1a, enfus\u00e1ndose les precipitaciones escontra l&#8217;interior a lo llargo de la ma\u00f1ana. Pela tarde va siguir lloviendo y va facer en forma de bastios que van ser m\u00e1s [&hellip;]<\/p>\n","protected":false},"author":117,"featured_media":0,"comment_status":"closed","ping_status":"closed","sticky":false,"template":"","format":"standard","meta":{"footnotes":""},"categories":[1],"tags":[],"class_list":["post-70027","post","type-post","status-publish","format-standard","hentry","category-sin-categoria"],"_links":{"self":[{"href":"https:\/\/edublog.educastur.es\/ixuxu\/wp-json\/wp\/v2\/posts\/70027","targetHints":{"allow":["GET"]}}],"collection":[{"href":"https:\/\/edublog.educastur.es\/ixuxu\/wp-json\/wp\/v2\/posts"}],"about":[{"href":"https:\/\/edublog.educastur.es\/ixuxu\/wp-json\/wp\/v2\/types\/post"}],"author":[{"embeddable":true,"href":"https:\/\/edublog.educastur.es\/ixuxu\/wp-json\/wp\/v2\/users\/117"}],"replies":[{"embeddable":true,"href":"https:\/\/edublog.educastur.es\/ixuxu\/wp-json\/wp\/v2\/comments?post=70027"}],"version-history":[{"count":6,"href":"https:\/\/edublog.educastur.es\/ixuxu\/wp-json\/wp\/v2\/posts\/70027\/revisions"}],"predecessor-version":[{"id":70182,"href":"https:\/\/edublog.educastur.es\/ixuxu\/wp-json\/wp\/v2\/posts\/70027\/revisions\/70182"}],"wp:attachment":[{"href":"https:\/\/edublog.educastur.es\/ixuxu\/wp-json\/wp\/v2\/media?parent=70027"}],"wp:term":[{"taxonomy":"category","embeddable":true,"href":"https:\/\/edublog.educastur.es\/ixuxu\/wp-json\/wp\/v2\/categories?post=70027"},{"taxonomy":"post_tag","embeddable":true,"href":"https:\/\/edublog.educastur.es\/ixuxu\/wp-json\/wp\/v2\/tags?post=70027"}],"curies":[{"name":"wp","href":"https:\/\/api.w.org\/{rel}","templated":true}]}}