{"id":70058,"date":"2026-03-26T09:00:25","date_gmt":"2026-03-26T07:00:25","guid":{"rendered":"https:\/\/edublog.educastur.es\/ixuxu\/?p=70058"},"modified":"2026-03-25T11:57:45","modified_gmt":"2026-03-25T09:57:45","slug":"dia-mundial-del-clima-3","status":"publish","type":"post","link":"https:\/\/edublog.educastur.es\/ixuxu\/2026\/03\/dia-mundial-del-clima-3\/","title":{"rendered":"D\u00eda Mundial del clima"},"content":{"rendered":"<p style=\"text-align: center\"><a href=\"https:\/\/imgs.search.brave.com\/gau4mP7W1V-2_r4CaCvTlyQv8Rg7glpguVLTzHIqe6I\/rs:fit:860:0:0:0\/g:ce\/aHR0cHM6Ly9ibG9n\/Z2VyLmdvb2dsZXVz\/ZXJjb250ZW50LmNv\/bS9pbWcvYi9SMjl2\/WjJ4bC9BVnZYc0Vn\/aW4tTnF2TktkU2dm\/a3NiekpjTVhyV2xC\/OWJ6X2VOVlUtdHJm\/OEJ2UjRETnZkb3h5\/dnBlSVJTeThOd0JL\/eFI0VlJkVDI2eGxE\/dU1rdjRRdkQ2b3p1\/MndfVUdXelEyLVEy\/RlZkd21MamJ5STRW\/RmktVkEyUmN2VnZQ\/U0JxdERSWERrLVJs\/ZUFUNERyTkVjcHda\/SXI5NlVFTzJuWHR0\/ZVMzMXBHNXdUMXh1\/aFRwekhrbU04YWh4\/d1NIY1RONE0vdzY0\/MC1oMzUwL0ZyYXNl\/cyUyMEQlQzMlQURh\/JTIwTWV0ZW9yb2wl\/QzMlQjNnaWNvJTIw\/TXVuZGlhbCUyMDIw\/MjYtTG8lMjBJbnZp\/c2libGUtaW1hZ2Vu\/My5qcGc\"><img loading=\"lazy\" decoding=\"async\" class=\"aligncenter size-large\" src=\"https:\/\/imgs.search.brave.com\/gau4mP7W1V-2_r4CaCvTlyQv8Rg7glpguVLTzHIqe6I\/rs:fit:860:0:0:0\/g:ce\/aHR0cHM6Ly9ibG9n\/Z2VyLmdvb2dsZXVz\/ZXJjb250ZW50LmNv\/bS9pbWcvYi9SMjl2\/WjJ4bC9BVnZYc0Vn\/aW4tTnF2TktkU2dm\/a3NiekpjTVhyV2xC\/OWJ6X2VOVlUtdHJm\/OEJ2UjRETnZkb3h5\/dnBlSVJTeThOd0JL\/eFI0VlJkVDI2eGxE\/dU1rdjRRdkQ2b3p1\/MndfVUdXelEyLVEy\/RlZkd21MamJ5STRW\/RmktVkEyUmN2VnZQ\/U0JxdERSWERrLVJs\/ZUFUNERyTkVjcHda\/SXI5NlVFTzJuWHR0\/ZVMzMXBHNXdUMXh1\/aFRwekhrbU04YWh4\/d1NIY1RONE0vdzY0\/MC1oMzUwL0ZyYXNl\/cyUyMEQlQzMlQURh\/JTIwTWV0ZW9yb2wl\/QzMlQjNnaWNvJTIw\/TXVuZGlhbCUyMDIw\/MjYtTG8lMjBJbnZp\/c2libGUtaW1hZ2Vu\/My5qcGc\" width=\"640\" height=\"349\" \/><\/a><\/p>\n<p>Cel\u00e9brase&#8217;l 26 de marzu, <span style=\"color: #008080\"><strong>coles mires de xenerar conciencia colectiva sobro la importancia del clima y la so influencia na humanid\u00e1<\/strong><\/span>. Esti d\u00eda, establec\u00edu tres la Convenci\u00f3n Marco de les Naciones Xun\u00edes sobro&#8217;l Camb\u00e9u Clim\u00e1ticu de 1992, <strong><span style=\"color: #008080\">busca sensibilizar sobro los efectos del camb\u00e9u clim\u00e1ticu<\/span><\/strong>, impulsar acciones p&#8217;apangar los sos impactos y promover la cooperaci\u00f3n internacional.<\/p>\n<p><!--more--><\/p>\n<ul>\n<li><span style=\"text-decoration: underline\">Oxetivu principal<\/span>: Fomentar l&#8217;acci\u00f3n global frente al camb\u00e9u clim\u00e1ticu, destacando la urxencia d&#8217;amenorgar emisiones de gases d&#8217;efectu invernaderu, protexer ecosistemes y promover enerx\u00edes llimpies.<\/li>\n<li><span style=\"text-decoration: underline\">Contestu actual<\/span>: Seg\u00fan datos reci\u00e9n, el per\u00edodu 2014\u20132023 foi 1,20\u202f\u00b0C m\u00e1s templ\u00e1u que la media hist\u00f3rica, y 2023 foi l&#8217;a\u00f1u m\u00e1s calorosu rexistr\u00e1u. Am\u00e1s, 9 de cada 10 ne\u00f1os llatinoamericanos van enfrentar siquier dos crisis clim\u00e1tiques mientres la so infancia.<\/li>\n<li><span style=\"text-decoration: underline\">Acciones encamentaes<\/span>: Participar en campa\u00f1es de sensibilizaci\u00f3n, semar \u00e1rboles, amenorgar el consumu de pl\u00e1sticos, usar tresporte sostenible y compartir conten\u00edu col hashtag <strong class=\"svelte-x57wqa\"><span class=\"svelte-x57wqa\">#DiaMundialDelClima<\/span><\/strong><\/li>\n<\/ul>\n<p style=\"text-align: center\"><a href=\"https:\/\/imgs.search.brave.com\/uJf2JqFyKPdwZWhMQJjEwT1HjMMvDXkG7xwFQtQdkmA\/rs:fit:860:0:0:0\/g:ce\/aHR0cHM6Ly9tZWRp\/YS5pc3RvY2twaG90\/by5jb20vaWQvMTEy\/NzcxMDk0NC9lcy9m\/b3RvL2NvbmNlcHRv\/LWRlLWNhbWJpby1j\/bGltJUMzJUExdGlj\/by5qcGc_cz02MTJ4\/NjEyJnc9MCZrPTIw\/JmM9VmxrT2ozbGV3\/TVVzOHJUX2NrR2tB\/ZllvQ1NINmZ6NWZZ\/Z3pxU0k2cHIzQT0\"><img loading=\"lazy\" decoding=\"async\" class=\"aligncenter size-large\" src=\"https:\/\/imgs.search.brave.com\/uJf2JqFyKPdwZWhMQJjEwT1HjMMvDXkG7xwFQtQdkmA\/rs:fit:860:0:0:0\/g:ce\/aHR0cHM6Ly9tZWRp\/YS5pc3RvY2twaG90\/by5jb20vaWQvMTEy\/NzcxMDk0NC9lcy9m\/b3RvL2NvbmNlcHRv\/LWRlLWNhbWJpby1j\/bGltJUMzJUExdGlj\/by5qcGc_cz02MTJ4\/NjEyJnc9MCZrPTIw\/JmM9VmxrT2ozbGV3\/TVVzOHJUX2NrR2tB\/ZllvQ1NINmZ6NWZZ\/Z3pxU0k2cHIzQT0\" width=\"612\" height=\"405\" \/><\/a><\/p>\n<p><strong>\u00bfQu\u00e9 ye&#8217;l clima?<\/strong> Def\u00ednese como&#8217;l conxuntu de condiciones meteorol\u00f3xiques y atmosf\u00e9riques d&#8217;una zona xeogr\u00e1fica, mientres un periodu de tiempu enllarg\u00e1u: vientu, precipitaciones, mugor, presi\u00f3n atmosf\u00e9rica y temperatura.<\/p>\n<p>Esisten munchos factores qu&#8217;infl\u00fain naturalmente nel clima, tales como l&#8217;acumuladura de gases qu&#8217;atrapen calor na atm\u00f3sfera, cambeos na intensid\u00e1 del sol, erupciones volc\u00e1niques, ente otros.<\/p>\n<p>El clima constit\u00fai un elementu de vital importancia naquelles actividaes desenvueltes pol home que rican de condiciones ambientales espec\u00edfiques, baltes como l&#8217;agricultura, la caza y pesca llegal.<\/p>\n<p>&nbsp;<\/p>\n<p>&nbsp;<\/p>\n<blockquote class=\"wp-embedded-content\" data-secret=\"HTHX8AZs3i\"><p><a href=\"https:\/\/teachersforfuturespain.org\/28000-por-el-clima\/\">28 000 por el Clima<\/a><\/p><\/blockquote>\n<p><iframe loading=\"lazy\" class=\"wp-embedded-content\" sandbox=\"allow-scripts\" security=\"restricted\" style=\"position: absolute; visibility: hidden;\" title=\"\u00ab28 000 por el Clima\u00bb \u2014 Teachers For Future Spain\" src=\"https:\/\/teachersforfuturespain.org\/28000-por-el-clima\/embed\/#?secret=xSnMXAdteX#?secret=HTHX8AZs3i\" data-secret=\"HTHX8AZs3i\" width=\"600\" height=\"338\" frameborder=\"0\" marginwidth=\"0\" marginheight=\"0\" scrolling=\"no\"><\/iframe><\/p>\n","protected":false},"excerpt":{"rendered":"<p>Cel\u00e9brase&#8217;l 26 de marzu, coles mires de xenerar conciencia colectiva sobro la importancia del clima y la so influencia na humanid\u00e1. Esti d\u00eda, establec\u00edu tres la Convenci\u00f3n Marco de les Naciones Xun\u00edes sobro&#8217;l Camb\u00e9u Clim\u00e1ticu de 1992, busca sensibilizar sobro los efectos del camb\u00e9u clim\u00e1ticu, impulsar acciones p&#8217;apangar los sos impactos y promover la cooperaci\u00f3n [&hellip;]<\/p>\n","protected":false},"author":117,"featured_media":0,"comment_status":"closed","ping_status":"closed","sticky":false,"template":"","format":"standard","meta":{"footnotes":""},"categories":[6],"tags":[],"class_list":["post-70058","post","type-post","status-publish","format-standard","hentry","category-dia-de"],"_links":{"self":[{"href":"https:\/\/edublog.educastur.es\/ixuxu\/wp-json\/wp\/v2\/posts\/70058","targetHints":{"allow":["GET"]}}],"collection":[{"href":"https:\/\/edublog.educastur.es\/ixuxu\/wp-json\/wp\/v2\/posts"}],"about":[{"href":"https:\/\/edublog.educastur.es\/ixuxu\/wp-json\/wp\/v2\/types\/post"}],"author":[{"embeddable":true,"href":"https:\/\/edublog.educastur.es\/ixuxu\/wp-json\/wp\/v2\/users\/117"}],"replies":[{"embeddable":true,"href":"https:\/\/edublog.educastur.es\/ixuxu\/wp-json\/wp\/v2\/comments?post=70058"}],"version-history":[{"count":6,"href":"https:\/\/edublog.educastur.es\/ixuxu\/wp-json\/wp\/v2\/posts\/70058\/revisions"}],"predecessor-version":[{"id":70064,"href":"https:\/\/edublog.educastur.es\/ixuxu\/wp-json\/wp\/v2\/posts\/70058\/revisions\/70064"}],"wp:attachment":[{"href":"https:\/\/edublog.educastur.es\/ixuxu\/wp-json\/wp\/v2\/media?parent=70058"}],"wp:term":[{"taxonomy":"category","embeddable":true,"href":"https:\/\/edublog.educastur.es\/ixuxu\/wp-json\/wp\/v2\/categories?post=70058"},{"taxonomy":"post_tag","embeddable":true,"href":"https:\/\/edublog.educastur.es\/ixuxu\/wp-json\/wp\/v2\/tags?post=70058"}],"curies":[{"name":"wp","href":"https:\/\/api.w.org\/{rel}","templated":true}]}}