{"id":70089,"date":"2026-02-25T15:28:35","date_gmt":"2026-02-25T13:28:35","guid":{"rendered":"https:\/\/edublog.educastur.es\/ixuxu\/?p=70089"},"modified":"2026-03-25T15:30:42","modified_gmt":"2026-03-25T13:30:42","slug":"el-nuberu","status":"publish","type":"post","link":"https:\/\/edublog.educastur.es\/ixuxu\/2026\/02\/el-nuberu\/","title":{"rendered":"\u00abEl Nuberu\u00bb, por Rapacina"},"content":{"rendered":"<p>Canci\u00f3n infantil n\u2019asturianu pa conocer al Nuberu, personaxe mitol\u00f3xicu d\u2019Asturies que trai la \u00f1ube, l\u00a1orbayu y la truena\ud83c\udf27\ufe0f\u26a1 Una canci\u00f3n m\u00e1xica, ideal pa ne\u00f1os y ne\u00f1es peque\u00f1os, perfecta pa la escuela o pa cantar na casa mientres deprendemos sobre\u2019l tiempu y la mitolox\u00eda asturiana.<a href=\"https:\/\/www.youtube.com\/@Rapacinast\"><strong> RAPACINA<\/strong> <\/a>\/ <a href=\"https:\/\/youtu.be\/tsfmFe2b_Yw\">Youtube<\/a><\/p>\n<p style=\"text-align: center\">\n<!-- iframe plugin v.6.0 wordpress.org\/plugins\/iframe\/ -->\n<iframe loading=\"lazy\" width=\"100%\" height=\"427\" src=\"https:\/\/www.youtube.com\/embed\/tsfmFe2b_Yw\" title=\"\ud83c\udf27\ufe0f El Nuberu | Canci\u00f3n infantil n\u2019asturianu \u26a1\" frameborder=\"0\" allow=\"accelerometer; autoplay; clipboard-write; encrypted-media; gyroscope; picture-in-picture; web-share\" referrerpolicy=\"strict-origin-when-cross-origin\" 0=\"allowfullscreen\" 1=\"\/iframe\" scrolling=\"yes\" class=\"iframe-class\"><\/iframe>\n<\/p>\n","protected":false},"excerpt":{"rendered":"<p>Canci\u00f3n infantil n\u2019asturianu pa conocer al Nuberu, personaxe mitol\u00f3xicu d\u2019Asturies que trai la \u00f1ube, l\u00a1orbayu y la truena\ud83c\udf27\ufe0f\u26a1 Una canci\u00f3n m\u00e1xica, ideal pa ne\u00f1os y ne\u00f1es peque\u00f1os, perfecta pa la escuela o pa cantar na casa mientres deprendemos sobre\u2019l tiempu y la mitolox\u00eda asturiana. RAPACINA \/ Youtube<\/p>\n","protected":false},"author":117,"featured_media":0,"comment_status":"closed","ping_status":"closed","sticky":false,"template":"","format":"standard","meta":{"footnotes":""},"categories":[226,486],"tags":[],"class_list":["post-70089","post","type-post","status-publish","format-standard","hentry","category-mitoloxia","category-rapacina"],"_links":{"self":[{"href":"https:\/\/edublog.educastur.es\/ixuxu\/wp-json\/wp\/v2\/posts\/70089","targetHints":{"allow":["GET"]}}],"collection":[{"href":"https:\/\/edublog.educastur.es\/ixuxu\/wp-json\/wp\/v2\/posts"}],"about":[{"href":"https:\/\/edublog.educastur.es\/ixuxu\/wp-json\/wp\/v2\/types\/post"}],"author":[{"embeddable":true,"href":"https:\/\/edublog.educastur.es\/ixuxu\/wp-json\/wp\/v2\/users\/117"}],"replies":[{"embeddable":true,"href":"https:\/\/edublog.educastur.es\/ixuxu\/wp-json\/wp\/v2\/comments?post=70089"}],"version-history":[{"count":4,"href":"https:\/\/edublog.educastur.es\/ixuxu\/wp-json\/wp\/v2\/posts\/70089\/revisions"}],"predecessor-version":[{"id":70093,"href":"https:\/\/edublog.educastur.es\/ixuxu\/wp-json\/wp\/v2\/posts\/70089\/revisions\/70093"}],"wp:attachment":[{"href":"https:\/\/edublog.educastur.es\/ixuxu\/wp-json\/wp\/v2\/media?parent=70089"}],"wp:term":[{"taxonomy":"category","embeddable":true,"href":"https:\/\/edublog.educastur.es\/ixuxu\/wp-json\/wp\/v2\/categories?post=70089"},{"taxonomy":"post_tag","embeddable":true,"href":"https:\/\/edublog.educastur.es\/ixuxu\/wp-json\/wp\/v2\/tags?post=70089"}],"curies":[{"name":"wp","href":"https:\/\/api.w.org\/{rel}","templated":true}]}}