{"id":70112,"date":"2026-03-26T08:30:13","date_gmt":"2026-03-26T06:30:13","guid":{"rendered":"https:\/\/edublog.educastur.es\/ixuxu\/?p=70112"},"modified":"2026-03-26T21:10:50","modified_gmt":"2026-03-26T19:10:50","slug":"el-tiempu-el-comercio-295","status":"publish","type":"post","link":"https:\/\/edublog.educastur.es\/ixuxu\/2026\/03\/el-tiempu-el-comercio-295\/","title":{"rendered":"El tiempu (El Comercio)"},"content":{"rendered":"<p style=\"text-align: center\"><a href=\"https:\/\/s1.ppllstatics.com\/elcomercio\/www\/multimedia\/2026\/03\/25\/tiempo-asturias-k7mB-U2302588077118HVD-1200x870@El%20Comercio.jpg\"><img loading=\"lazy\" decoding=\"async\" class=\"aligncenter size-large\" src=\"https:\/\/s1.ppllstatics.com\/elcomercio\/www\/multimedia\/2026\/03\/25\/tiempo-asturias-k7mB-U2302588077118HVD-1200x870@El%20Comercio.jpg\" width=\"1200\" height=\"870\" \/><\/a><\/p>\n<p><strong>Pela ma\u00f1ana<\/strong> ent\u00e1 s&#8217;esperen ag\u00fces d\u00e9biles que van afectar sobremanera al oriente, pero nun se refuga n&#8217;otros puntos de la mari\u00f1a occidental y nel sector central del Princip\u00e1u. Estes precipitaciones van dexar nieve a partir de los 900 o 1000 metros mientres les primeres hores de la ma\u00f1ana. <strong>Pela tarde<\/strong> la inestabilid\u00e1 va dir unviando, pero garr\u00e9 tou ent\u00e1 podr\u00eda apaecer espor\u00e1dicamente nel terciu oriental con una cota de nieve y\u00e1 m\u00e1s alta.<\/p>\n<p><strong>Los vientos<\/strong> dir\u00e1n afit\u00e1ndose de nord\u00e9s col intre de les hores. Van Ser vientos fluexos con delles raches moderaes na mari\u00f1a. <strong>Les temperatures m\u00e1ximes<\/strong> van baxar llixeramente nel cordal y van caltenese ensin cambeos nel restu. <strong>Les m\u00ednimes<\/strong> van baxar un pocu nel interior occidental y apenes van variar nel restu de la rex\u00f3n.<\/p>\n<p><!--more--><\/p>\n<p><strong>El vienres<\/strong> tiempu m\u00e1s estable anque con cierta nubosid\u00e1 polo xeneral salvu nel suroccidente onde van predominar los grandes claros. Les temperatures recuperar\u00e1nse un pocu.<\/p>\n<p><strong>El s\u00e1badu<\/strong> va entrar un frente fr\u00edu pocu activu a partir del mediud\u00eda que va dexar una tarde con ag\u00fces d\u00e9biles acompa\u00f1\u00e1u d&#8217;un descensu t\u00e9rmicu.<\/p>\n<p><strong>Domingo de Ramos f<\/strong>r\u00edu con nubes y dellos orbayos pela ma\u00f1ana.<\/p>\n<p style=\"text-align: center\"><a href=\"https:\/\/cdns3.eltiempo.es\/eltiempo\/blog\/noticias\/2026\/03\/26093742\/n.min_domingo-1024x576.jpg\"><img loading=\"lazy\" decoding=\"async\" class=\"aligncenter size-large\" src=\"https:\/\/cdns3.eltiempo.es\/eltiempo\/blog\/noticias\/2026\/03\/26093742\/n.min_domingo-1024x576.jpg\" width=\"1024\" height=\"576\" \/><\/a><\/p>\n<p style=\"text-align: center\"><a href=\"https:\/\/cdns3.eltiempo.es\/eltiempo\/blog\/noticias\/2026\/03\/26093810\/n.max_dom-6-1024x576.jpg\"><img loading=\"lazy\" decoding=\"async\" class=\"aligncenter size-large\" src=\"https:\/\/cdns3.eltiempo.es\/eltiempo\/blog\/noticias\/2026\/03\/26093810\/n.max_dom-6-1024x576.jpg\" width=\"1024\" height=\"576\" \/><\/a><\/p>\n<p>El Domingu de Ramos marca l&#8217;entamu de la Selmana Santa con un tiempu bien estable en bona parte del pa\u00eds.<\/p>\n<p style=\"text-align: center\"><a href=\"https:\/\/cdns3.eltiempo.es\/eltiempo\/blog\/noticias\/2026\/03\/26093956\/z500_dom10h-1024x576.jpg\"><img loading=\"lazy\" decoding=\"async\" class=\"aligncenter size-large\" src=\"https:\/\/cdns3.eltiempo.es\/eltiempo\/blog\/noticias\/2026\/03\/26093956\/z500_dom10h-1024x576.jpg\" width=\"1024\" height=\"576\" \/><\/a><\/p>\n","protected":false},"excerpt":{"rendered":"<p>Pela ma\u00f1ana ent\u00e1 s&#8217;esperen ag\u00fces d\u00e9biles que van afectar sobremanera al oriente, pero nun se refuga n&#8217;otros puntos de la mari\u00f1a occidental y nel sector central del Princip\u00e1u. Estes precipitaciones van dexar nieve a partir de los 900 o 1000 metros mientres les primeres hores de la ma\u00f1ana. Pela tarde la inestabilid\u00e1 va dir unviando, [&hellip;]<\/p>\n","protected":false},"author":117,"featured_media":0,"comment_status":"closed","ping_status":"closed","sticky":false,"template":"","format":"standard","meta":{"footnotes":""},"categories":[5],"tags":[],"class_list":["post-70112","post","type-post","status-publish","format-standard","hentry","category-tiempu"],"_links":{"self":[{"href":"https:\/\/edublog.educastur.es\/ixuxu\/wp-json\/wp\/v2\/posts\/70112","targetHints":{"allow":["GET"]}}],"collection":[{"href":"https:\/\/edublog.educastur.es\/ixuxu\/wp-json\/wp\/v2\/posts"}],"about":[{"href":"https:\/\/edublog.educastur.es\/ixuxu\/wp-json\/wp\/v2\/types\/post"}],"author":[{"embeddable":true,"href":"https:\/\/edublog.educastur.es\/ixuxu\/wp-json\/wp\/v2\/users\/117"}],"replies":[{"embeddable":true,"href":"https:\/\/edublog.educastur.es\/ixuxu\/wp-json\/wp\/v2\/comments?post=70112"}],"version-history":[{"count":3,"href":"https:\/\/edublog.educastur.es\/ixuxu\/wp-json\/wp\/v2\/posts\/70112\/revisions"}],"predecessor-version":[{"id":70199,"href":"https:\/\/edublog.educastur.es\/ixuxu\/wp-json\/wp\/v2\/posts\/70112\/revisions\/70199"}],"wp:attachment":[{"href":"https:\/\/edublog.educastur.es\/ixuxu\/wp-json\/wp\/v2\/media?parent=70112"}],"wp:term":[{"taxonomy":"category","embeddable":true,"href":"https:\/\/edublog.educastur.es\/ixuxu\/wp-json\/wp\/v2\/categories?post=70112"},{"taxonomy":"post_tag","embeddable":true,"href":"https:\/\/edublog.educastur.es\/ixuxu\/wp-json\/wp\/v2\/tags?post=70112"}],"curies":[{"name":"wp","href":"https:\/\/api.w.org\/{rel}","templated":true}]}}