{"id":70116,"date":"2026-03-26T09:59:21","date_gmt":"2026-03-26T07:59:21","guid":{"rendered":"https:\/\/edublog.educastur.es\/ixuxu\/?p=70116"},"modified":"2026-03-26T10:22:44","modified_gmt":"2026-03-26T08:22:44","slug":"larte-del-xixones-edgar-plans-dal-saltu-a-la-porzolana-de-lladro","status":"publish","type":"post","link":"https:\/\/edublog.educastur.es\/ixuxu\/2026\/03\/larte-del-xixones-edgar-plans-dal-saltu-a-la-porzolana-de-lladro\/","title":{"rendered":"L&#8217;arte del xixon\u00e9s Edgar Plans da&#8217;l saltu a la porzolana de Lladr\u00f3"},"content":{"rendered":"<p><a href=\"https:\/\/s3.ppllstatics.com\/elcomercio\/www\/multimedia\/2026\/03\/25\/Edgar_Plans_Lladr%c3%b3-RrfifWLAgMWkxSvBKx2obPO-1200x840@El%20Comercio.jpg\"><img loading=\"lazy\" decoding=\"async\" class=\"aligncenter size-large\" src=\"https:\/\/s3.ppllstatics.com\/elcomercio\/www\/multimedia\/2026\/03\/25\/Edgar_Plans_Lladr%c3%b3-RrfifWLAgMWkxSvBKx2obPO-1200x840@El%20Comercio.jpg\" width=\"1200\" height=\"840\" \/><\/a><\/p>\n<p>L&#8217;arte del xixon\u00e9s Edgar Plans da&#8217;l saltu a la porzolana de Lladr\u00f3. L&#8217;artista va presentar la collaboraci\u00f3n cola marca valenciana n&#8217;Art Basel Hong Kong con una figura inspirada nel so padre. <a href=\"https:\/\/www.elcomercio.es\/culturas\/arte\/edgar-plans-artista-gijon-porcelana-lladro-20260325225849-nt.html\">El Comercio<\/a><\/p>\n<p><!--more--><\/p>\n<p>L&#8217;arte d&#8217;Edgar Plans nun entiende de llendes formales, est\u00e9ticos nin creativos. Tampoco materiales, pos para&#8217;l so \u00faltimu proyectu embarc\u00f3se nel viaxe de <strong>combinar artesan\u00eda y vanguardia<\/strong> dando vida a unu de los sos peque\u00f1os Animal Heroes en porzolana de Lladr\u00f3.<\/p>\n<p>Ll\u00e1mase &#8216;Juanin and his martian&#8217; y debuta esti vienres nel merc\u00e1u internacional, nun llugar del planeta tan escepcional para faelo como ye Hong Kong mientres<strong> la selmana d&#8217;Art Basel, la feria d&#8217;arte contemporaneo m\u00e1s influyente del mundu.<\/strong> L&#8217;artista xixon\u00e9s sabe qu&#8217;ell\u00ed s&#8217;aprecia enforma&#8217;l so trabayu, que n&#8217;Asia \u00abgusten enforma les temes que tratu, el color\u00edu y los personaxes\u00bb, esplica, y que los visitantes \u00abvense bien reflexaos, como ne\u00f1os peque\u00f1os y so\u00f1adores, colos persdonaxes que faigo\u00bb.<\/p>\n<p style=\"text-align: center\"><a href=\"https:\/\/s2.ppllstatics.com\/elcomercio\/www\/multimedia\/2026\/03\/25\/Fat%20Land%20130x162cm%20mixed%20media%20on%20canvas%202026_20260325203922-U18324278608Zts-650x455@El%20Comercio.jpg\"><img loading=\"lazy\" decoding=\"async\" class=\"aligncenter size-large\" src=\"https:\/\/s2.ppllstatics.com\/elcomercio\/www\/multimedia\/2026\/03\/25\/Fat%20Land%20130x162cm%20mixed%20media%20on%20canvas%202026_20260325203922-U18324278608Zts-650x455@El%20Comercio.jpg\" width=\"650\" height=\"455\" \/><\/a><\/p>\n<p style=\"text-align: center\"><em>&#8216;Fat land&#8217;, de 180 x 146 cm<\/em><\/p>\n<p>Hasta ell\u00ed movi\u00f3se, am\u00e1s de para presentar al mundu estes pequenes figures de porzolana, para participar n&#8217;Art Basel al pie de la so galer\u00eda na rex\u00f3n, Tang Contemporary Art. Nun ye la so primer vegada nesta cita col merc\u00e1u y nesta ocasi\u00f3n va aprovechar para presentar cuatro pieces \u00faniques que dexen asomase a les sos moliciones creatives m\u00e1s reci\u00e9n.<\/p>\n<p>La primera, llamada &#8216;Fat Land&#8217;, ye un llenzu de m\u00e1s d&#8217;un metro d&#8217;altu y casi dos d&#8217;anchu \u00abqu&#8217;alude al mundu del colesterol y los alimentos non saludables, pero que nos faen felices\u00bb, describe l&#8217;artista. La segunda pieza que viaxa con \u00e9l fala de \u00abun cuadiernu de notes sobro temes de caf\u00e9\u00bb y, a lo \u00faltimo, acomp\u00e1\u00f1en-y dos pequenos llenzos de personaxes sobro nubes, como&#8217;l delic\u00e1u &#8216;Balloon boy&#8217;, que puede vese so estes ll\u00ednees reparando c\u00f3mo&#8217;l so globu esc\u00e1pase de les llendes del marcu.<\/p>\n<p style=\"text-align: center\"><a href=\"https:\/\/s3.ppllstatics.com\/elcomercio\/www\/multimedia\/2026\/03\/25\/Balloon%20boy%2021x15cm%20mixed%20media%20on%20canvas%202026-k01-U43850783304Pvw-650x455@El%20Comercio.jpg\"><img loading=\"lazy\" decoding=\"async\" class=\"aligncenter size-large\" src=\"https:\/\/s3.ppllstatics.com\/elcomercio\/www\/multimedia\/2026\/03\/25\/Balloon%20boy%2021x15cm%20mixed%20media%20on%20canvas%202026-k01-U43850783304Pvw-650x455@El%20Comercio.jpg\" width=\"403\" height=\"455\" \/><\/a><\/p>\n<p style=\"text-align: center\"><em>&#8216;Balloon boy&#8217;\u00a0<\/em><\/p>\n<p>La collaboraci\u00f3n con Lladr\u00f3, un proyectu que-y dex\u00f3 esquizar un material hist\u00f3rico para arriquecelo col so toque vanguardista, foi una iniciativa de la popular marca de porzolana: \u00abT\u00e1n faciendo una edici\u00f3n con artistes y pensaron nel mio trabayu\u00bb, esplica Plans.<\/p>\n<p>\u00abLo primero que pens\u00e9 foi neses escultures de tola vida que tienen los mios padres en casa\u00bb, tan enraigonaes na cultura popular, pero que nos \u00faltimos tiempos esvi\u00e1ronse tem\u00e1ticamente escontra imaxes m\u00e1s contemporanees. Ello ye que Lladr\u00f3 cuenta con un programa llam\u00e1u <strong>Art Editions<\/strong> dedic\u00e1u a la creaci\u00f3n de series d&#8217;autor en porzolana.<\/p>\n<p>Artistes como Leandro Erlich y Javier Caleya y\u00e1 llanzaron ell\u00ed les sos propies colecciones y l&#8217;empresa cunta con dise\u00f1os de marques como Star Wars, Warner Bros. o Disney, polo que Plans llueu se dio cuenta de que les sos obres encaxar\u00eden nel proyectu a la perfecci\u00f3n. \u00abConvid\u00e1ronme a Valencia a ver c\u00f3mo se fa\u00eda tou y gust\u00f3me enforma la idea y el proyectu\u00bb, desvela l&#8217;artista. \u00abY con el cuidu col que lo faen tou y el nome que tienen, pens\u00e9 que qu\u00e9 menos que faer esto con una marca espa\u00f1ola d&#8217;esi nivel\u00bb.<\/p>\n<p><strong>Ensin barreres para sua\u00f1ar. <\/strong>Asina s&#8217;embarc\u00f3 nesta pequena aventura de porzolana que fala de la so familia, de los sos sua\u00f1os y de lo importante que ye para \u00e9l dexar espaciu a la inspiraci\u00f3n. La figura principal \u00abye un personaxe que ta bien influy\u00edu polo que yera&#8217;l mio padre\u00bb, l&#8217;escritor xixon\u00e9s Juan Jos\u00e9 Plans. \u00abY por tolo qu&#8217;\u00e9l m&#8217;ense\u00f1\u00f3 a mi: a pensar y a sua\u00f1ar, a ser llibre\u00bb.<\/p>\n<p>Por eso&#8217;l peque\u00f1u Animal Hero que cre\u00f3 esta vegada asitiase sobro un bloque de fueyes en blancu: porque tien tol futuru por escribir. \u00abLa idea ye que tolos tos sua\u00f1os pueden realizase y tienes que vivir la to propia hestoria, non la de los dem\u00e1s\u00bb, esplica. \u00abComo&#8217;l mio padre siempres tuvo dientro del mundu de la lliteratura y de la cultura y siempres me ayudaren a creer nel mio trabayu, ye l&#8217;homenaxe que quiero fae-y\u00bb. Asina, al llau d&#8217;esti pequenu h\u00e9roe de porzolana que toma&#8217;l nome del so padre, at\u00f3pase un marcianu sobro unos l\u00e1pices que representa \u00abque&#8217;l mundu nun ye abondu, que ye l&#8217;universu&#8217;l qu&#8217;inspira. Que nun hai barreres nin fronteres a la de pensar ya imaxinar otros mundos\u00bb.<\/p>\n<p>La collaboraci\u00f3n con Lladr\u00f3 va tener percorr\u00edu m\u00e1s all\u00e1 de Hong Kong y de esta primer edici\u00f3n de solu venticinco unidaes decoraes, ca\u00fana d&#8217;elles, d&#8217;una manera \u00fanica. \u00abDepu\u00e9s, va presentase otru personaxe m\u00e1s peque\u00f1\u00edn\u00bb, adelantra Plans, y ent\u00e1 va haber un cuartu, \u00abque ye&#8217;l marcianu qu&#8217;agora ta sobro los l\u00e1pices\u00bb, y que tami\u00e9n va tener el so protagonismu de manera individual.<\/p>\n","protected":false},"excerpt":{"rendered":"<p>L&#8217;arte del xixon\u00e9s Edgar Plans da&#8217;l saltu a la porzolana de Lladr\u00f3. L&#8217;artista va presentar la collaboraci\u00f3n cola marca valenciana n&#8217;Art Basel Hong Kong con una figura inspirada nel so padre. El Comercio<\/p>\n","protected":false},"author":117,"featured_media":0,"comment_status":"closed","ping_status":"closed","sticky":false,"template":"","format":"standard","meta":{"footnotes":""},"categories":[89],"tags":[],"class_list":["post-70116","post","type-post","status-publish","format-standard","hentry","category-arte"],"_links":{"self":[{"href":"https:\/\/edublog.educastur.es\/ixuxu\/wp-json\/wp\/v2\/posts\/70116","targetHints":{"allow":["GET"]}}],"collection":[{"href":"https:\/\/edublog.educastur.es\/ixuxu\/wp-json\/wp\/v2\/posts"}],"about":[{"href":"https:\/\/edublog.educastur.es\/ixuxu\/wp-json\/wp\/v2\/types\/post"}],"author":[{"embeddable":true,"href":"https:\/\/edublog.educastur.es\/ixuxu\/wp-json\/wp\/v2\/users\/117"}],"replies":[{"embeddable":true,"href":"https:\/\/edublog.educastur.es\/ixuxu\/wp-json\/wp\/v2\/comments?post=70116"}],"version-history":[{"count":5,"href":"https:\/\/edublog.educastur.es\/ixuxu\/wp-json\/wp\/v2\/posts\/70116\/revisions"}],"predecessor-version":[{"id":70121,"href":"https:\/\/edublog.educastur.es\/ixuxu\/wp-json\/wp\/v2\/posts\/70116\/revisions\/70121"}],"wp:attachment":[{"href":"https:\/\/edublog.educastur.es\/ixuxu\/wp-json\/wp\/v2\/media?parent=70116"}],"wp:term":[{"taxonomy":"category","embeddable":true,"href":"https:\/\/edublog.educastur.es\/ixuxu\/wp-json\/wp\/v2\/categories?post=70116"},{"taxonomy":"post_tag","embeddable":true,"href":"https:\/\/edublog.educastur.es\/ixuxu\/wp-json\/wp\/v2\/tags?post=70116"}],"curies":[{"name":"wp","href":"https:\/\/api.w.org\/{rel}","templated":true}]}}