{"id":70154,"date":"2026-03-26T11:17:09","date_gmt":"2026-03-26T09:17:09","guid":{"rendered":"https:\/\/edublog.educastur.es\/ixuxu\/?p=70154"},"modified":"2026-03-26T11:17:41","modified_gmt":"2026-03-26T09:17:41","slug":"institutu-de-e-s-xuan-bello-uvieu","status":"publish","type":"post","link":"https:\/\/edublog.educastur.es\/ixuxu\/2026\/03\/institutu-de-e-s-xuan-bello-uvieu\/","title":{"rendered":"Institutu de E. S. \u00abXuan Bello\u00bb, Uvi\u00e9u"},"content":{"rendered":"<div class=\"html-div xdj266r x14z9mp xat24cr x1lziwak xexx8yu x1a8lsjc xf7dkkf xv54qhq\">\n<div class=\"html-div xdj266r x14z9mp xat24cr x1lziwak xexx8yu xyri2b x18d9i69 x1c1uobl x1jx94hy x78zum5 x1q0g3np\">\n<div class=\"x78zum5 xdt5ytf xz62fqu x16ldp7u\">\n<div class=\"xu06os2 x1ok221b\">\n<div class=\"html-div xdj266r x14z9mp xat24cr x1lziwak xexx8yu xyri2b x18d9i69 x1c1uobl\" data-ad-rendering-role=\"profile_name\">\n<ul>\n<li class=\"html-h3 x14z9mp xat24cr x1lziwak xexx8yu xyri2b x18d9i69 x1c1uobl x1vvkbs x1heor9g x1qlqyl8 x1pd3egz x1a2a7pz x1gslohp x1yc453h\"><span class=\"x1lliihq x6ikm8r x10wlt62 x1n2onr6\"><span class=\"xt0psk2\"><a class=\"x1i10hfl xjbqb8w x1ejq31n x18oe1m7 x1sy0etr xstzfhl x972fbf x10w94by x1qhh985 x14e42zd x9f619 x1ypdohk xt0psk2 x3ct3a4 xdj266r x14z9mp xat24cr x1lziwak xexx8yu xyri2b x18d9i69 x1c1uobl x16tdsg8 x1hl2dhg xggy1nq x1a2a7pz xkrqix3 x1sur9pj xzsf02u x1s688f\" role=\"link\" href=\"https:\/\/www.facebook.com\/profile.php?id=100064369284354&amp;__cft__[0]=AZZ6fE3WXwsBnckbD-DlwbCLk-LQmJ_ZDrRfty6KQ6II7KP27lHSPufy5R84-X3yCuMqDWZzPzWzpWeXV-fuT__ULGa0KKo6h4ohRECZzzlGOmx76Y4veqn0wRinn6EkwMStdSNhw7QDqNxK0w3SSN5bMEl8Z9nj3RRyQy5_yUis5pGWU8j1R5cq5uqGlBV_4vgA-C6mGG_jphU79qfpcsRn&amp;__tn__=-UC%2CP-y-R\"><b class=\"html-b xdj266r x14z9mp xat24cr x1lziwak xexx8yu xyri2b x18d9i69 x1c1uobl x1hl2dhg x16tdsg8 x1vvkbs x1s688f\"><span class=\"html-span xdj266r x14z9mp xat24cr x1lziwak xexx8yu xyri2b x18d9i69 x1c1uobl x1hl2dhg x16tdsg8 x1vvkbs\">El Miradoriu &#8211; Ram\u00f3n d&#8217;Andr\u00e9s<\/span><\/b><\/a><\/span><\/span><\/li>\n<\/ul>\n<\/div>\n<\/div>\n<div class=\"xu06os2 x1ok221b\">\n<div class=\"html-div xdj266r x14z9mp xat24cr x1lziwak xexx8yu xyri2b x18d9i69 x1c1uobl x6s0dn4 x17zd0t2 x78zum5 x1q0g3np x1a02dak\" style=\"text-align: center\"><a href=\"https:\/\/ugtspasturias.com\/wp-content\/uploads\/2024\/04\/cabecera-convocatoria-1.jpg\"><img loading=\"lazy\" decoding=\"async\" class=\"aligncenter size-large\" src=\"https:\/\/ugtspasturias.com\/wp-content\/uploads\/2024\/04\/cabecera-convocatoria-1.jpg\" width=\"900\" height=\"475\" \/><\/a><\/div>\n<\/div>\n<\/div>\n<\/div>\n<\/div>\n<div class=\"html-div xdj266r x14z9mp xat24cr x1lziwak xexx8yu xyri2b x18d9i69 x1c1uobl\" dir=\"auto\">\n<div class=\"html-div xdj266r x14z9mp xat24cr x1lziwak xexx8yu xyri2b x18d9i69 x1c1uobl\" dir=\"auto\">\n<div class=\"html-div xdj266r x14z9mp xat24cr x1lziwak xexx8yu xyri2b x18d9i69 x1c1uobl\" data-ad-rendering-role=\"story_message\">\n<div class=\"x1l90r2v x1iorvi4 x1g0dm76 xpdmqnj\" data-ad-comet-preview=\"message\" data-ad-preview=\"message\">\n<div class=\"x78zum5 xdt5ytf xz62fqu x16ldp7u\">\n<div class=\"xu06os2 x1ok221b\">\n<div class=\"html-div xdj266r x14z9mp xat24cr x1lziwak xexx8yu xyri2b x18d9i69 x1c1uobl\">\n<div class=\"xdj266r x14z9mp xat24cr x1lziwak x1vvkbs x126k92a\">\n<div dir=\"auto\"><\/div>\n<\/div>\n<div class=\"x14z9mp xat24cr x1lziwak x1vvkbs xtlvy1s x126k92a\">\n<div dir=\"auto\">L\u2019institutu qu\u2019angua\u00f1o se llama \u00abLa Florida\u00bb, nesi barriu uvie\u00edn, va llamase \u00abXuan Bello\u00bb, n\u2019honor y acordanza d\u2019\u00fan de los meyores escritores que dio la lliteratura asturiana de toles d\u00f3mines.<\/div>\n<div dir=\"auto\"><!--more--><\/div>\n<\/div>\n<div class=\"x14z9mp xat24cr x1lziwak x1vvkbs xtlvy1s x126k92a\">\n<div dir=\"auto\">Con esti motivu, direcci\u00f3n, profesores y alumnos movil\u00edcense p\u2019asumir una identid\u00e1 que los va singularizar ente los IES d\u2019Asturies, y al mesmu tiempu van amestase al grupu de los centros d\u2019ense\u00f1anza que lleven nomes d\u2019escritores ilustres.<\/div>\n<div dir=\"auto\"><\/div>\n<\/div>\n<div class=\"x14z9mp xat24cr x1lziwak x1vvkbs xtlvy1s x126k92a\">\n<div dir=\"auto\">El pas\u00e1u llunes 23 de marzu del 2026, l\u2019institutu \u00abXuan Bello\u00bb (permit\u00edime que y\u00e1 lu llame asina) convid\u00f3me a un actu colos alumnos onde tuvi ocasi\u00f3n d\u2019esplica-yos por qu\u00e9 ye un aciertu da-y a un institutu\u2019l nome de Xuan Bello, y glos\u00e9 la figura del que foi un escritor relevante y amigu personal. Los rapazos fix\u00e9ronme preguntes mui interesantes alredor del escritor de Paniceiros.<\/div>\n<div dir=\"auto\"><\/div>\n<\/div>\n<div class=\"x14z9mp xat24cr x1lziwak x1vvkbs xtlvy1s x126k92a\">\n<div dir=\"auto\">Pa dase cuenta de c\u00f3mo nel institutu t\u00e1n trabayando les coses, vei esta secuencia de semeyes:<\/div>\n<div dir=\"auto\" style=\"text-align: center\">\n<!-- iframe plugin v.6.0 wordpress.org\/plugins\/iframe\/ -->\n<iframe loading=\"lazy\" src=\"https:\/\/www.facebook.com\/plugins\/post.php?href=https%3A%2F%2Fwww.facebook.com%2Fphoto.php%3Ffbid%3D1428910449264584%26set%3Da.467299005425738%26type%3D3&#038;show_text=false&#038;width=500\" width=\"500\" height=\"793\" style=\"border:none;overflow:hidden\" scrolling=\"no\" frameborder=\"0\" allowfullscreen=\"true\" allow=\"autoplay; clipboard-write; encrypted-media; picture-in-picture; web-share\" 0=\"\/iframe\" class=\"iframe-class\"><\/iframe>\n<\/div>\n<div dir=\"auto\"><\/div>\n<\/div>\n<div class=\"x14z9mp xat24cr x1lziwak x1vvkbs xtlvy1s x126k92a\">\n<div dir=\"auto\"><span style=\"color: #008080\"><em>1. Entrada al actual IES \u00abLa Florida\u00bb.<\/em><\/span><\/div>\n<\/div>\n<div class=\"x14z9mp xat24cr x1lziwak x1vvkbs xtlvy1s x126k92a\">\n<div dir=\"auto\"><span style=\"color: #008080\"><em>2. Programa d\u2019actos que van tener llugar el pr\u00f3ximu 10 d\u2019abril nel teatru de Pumar\u00edn d\u2019Uvi\u00e9u, basaos n\u2019obres de Xuan Bello.<\/em><\/span><\/div>\n<\/div>\n<div class=\"x14z9mp xat24cr x1lziwak x1vvkbs xtlvy1s x126k92a\">\n<div dir=\"auto\"><span style=\"color: #008080\"><em>3. Nun espaciu del institutu, y xunto a un retratu de Xuan Bello na pantalla, na par\u00e9 t\u00e1n pegaes semeyes de cases qu\u2019apaecen nos relatos del escritor, colos sos nomes. Hai tami\u00e9n una maqueta de Paniceiros fecha polos alumnos.<\/em><\/span><\/div>\n<\/div>\n<div class=\"x14z9mp xat24cr x1lziwak x1vvkbs xtlvy1s x126k92a\">\n<div dir=\"auto\"><span style=\"color: #008080\"><em>4. Detalle de la maqueta de Paniceiros, el pueblu de Tin\u00e9u al que Xuan Bello dio sonad\u00eda universal.<\/em><\/span><\/div>\n<\/div>\n<div class=\"x14z9mp xat24cr x1lziwak x1vvkbs xtlvy1s x126k92a\">\n<div dir=\"auto\"><span style=\"color: #008080\"><em>5. Los rapazos del institutu enantes d\u2019entamar l\u2019actu.<\/em><\/span><\/div>\n<\/div>\n<div class=\"x14z9mp xat24cr x1lziwak x1vvkbs xtlvy1s x126k92a\">\n<div dir=\"auto\"><span style=\"color: #008080\"><em>6. Enantes del actu, charrando con Mar\u00eda Cotiello, profesora del institutu.<\/em><\/span><\/div>\n<\/div>\n<div class=\"x14z9mp xat24cr x1lziwak x1vvkbs xtlvy1s x126k92a\">\n<div dir=\"auto\"><span style=\"color: #008080\"><em>7. En plenu falamientu a los rapazos del institutu, esplic\u00e1ndo-yos la figura de Xuan Bello.<\/em><\/span><\/div>\n<\/div>\n<\/div>\n<\/div>\n<\/div>\n<\/div>\n<\/div>\n<\/div>\n<\/div>\n<p>&nbsp;<\/p>\n","protected":false},"excerpt":{"rendered":"<p>El Miradoriu &#8211; Ram\u00f3n d&#8217;Andr\u00e9s L\u2019institutu qu\u2019angua\u00f1o se llama \u00abLa Florida\u00bb, nesi barriu uvie\u00edn, va llamase \u00abXuan Bello\u00bb, n\u2019honor y acordanza d\u2019\u00fan de los meyores escritores que dio la lliteratura asturiana de toles d\u00f3mines.<\/p>\n","protected":false},"author":117,"featured_media":0,"comment_status":"closed","ping_status":"closed","sticky":false,"template":"","format":"standard","meta":{"footnotes":""},"categories":[487],"tags":[],"class_list":["post-70154","post","type-post","status-publish","format-standard","hentry","category-ies-xuan-bello"],"_links":{"self":[{"href":"https:\/\/edublog.educastur.es\/ixuxu\/wp-json\/wp\/v2\/posts\/70154","targetHints":{"allow":["GET"]}}],"collection":[{"href":"https:\/\/edublog.educastur.es\/ixuxu\/wp-json\/wp\/v2\/posts"}],"about":[{"href":"https:\/\/edublog.educastur.es\/ixuxu\/wp-json\/wp\/v2\/types\/post"}],"author":[{"embeddable":true,"href":"https:\/\/edublog.educastur.es\/ixuxu\/wp-json\/wp\/v2\/users\/117"}],"replies":[{"embeddable":true,"href":"https:\/\/edublog.educastur.es\/ixuxu\/wp-json\/wp\/v2\/comments?post=70154"}],"version-history":[{"count":1,"href":"https:\/\/edublog.educastur.es\/ixuxu\/wp-json\/wp\/v2\/posts\/70154\/revisions"}],"predecessor-version":[{"id":70155,"href":"https:\/\/edublog.educastur.es\/ixuxu\/wp-json\/wp\/v2\/posts\/70154\/revisions\/70155"}],"wp:attachment":[{"href":"https:\/\/edublog.educastur.es\/ixuxu\/wp-json\/wp\/v2\/media?parent=70154"}],"wp:term":[{"taxonomy":"category","embeddable":true,"href":"https:\/\/edublog.educastur.es\/ixuxu\/wp-json\/wp\/v2\/categories?post=70154"},{"taxonomy":"post_tag","embeddable":true,"href":"https:\/\/edublog.educastur.es\/ixuxu\/wp-json\/wp\/v2\/tags?post=70154"}],"curies":[{"name":"wp","href":"https:\/\/api.w.org\/{rel}","templated":true}]}}