{"id":70178,"date":"2026-03-28T11:54:47","date_gmt":"2026-03-28T09:54:47","guid":{"rendered":"https:\/\/edublog.educastur.es\/ixuxu\/?p=70178"},"modified":"2026-03-30T12:38:23","modified_gmt":"2026-03-30T10:38:23","slug":"valdesoto-celebra-esti-sabadu-les-xornaes-de-mazcaraes-diviernu","status":"publish","type":"post","link":"https:\/\/edublog.educastur.es\/ixuxu\/2026\/03\/valdesoto-celebra-esti-sabadu-les-xornaes-de-mazcaraes-diviernu\/","title":{"rendered":"XVI Xornaes de Mazcaraes d&#8217;Iviernu, Valdesoto 2026."},"content":{"rendered":"<h4 class=\"a-min-headline\"><a href=\"https:\/\/www.lavozdeasturias.es\/noticia\/agora\/2026\/03\/25\/valdesoto-celebra-esti-sabadu-xornaes-mazcaraes-diviernu-participacion-internacional\/00031774446283985664319.htm\">Valdesoto celebra esti s\u00e1badu les Xornaes de Mazcaraes d&#8217;Iviernu con participaci\u00f3n internacional<\/a><\/h4>\n<p style=\"text-align: center\"><a href=\"https:\/\/www.elfielato.es\/asset\/thumbnail,1280,720,center,center\/media\/elfielato\/images\/2026\/03\/28\/2026032820292690197.jpg\"><img loading=\"lazy\" decoding=\"async\" class=\"aligncenter size-large\" src=\"https:\/\/www.elfielato.es\/asset\/thumbnail,1280,720,center,center\/media\/elfielato\/images\/2026\/03\/28\/2026032820292690197.jpg\" width=\"1081\" height=\"720\" \/><\/a><\/p>\n<p>Talleres, m\u00fasica y un desfile protagoniz\u00e1u por grupos de distintos territorios marquen la programaci\u00f3n d&#8217;esta edici\u00f3n. <a href=\"https:\/\/www.elfielato.es\/album\/siero\/valdesoto-reunio-tradicion-mascaras-xornaes-d-iviernu-participacion-internacional\/20260328203454093803.html#photo-7\">El Fielato<\/a> \/ <a href=\"https:\/\/www.lne.es\/fotos\/2026\/03\/28\/imagenes-encuentro-mazcaraes-invierno-valdesoto-128527389.html\">LNE<\/a> \/Nesta edici\u00f3n participaron agrupaciones procedentes de distintos territorios, como Galicia, con colectivos d&#8217;Ourense, ente ellos Foli\u00f3n y Boteiros de Viana do Bolo y As Bonitas de Sande; grupos d&#8217;otres comunidaes como \u00c1lava; ente qu&#8217;Asturies tuvo representada polos Sidros y Comedies de Valdesoto, los Mazcaritos d\u2019Uvi\u00e9u, los Mazcaraos de Rozaes (Villaviciosa) y el IES El Sueve de Les Arriondes.<\/p>\n<p><!--more--><\/p>\n<p class=\"first-paragraph txt\">Valdesoto vuelve convertise esti s\u00e1badu, 28 de marzu, nun referente de la tradici\u00f3n y la cultura popular coles Xornaes de Mazcaraes d\u2019Iviernu, qu&#8217;algamen la so d\u00e9cimosesta edici\u00f3n consolidaes como una de les cites m\u00e1s destacaes del calendariu festivu de Siero.<\/p>\n<p class=\"txt\">Alredor de 170 participantes van dar vida a una programaci\u00f3n que combina actividaes pa tolos p\u00fablicos y que tien como momentu m\u00e1s esper\u00e1u\u2019l desfile de mazcaraes, previstu pa les 16.30 hores peles cais de la llocalid\u00e1. N\u00e9l van participar distintos grupos que van amosar la bayura y varied\u00e1 de les tradiciones venceyaes a les mazcaraes d\u2019iviernu.<\/p>\n<p class=\"txt\">La xornada va entamar\u00a0pela ma\u00f1ana con propuestes especialmente dirix\u00edes al p\u00fablicu infantil, como talleres de creaci\u00f3n de mazcaraes, que busquen averar esti patrimoniu cultural a les xeneraciones m\u00e1s nueves y fomentar la so conocencia dende la base.<\/p>\n<p class=\"txt\">Una de les principales novedaes d\u2019esta edici\u00f3n ye la participaci\u00f3n d\u2019un grupu procedente de Ruman\u00eda, que se suma a la presencia de colectivos de distintos puntos del Est\u00e1u, como Galicia, Euskadi o \u00c1vila. Esta dimensi\u00f3n internacional refuerza\u2019l calter d\u2019intercambiu cultural del eventu y pon en valor les conexones ente tradiciones europees qu\u2019ent\u00e1 caltienen rituales y simbolismos asemeyaos.<\/p>\n<p class=\"txt\">Les mazcaraes d\u2019iviernu formen parte d\u2019un patrimoniu etnogr\u00e1ficu de gran valor, vencey\u00e1u a celebraciones ancestrales que combinen elementos festivos, simb\u00f3licos y rituales. Nesi sen, les xornaes de Valdesoto convi\u00e9rtense nun espaciu d\u2019alcuentru y visibilizaci\u00f3n d\u2019estes manifestaciones, am\u00e1s d\u2019una oportunid\u00e1 pa la so recuperaci\u00f3n y tresmisi\u00f3n.<\/p>\n<p class=\"txt\">Am\u00e1s del desfile, la programaci\u00f3n compl\u00e9tase con m\u00fasica y animaci\u00f3n, contribuyendo a crear un ambiente festivo nel conxuntu de la llocalid\u00e1 y favoreciendo la participaci\u00f3n vecinal. La organizaci\u00f3n destaca, un a\u00f1u m\u00e1s, la implicaci\u00f3n del tex\u00edu asociativu y de la vecind\u00e1, clave pal \u00e9situ y la continuid\u00e1 d\u2019esti eventu.<\/p>\n<h1 style=\"text-align: center\"><a href=\"https:\/\/www.elfielato.es\/asset\/thumbnail,1280,720,center,center\/media\/elfielato\/images\/2026\/03\/28\/2026032820291641129.jpg\"><img loading=\"lazy\" decoding=\"async\" class=\"aligncenter size-large\" src=\"https:\/\/www.elfielato.es\/asset\/thumbnail,1280,720,center,center\/media\/elfielato\/images\/2026\/03\/28\/2026032820291641129.jpg\" width=\"1081\" height=\"720\" \/><\/a><\/h1>\n<h1 style=\"text-align: center\"><a href=\"https:\/\/www.elfielato.es\/asset\/thumbnail,1280,720,center,center\/media\/elfielato\/images\/2026\/03\/28\/2026032820291738644.jpg\"><img loading=\"lazy\" decoding=\"async\" class=\"aligncenter size-large\" src=\"https:\/\/www.elfielato.es\/asset\/thumbnail,1280,720,center,center\/media\/elfielato\/images\/2026\/03\/28\/2026032820291738644.jpg\" width=\"1081\" height=\"720\" \/><\/a><\/h1>\n<h1 style=\"text-align: center\"><a href=\"https:\/\/www.elfielato.es\/asset\/thumbnail,1280,720,center,center\/media\/elfielato\/images\/2026\/03\/28\/2026032820291895530.jpg\"><img loading=\"lazy\" decoding=\"async\" class=\"aligncenter size-large\" src=\"https:\/\/www.elfielato.es\/asset\/thumbnail,1280,720,center,center\/media\/elfielato\/images\/2026\/03\/28\/2026032820291895530.jpg\" width=\"1081\" height=\"720\" \/><\/a><\/h1>\n<h1 style=\"text-align: center\"><a href=\"https:\/\/estaticos-cdn.prensaiberica.es\/clip\/f732e0f6-6fde-416f-b6e5-b35a45c7da40_alta-libre-aspect-ratio_default_0_x1000y500.webp\"><img loading=\"lazy\" decoding=\"async\" class=\"aligncenter size-large\" src=\"https:\/\/estaticos-cdn.prensaiberica.es\/clip\/f732e0f6-6fde-416f-b6e5-b35a45c7da40_alta-libre-aspect-ratio_default_0_x1000y500.webp\" width=\"1200\" height=\"900\" \/><\/a><\/h1>\n<h1 style=\"text-align: center\"><a href=\"https:\/\/www.elfielato.es\/asset\/thumbnail,1280,720,center,center\/media\/elfielato\/images\/2026\/03\/28\/2026032820292059649.jpg\"><img loading=\"lazy\" decoding=\"async\" class=\"aligncenter size-large\" src=\"https:\/\/www.elfielato.es\/asset\/thumbnail,1280,720,center,center\/media\/elfielato\/images\/2026\/03\/28\/2026032820292059649.jpg\" width=\"1081\" height=\"720\" \/><\/a><\/h1>\n<h1 style=\"text-align: center\"><a href=\"https:\/\/www.elfielato.es\/asset\/thumbnail,1280,720,center,center\/media\/elfielato\/images\/2026\/03\/28\/2026032820292248827.jpg\"><img loading=\"lazy\" decoding=\"async\" class=\"aligncenter size-large\" src=\"https:\/\/www.elfielato.es\/asset\/thumbnail,1280,720,center,center\/media\/elfielato\/images\/2026\/03\/28\/2026032820292248827.jpg\" width=\"1081\" height=\"720\" \/><\/a><\/h1>\n<h1 style=\"text-align: center\"><a href=\"https:\/\/www.elfielato.es\/asset\/thumbnail,1280,720,center,center\/media\/elfielato\/images\/2026\/03\/28\/2026032820292427780.jpg\"><img loading=\"lazy\" decoding=\"async\" class=\"aligncenter size-large\" src=\"https:\/\/www.elfielato.es\/asset\/thumbnail,1280,720,center,center\/media\/elfielato\/images\/2026\/03\/28\/2026032820292427780.jpg\" width=\"1081\" height=\"720\" \/><\/a><\/h1>\n<h1 class=\"text-2xl font-bold font-serif leading-tight max-w-[65ch] mb-1.5\" style=\"text-align: center\"><a href=\"https:\/\/www.rtpa.es\/noticias-sociedad-ast\/2026-03-28\/Rumania-estrenase-nes-mazcaraes-de-Valdesoto_111774725599.html\">Ruman\u00eda estr\u00e9nase nes mazcaraes de Valdesoto.<\/a><\/h1>\n<p style=\"text-align: center\"><a href=\"https:\/\/www.rtpa.es\/fotos\/\/26\/03\/20260328210930_RTPA7900235.webp\"><img loading=\"lazy\" decoding=\"async\" class=\"aligncenter size-large\" src=\"https:\/\/www.rtpa.es\/fotos\/\/26\/03\/20260328210930_RTPA7900235.webp\" width=\"853\" height=\"480\" \/><\/a><\/p>\n<p>&nbsp;<\/p>\n<div class=\"flow rtpa-prose text-lg leading-tight mb-6\"><strong>Ocho grupos nacionales y internacionales enllenen les cais nun desfile que fusiona antroxu y cultura popular.<\/strong><\/div>\n<div class=\"flow rtpa-prose text-base text-neutral-700\">\n<p>La lluvia amenazaba pero a la fin el tiempu dex\u00f3 esfrutar con normalid\u00e1 d\u2019esti desfile que nun dex\u00f3 indiferente a naide asegura Pablo Canal, presidente de l\u2019asociaci\u00f3n El Cencerru.<\/p>\n<p>Esquiles, pieles, m\u00e1zcares y personaxes \u00fanicos enllenaron les cais de Valdesoto con m\u00e1s de 180 participantes.<\/p>\n<p>Esti grupu llam\u00f3 l\u2019atenci\u00f3n coles sos cabres, que son una de les sos se\u00f1es m\u00e1s caracter\u00edstiques se\u00f1ala Ionela Mar\u00eda Scurtu-Cardos, miembru de Balada-Masti de Ruman\u00eda.<\/p>\n<p>Otros repiten dempu\u00e9s d\u2019a\u00f1os ensin venir, como As Bonitas de Sande, que vuelven una d\u00e9cada dempu\u00e9s apunta Ant\u00f3n Cao.<\/p>\n<p>La tradici\u00f3n ta mui viva con moced\u00e1 como Mart\u00edn Baraja, qu\u2019a los sos 13 a\u00f1os guei estr\u00e9nase como sidru.<\/p>\n<p>Con esta son y\u00e1 18 ediciones d\u2019una tradici\u00f3n que sigue medrando en Valdesoto.<\/p>\n<p style=\"text-align: center\"><a href=\"https:\/\/www.elfielato.es\/asset\/thumbnail,1280,720,center,center\/media\/elfielato\/images\/2026\/03\/28\/2026032820293014432.jpg\"><img loading=\"lazy\" decoding=\"async\" class=\"aligncenter size-large\" src=\"https:\/\/www.elfielato.es\/asset\/thumbnail,1280,720,center,center\/media\/elfielato\/images\/2026\/03\/28\/2026032820293014432.jpg\" width=\"1081\" height=\"720\" \/><\/a><\/p>\n<p style=\"text-align: center\">\n<!-- iframe plugin v.6.0 wordpress.org\/plugins\/iframe\/ -->\n<iframe loading=\"lazy\" src=\"https:\/\/www.facebook.com\/plugins\/post.php?href=https%3A%2F%2Fwww.facebook.com%2Fphoto.php%3Ffbid%3D1729910965123823%26set%3Da.762666761848253%26type%3D3&#038;show_text=true&#038;width=500\" width=\"500\" height=\"761\" style=\"border:none;overflow:hidden\" scrolling=\"no\" frameborder=\"0\" allowfullscreen=\"true\" allow=\"autoplay; clipboard-write; encrypted-media; picture-in-picture; web-share\" 0=\"\/iframe\" class=\"iframe-class\"><\/iframe>\n<\/p>\n<\/div>\n","protected":false},"excerpt":{"rendered":"<p>Valdesoto celebra esti s\u00e1badu les Xornaes de Mazcaraes d&#8217;Iviernu con participaci\u00f3n internacional Talleres, m\u00fasica y un desfile protagoniz\u00e1u por grupos de distintos territorios marquen la programaci\u00f3n d&#8217;esta edici\u00f3n. El Fielato \/ LNE \/Nesta edici\u00f3n participaron agrupaciones procedentes de distintos territorios, como Galicia, con colectivos d&#8217;Ourense, ente ellos Foli\u00f3n y Boteiros de Viana do Bolo y [&hellip;]<\/p>\n","protected":false},"author":117,"featured_media":0,"comment_status":"closed","ping_status":"closed","sticky":false,"template":"","format":"standard","meta":{"footnotes":""},"categories":[103,171],"tags":[],"class_list":["post-70178","post","type-post","status-publish","format-standard","hentry","category-mazcaraes","category-xornaes"],"_links":{"self":[{"href":"https:\/\/edublog.educastur.es\/ixuxu\/wp-json\/wp\/v2\/posts\/70178","targetHints":{"allow":["GET"]}}],"collection":[{"href":"https:\/\/edublog.educastur.es\/ixuxu\/wp-json\/wp\/v2\/posts"}],"about":[{"href":"https:\/\/edublog.educastur.es\/ixuxu\/wp-json\/wp\/v2\/types\/post"}],"author":[{"embeddable":true,"href":"https:\/\/edublog.educastur.es\/ixuxu\/wp-json\/wp\/v2\/users\/117"}],"replies":[{"embeddable":true,"href":"https:\/\/edublog.educastur.es\/ixuxu\/wp-json\/wp\/v2\/comments?post=70178"}],"version-history":[{"count":13,"href":"https:\/\/edublog.educastur.es\/ixuxu\/wp-json\/wp\/v2\/posts\/70178\/revisions"}],"predecessor-version":[{"id":70508,"href":"https:\/\/edublog.educastur.es\/ixuxu\/wp-json\/wp\/v2\/posts\/70178\/revisions\/70508"}],"wp:attachment":[{"href":"https:\/\/edublog.educastur.es\/ixuxu\/wp-json\/wp\/v2\/media?parent=70178"}],"wp:term":[{"taxonomy":"category","embeddable":true,"href":"https:\/\/edublog.educastur.es\/ixuxu\/wp-json\/wp\/v2\/categories?post=70178"},{"taxonomy":"post_tag","embeddable":true,"href":"https:\/\/edublog.educastur.es\/ixuxu\/wp-json\/wp\/v2\/tags?post=70178"}],"curies":[{"name":"wp","href":"https:\/\/api.w.org\/{rel}","templated":true}]}}