{"id":70185,"date":"2026-03-26T09:00:17","date_gmt":"2026-03-26T07:00:17","guid":{"rendered":"https:\/\/edublog.educastur.es\/ixuxu\/?p=70185"},"modified":"2026-03-26T21:25:36","modified_gmt":"2026-03-26T19:25:36","slug":"dia-mundial-del-clima-4","status":"publish","type":"post","link":"https:\/\/edublog.educastur.es\/ixuxu\/2026\/03\/dia-mundial-del-clima-4\/","title":{"rendered":"D\u00eda Mundial del clima"},"content":{"rendered":"<p style=\"text-align: center\"><span class=\"x193iq5w xeuugli x13faqbe x1vvkbs x1xmvt09 x1lliihq x1s928wv xhkezso x1gmr53x x1cpjm7i x1fgarty x1943h6x xudqn12 x3x7a5m x1f6kntn xvq8zen xo1l8bm xzsf02u\" dir=\"auto\"><span class=\"x193iq5w xeuugli x13faqbe x1vvkbs xt0psk2 x1i0vuye xvs91rp xo1l8bm x5n08af x10wh9bi xpm28yp x8viiok x1o7cslx x126k92a\"><span class=\"html-span xexx8yu x4uap5 x18d9i69 xkhd6sd x1hl2dhg x16tdsg8 x1vvkbs x3nfvp2 x1j61x8r x1fcty0u xdj266r xat24cr xgzva0m xhhsvwb xxymvpz xlup9mm x1kky2od\">\n<!-- iframe plugin v.6.0 wordpress.org\/plugins\/iframe\/ -->\n<iframe loading=\"lazy\" src=\"https:\/\/www.instagram.com\/p\/DWV4k-dkek8\/embed\" width=\"520\" height=\"680\" 0=\"\/iframe\" scrolling=\"yes\" class=\"iframe-class\" frameborder=\"0\"><\/iframe>\n<\/span><\/span><\/span><\/p>\n<p>Los postreros 11 a\u00f1os fueron los m\u00e1s templaos enxam\u00e1s rexistraos. Unu encl\u00edn sigu\u00edu que confirma que&#8217;l camb\u00e9u clim\u00e1ticu avanza, con un planeta cada vez m\u00e1s desequilibr\u00e1u ya impactos que y\u00e1 afecten a ecosistemes y sociedaes. \ud83c\udf0d\ud83c\udf21\ufe0f <a class=\"x1i10hfl xjbqb8w x1ejq31n x18oe1m7 x1sy0etr xstzfhl x972fbf x10w94by x1qhh985 x14e42zd x9f619 x1ypdohk xt0psk2 x3ct3a4 xdj266r x14z9mp xat24cr x1lziwak xexx8yu xyri2b x18d9i69 x1c1uobl x16tdsg8 x1hl2dhg xggy1nq x1a2a7pz _aa9_ _a6hd\" role=\"link\" href=\"https:\/\/www.instagram.com\/explore\/tags\/d%C3%ADamundialdelclima\/\">#D\u00edaMundialDelClima <\/a>G\u00fcei m\u00e1s que nunca, el nuesu planeta prec\u00edsanos. Cada acci\u00f3n cunta: amenorga, reutiliza, recicla y respeta la naturaleza. \ud83c\udf31\u2728 Curiar el clima ye curiar el nuesu futuru.<\/p>\n","protected":false},"excerpt":{"rendered":"<p>Los postreros 11 a\u00f1os fueron los m\u00e1s templaos enxam\u00e1s rexistraos. Unu encl\u00edn sigu\u00edu que confirma que&#8217;l camb\u00e9u clim\u00e1ticu avanza, con un planeta cada vez m\u00e1s desequilibr\u00e1u ya impactos que y\u00e1 afecten a ecosistemes y sociedaes. \ud83c\udf0d\ud83c\udf21\ufe0f #D\u00edaMundialDelClima G\u00fcei m\u00e1s que nunca, el nuesu planeta prec\u00edsanos. Cada acci\u00f3n cunta: amenorga, reutiliza, recicla y respeta la naturaleza. [&hellip;]<\/p>\n","protected":false},"author":117,"featured_media":0,"comment_status":"closed","ping_status":"closed","sticky":false,"template":"","format":"standard","meta":{"footnotes":""},"categories":[6],"tags":[],"class_list":["post-70185","post","type-post","status-publish","format-standard","hentry","category-dia-de"],"_links":{"self":[{"href":"https:\/\/edublog.educastur.es\/ixuxu\/wp-json\/wp\/v2\/posts\/70185","targetHints":{"allow":["GET"]}}],"collection":[{"href":"https:\/\/edublog.educastur.es\/ixuxu\/wp-json\/wp\/v2\/posts"}],"about":[{"href":"https:\/\/edublog.educastur.es\/ixuxu\/wp-json\/wp\/v2\/types\/post"}],"author":[{"embeddable":true,"href":"https:\/\/edublog.educastur.es\/ixuxu\/wp-json\/wp\/v2\/users\/117"}],"replies":[{"embeddable":true,"href":"https:\/\/edublog.educastur.es\/ixuxu\/wp-json\/wp\/v2\/comments?post=70185"}],"version-history":[{"count":5,"href":"https:\/\/edublog.educastur.es\/ixuxu\/wp-json\/wp\/v2\/posts\/70185\/revisions"}],"predecessor-version":[{"id":70205,"href":"https:\/\/edublog.educastur.es\/ixuxu\/wp-json\/wp\/v2\/posts\/70185\/revisions\/70205"}],"wp:attachment":[{"href":"https:\/\/edublog.educastur.es\/ixuxu\/wp-json\/wp\/v2\/media?parent=70185"}],"wp:term":[{"taxonomy":"category","embeddable":true,"href":"https:\/\/edublog.educastur.es\/ixuxu\/wp-json\/wp\/v2\/categories?post=70185"},{"taxonomy":"post_tag","embeddable":true,"href":"https:\/\/edublog.educastur.es\/ixuxu\/wp-json\/wp\/v2\/tags?post=70185"}],"curies":[{"name":"wp","href":"https:\/\/api.w.org\/{rel}","templated":true}]}}