{"id":702,"date":"2020-04-23T10:34:45","date_gmt":"2020-04-23T10:34:45","guid":{"rendered":"https:\/\/edublog.educastur.es\/ixuxu\/?p=702"},"modified":"2020-08-24T22:37:28","modified_gmt":"2020-08-24T22:37:28","slug":"cuentu-deva-y-el-pitin-nasturianu","status":"publish","type":"post","link":"https:\/\/edublog.educastur.es\/ixuxu\/2020\/04\/cuentu-deva-y-el-pitin-nasturianu\/","title":{"rendered":"\u201cDeva y el pit\u00edn\u201d n\u00b4asturianu"},"content":{"rendered":"<div class=\"entry\">\n<p>De los llibros recomend\u00e1os na <a href=\"http:\/\/www.digital.pintar-pintar.com\/bookcase\/combj\" target=\"_blank\" rel=\"noopener noreferrer\"><u><em><span style=\"color: #800000\">Nubeteca de Pintar-Pintar<\/span><\/em><\/u><\/a>, esti ye \u00fan de los preferidos de la reciella.<\/p>\n<p><a href=\"https:\/\/www.facebook.com\/269378520222119\/videos\/874549856304597\/\" target=\"_blank\" rel=\"noopener noreferrer\"><strong>Txiqui <\/strong>profe de 0 a 3 en la Escuela Infantil Rub\u00edn cu\u00e9ntanoslu en Facebook al travi\u00e9s de la Red de Biblioteques P\u00fabliques Municipales d\u00b4Uvi\u00e9u.<\/a><\/p>\n<ul>\n<li><strong><em><a href=\"https:\/\/www.facebook.com\/269378520222119\/videos\/874549856304597\/\" target=\"_blank\" rel=\"noopener noreferrer\">Calca equ\u00ed y esfruta! <\/a><\/em><\/strong><\/li>\n<\/ul>\n<p><strong><em>Gracies, Txiqui, por contalu n\u00b4asturianu. <\/em><\/strong>A los mios ne\u00f1os de Llingua Asturiana p\u00e9stayos!<\/p>\n<p>Ap\u00farrovos esti canciu n\u00b4asturianu d\u00b4un pit\u00edn. <a href=\"https:\/\/youtu.be\/w7KeYGJreyM\" target=\"_blank\" rel=\"noopener noreferrer\"><strong><em>\u201cEl pit\u00edn\u201d<\/em><\/strong><\/a><\/p>\n\n<!-- iframe plugin v.6.0 wordpress.org\/plugins\/iframe\/ -->\n<iframe loading=\"lazy\" width=\"588\" height=\"331\" src=\"https:\/\/www.youtube.com\/embed\/w7KeYGJreyM\" scrolling=\"yes\" class=\"iframe-class\" frameborder=\"0\"><\/iframe>\n\n<p>&nbsp;<\/p>\n<blockquote><p><span style=\"color: #666699;font-size: 20px\"><em>\u201cSi yo fora un llibru, gustar\u00edame tener cualquier cara<br \/>\nque\u2019l tiempu di\u00e9rame, Si yo fora un llibru, gustar\u00edame<br \/>\ncrecer y crecer hasta convertime nuna biblioteca\u201d<\/em><\/span><\/p><\/blockquote>\n<p>(Si yo fora un llibru. Testu: Jos\u00e9 Jorge Letria.<br \/>\nIlustraciones Andr\u00e9 Letria. Moced\u00e1, 2014)<\/p>\n<p><a href=\"https:\/\/issuu.com\/redbibliotecaspubmunovd\/docs\/desde_el_mostrador?fbclid=IwAR2THHVFFBeXlOPy1Cyx0yv7nzytImghvVSik5ksaHoNmUL6T4kUqL6TpeE\" target=\"_blank\" rel=\"noopener noreferrer\"><strong><em>Esta ye la recomendaci\u00f3n que faen<br \/>\n\u201cDesde el mostrador\u201d\u2026<\/em><\/strong><\/a><\/p>\n<\/div>\n","protected":false},"excerpt":{"rendered":"<p>De los llibros recomend\u00e1os na Nubeteca de Pintar-Pintar, esti ye \u00fan de los preferidos de la reciella. Txiqui profe de 0 a 3 en la Escuela Infantil Rub\u00edn cu\u00e9ntanoslu en Facebook al travi\u00e9s de la Red de Biblioteques P\u00fabliques Municipales d\u00b4Uvi\u00e9u. Calca equ\u00ed y esfruta! Gracies, Txiqui, por contalu n\u00b4asturianu. A los mios ne\u00f1os de [&hellip;]<\/p>\n","protected":false},"author":117,"featured_media":0,"comment_status":"closed","ping_status":"open","sticky":false,"template":"","format":"standard","meta":{"footnotes":""},"categories":[7,10,40],"tags":[],"class_list":["post-702","post","type-post","status-publish","format-standard","hentry","category-cuentos","category-llibros-reciella","category-pintar-pintar"],"_links":{"self":[{"href":"https:\/\/edublog.educastur.es\/ixuxu\/wp-json\/wp\/v2\/posts\/702","targetHints":{"allow":["GET"]}}],"collection":[{"href":"https:\/\/edublog.educastur.es\/ixuxu\/wp-json\/wp\/v2\/posts"}],"about":[{"href":"https:\/\/edublog.educastur.es\/ixuxu\/wp-json\/wp\/v2\/types\/post"}],"author":[{"embeddable":true,"href":"https:\/\/edublog.educastur.es\/ixuxu\/wp-json\/wp\/v2\/users\/117"}],"replies":[{"embeddable":true,"href":"https:\/\/edublog.educastur.es\/ixuxu\/wp-json\/wp\/v2\/comments?post=702"}],"version-history":[{"count":3,"href":"https:\/\/edublog.educastur.es\/ixuxu\/wp-json\/wp\/v2\/posts\/702\/revisions"}],"predecessor-version":[{"id":706,"href":"https:\/\/edublog.educastur.es\/ixuxu\/wp-json\/wp\/v2\/posts\/702\/revisions\/706"}],"wp:attachment":[{"href":"https:\/\/edublog.educastur.es\/ixuxu\/wp-json\/wp\/v2\/media?parent=702"}],"wp:term":[{"taxonomy":"category","embeddable":true,"href":"https:\/\/edublog.educastur.es\/ixuxu\/wp-json\/wp\/v2\/categories?post=702"},{"taxonomy":"post_tag","embeddable":true,"href":"https:\/\/edublog.educastur.es\/ixuxu\/wp-json\/wp\/v2\/tags?post=702"}],"curies":[{"name":"wp","href":"https:\/\/api.w.org\/{rel}","templated":true}]}}