{"id":70200,"date":"2026-03-26T19:18:49","date_gmt":"2026-03-26T17:18:49","guid":{"rendered":"https:\/\/edublog.educastur.es\/ixuxu\/?p=70200"},"modified":"2026-03-26T21:48:40","modified_gmt":"2026-03-26T19:48:40","slug":"una-tortua-lora-recuperase-nel-acuariu-de-xixon","status":"publish","type":"post","link":"https:\/\/edublog.educastur.es\/ixuxu\/2026\/03\/una-tortua-lora-recuperase-nel-acuariu-de-xixon\/","title":{"rendered":"Una tort\u00faa lora recup\u00e9rase nel Acuariu de Xix\u00f3n"},"content":{"rendered":"<p style=\"text-align: center\"><a href=\"https:\/\/estaticos-cdn.prensaiberica.es\/clip\/642b52e7-ce32-461c-8b55-003e1b2dc1a8_16-9-discover-aspect-ratio_default_0_x750y281.webp\"><img loading=\"lazy\" decoding=\"async\" class=\"aligncenter size-large\" src=\"https:\/\/estaticos-cdn.prensaiberica.es\/clip\/642b52e7-ce32-461c-8b55-003e1b2dc1a8_16-9-discover-aspect-ratio_default_0_x750y281.webp\" width=\"1200\" height=\"675\" \/><\/a><\/p>\n<p>Lleg\u00f3 delgada, con hipotermia y un pron\u00f3sticu inciertu\u00bb&#8230; pero respuende bien al tratamientu y enc\u00e1nta-y el bocarte: <strong>una tort\u00faa lora recup\u00e9rase nel Acuariu de Xix\u00f3n<\/strong>. L&#8217;animal foi rescat\u00e1u en febreru n&#8217;El Musel y aport\u00f3 \u00abn&#8217;est\u00e1u cr\u00edticu\u00bb al CRAMA. <a href=\"https:\/\/www.lne.es\/gijon\/gijon-oeste\/2026\/03\/26\/llego-delgada-hipotermia-pronostico-incierto-128450533.html?utm_campaign=mrf-facebook-nuevaespana&amp;mrfcid=2026032669c55aff1901ff2a9fc57018\">LNE<\/a><\/p>\n<p><!--more--><\/p>\n<p>\u201cEl nuesu equipu trabaya para estabilizar el so sal\u00fa, reforzar la so musculatura y prep\u00e1rase por que pueda tornar al so h\u00e1bitat natural nel oc\u00e9anu Atl\u00e1nticu\u00bb, asegura Susana Acle.<\/p>\n<p>Cuando aport\u00f3, la tort\u00faa taba tan debilitada que foi necesariu alimentala por aciu sonda y monitorizar la so peristaltismo intestinal, esto ye, el movimientu del so intest\u00edn, y\u00e1 que apenes se mov\u00eda. <strong>La so dieta actual incl\u00fai merluza, capel\u00e1n y bocarte, chipir\u00f3n y gambes, complementada con aguamales y c\u00e1mbaros<\/strong> como arriquecimientu ambiental para aguiyar la inxesta. Am\u00e1s, apurri\u00e9ronse-y distintos complexos vitam\u00ednicos para reforzar la so nutrici\u00f3n y recuperaci\u00f3n xeneral.<\/p>\n<p style=\"text-align: center\"><a href=\"https:\/\/estaticos-cdn.prensaiberica.es\/clip\/c722e543-418e-42bb-87bc-fcd54b1ef996_source-aspect-ratio_default_0_x750y281.webp\"><img loading=\"lazy\" decoding=\"async\" class=\"aligncenter size-large\" src=\"https:\/\/estaticos-cdn.prensaiberica.es\/clip\/c722e543-418e-42bb-87bc-fcd54b1ef996_source-aspect-ratio_default_0_x750y281.webp\" width=\"2000\" height=\"1125\" \/><\/a><\/p>\n<p>Dende l&#8217;Acuariu resalten am\u00e1s que&#8217;l casu d&#8217;esta tort\u00faa va sirvir como ferramienta educativo. El CRAMA <strong>va aprovechar la hestoria de la so recuperaci\u00f3n para concenciar a los visitantes sobro la importancia del caltenimientu de les tort\u00faes marines y la protecci\u00f3n de les sos h\u00e1bitats naturales<\/strong> frente a amenaces como la contaminaci\u00f3n, la pesca accidental y el camb\u00e9u clim\u00e1ticu.<\/p>\n<p>Tr\u00e1tase am\u00e1s d&#8217;<strong>una especie pocu habitual nes nueses mari\u00f1es<\/strong>, de la qu&#8217;esisten bien pocos rexistros en tola pen\u00ednsula; nel nuesu casu, la so supervivencia vese comprometida pola apaici\u00f3n n&#8217;ag\u00fces con temperatures tan baxes\u00bb.<\/p>\n<p style=\"text-align: center\"><a href=\"https:\/\/imgs.search.brave.com\/vl_vjS6vInwMqHvwn_2-64KvKArjqT_9bmvX5dStQQg\/rs:fit:860:0:0:0\/g:ce\/aHR0cHM6Ly93d3cu\/bGF2aWFqZXJhZW1w\/ZWRlcm5pZGEuY29t\/L3dwLWNvbnRlbnQv\/dXBsb2Fkcy8yMDIz\/LzA1L2NyYW1hLWJp\/b3BhcmMtYWN1YXJp\/by1naWpvbi5qcGc\"><img loading=\"lazy\" decoding=\"async\" class=\"aligncenter size-large\" src=\"https:\/\/imgs.search.brave.com\/vl_vjS6vInwMqHvwn_2-64KvKArjqT_9bmvX5dStQQg\/rs:fit:860:0:0:0\/g:ce\/aHR0cHM6Ly93d3cu\/bGF2aWFqZXJhZW1w\/ZWRlcm5pZGEuY29t\/L3dwLWNvbnRlbnQv\/dXBsb2Fkcy8yMDIz\/LzA1L2NyYW1hLWJp\/b3BhcmMtYWN1YXJp\/by1naWpvbi5qcGc\" width=\"800\" height=\"399\" \/><\/a><\/p>\n<p>El <span style=\"color: #008080\"><strong>CRAMA BIOPARC (Centru de Recuperaci\u00f3n d&#8217;Animales Marinos d&#8217;Asturies)<\/strong> <\/span>ye un centru de sofitu a la Rede de Varamientos del Princip\u00e1u d&#8217;Asturies, inaugur\u00e1u en 2023 y allug\u00e1u nes instalaciones del Bioparc Acuariu de Xix\u00f3n.<\/p>\n<p>Esti equipamientu ta dedic\u00e1u espec\u00edficamente a la rehabilitaci\u00f3n y recuperaci\u00f3n d&#8217;especies marines varaes, como tort\u00faes bobes y foques, para devolveles darr\u00e9u al so h\u00e1bitat natural una vegada sanes.<\/p>\n","protected":false},"excerpt":{"rendered":"<p>Lleg\u00f3 delgada, con hipotermia y un pron\u00f3sticu inciertu\u00bb&#8230; pero respuende bien al tratamientu y enc\u00e1nta-y el bocarte: una tort\u00faa lora recup\u00e9rase nel Acuariu de Xix\u00f3n. L&#8217;animal foi rescat\u00e1u en febreru n&#8217;El Musel y aport\u00f3 \u00abn&#8217;est\u00e1u cr\u00edticu\u00bb al CRAMA. LNE<\/p>\n","protected":false},"author":117,"featured_media":0,"comment_status":"closed","ping_status":"closed","sticky":false,"template":"","format":"standard","meta":{"footnotes":""},"categories":[1],"tags":[],"class_list":["post-70200","post","type-post","status-publish","format-standard","hentry","category-sin-categoria"],"_links":{"self":[{"href":"https:\/\/edublog.educastur.es\/ixuxu\/wp-json\/wp\/v2\/posts\/70200","targetHints":{"allow":["GET"]}}],"collection":[{"href":"https:\/\/edublog.educastur.es\/ixuxu\/wp-json\/wp\/v2\/posts"}],"about":[{"href":"https:\/\/edublog.educastur.es\/ixuxu\/wp-json\/wp\/v2\/types\/post"}],"author":[{"embeddable":true,"href":"https:\/\/edublog.educastur.es\/ixuxu\/wp-json\/wp\/v2\/users\/117"}],"replies":[{"embeddable":true,"href":"https:\/\/edublog.educastur.es\/ixuxu\/wp-json\/wp\/v2\/comments?post=70200"}],"version-history":[{"count":1,"href":"https:\/\/edublog.educastur.es\/ixuxu\/wp-json\/wp\/v2\/posts\/70200\/revisions"}],"predecessor-version":[{"id":70201,"href":"https:\/\/edublog.educastur.es\/ixuxu\/wp-json\/wp\/v2\/posts\/70200\/revisions\/70201"}],"wp:attachment":[{"href":"https:\/\/edublog.educastur.es\/ixuxu\/wp-json\/wp\/v2\/media?parent=70200"}],"wp:term":[{"taxonomy":"category","embeddable":true,"href":"https:\/\/edublog.educastur.es\/ixuxu\/wp-json\/wp\/v2\/categories?post=70200"},{"taxonomy":"post_tag","embeddable":true,"href":"https:\/\/edublog.educastur.es\/ixuxu\/wp-json\/wp\/v2\/tags?post=70200"}],"curies":[{"name":"wp","href":"https:\/\/api.w.org\/{rel}","templated":true}]}}