{"id":70223,"date":"2026-03-27T08:30:15","date_gmt":"2026-03-27T06:30:15","guid":{"rendered":"https:\/\/edublog.educastur.es\/ixuxu\/?p=70223"},"modified":"2026-03-27T12:57:15","modified_gmt":"2026-03-27T10:57:15","slug":"el-tiempu-el-comercio-296","status":"publish","type":"post","link":"https:\/\/edublog.educastur.es\/ixuxu\/2026\/03\/el-tiempu-el-comercio-296\/","title":{"rendered":"El tiempu (El Comercio)"},"content":{"rendered":"<p style=\"text-align: center\"><a href=\"https:\/\/s2.ppllstatics.com\/elcomercio\/www\/multimedia\/2026\/03\/26\/tiempo-asturias.jpg\"><img loading=\"lazy\" decoding=\"async\" class=\"aligncenter size-large\" src=\"https:\/\/s2.ppllstatics.com\/elcomercio\/www\/multimedia\/2026\/03\/26\/tiempo-asturias.jpg\" width=\"1619\" height=\"1085\" \/><\/a><\/p>\n<p>Vamos amanecer con escamplaes en munchos puntos del Princip\u00e1u, pero r\u00e1pido vamos dir reparando como va entrar nubosid\u00e1 pola mari\u00f1a oriental y va dise estendiendo escontra&#8217;l restu de la rex\u00f3n. El suroccidente y el cordal van ser los sectores menos afectaos.<strong> Les nubes<\/strong> apenes van dexar precipitaciones, pero s\u00eda que non nun se refuga que pueda escapase dalg\u00fan orbayu bien pocu importante nel oriente asturianu. <strong>Los vientos<\/strong> van predominar de nord\u00e9s fluexos con dalguna qu&#8217;otra racha moderada sobremanera na mari\u00f1a occidental. Tocantes a les temperatures, <strong>les m\u00e1ximes<\/strong> van xubir hasta 4 o 5 \u00baC nel cordal y nel suroccidente, hasta 3 \u00baC nel restu de la met\u00e1 sur, y hasta 1 o 2 \u00baC na met\u00e1 norte. <strong>Les m\u00ednimes<\/strong> apenes van esperimentar cambeos.<\/p>\n<p><!--more--><\/p>\n<p><strong>El s\u00e1badu<\/strong> preveSE la entrada d&#8217;un frente fr\u00edu pocu activu cuidao que vamos tar influy\u00edos poles altes presiones, pero igualmente va dexar abondosu nubosidad y una segunda parte del d\u00eda con presencia d&#8217;ag\u00fces d\u00e9biles. La cota de nieve va baxar progresivamente hasta los 1000 metros.<\/p>\n<p style=\"text-align: center\"><a href=\"https:\/\/services.meteored.com\/img\/article\/la-prevision-de-lluvias-para-la-semana-santa-en-espana-se-ajusta-lo-que-cambia-y-lo-que-no-1774477534902_1024.png\"><img loading=\"lazy\" decoding=\"async\" class=\"aligncenter size-large\" src=\"https:\/\/services.meteored.com\/img\/article\/la-prevision-de-lluvias-para-la-semana-santa-en-espana-se-ajusta-lo-que-cambia-y-lo-que-no-1774477534902_1024.png\" width=\"1024\" height=\"714\" \/><\/a><\/p>\n<p><strong> El domingu<\/strong> prevense nubes y dellos orbayos pela ma\u00f1ana, am\u00e1s d&#8217;enforma fr\u00edu.<\/p>\n<p style=\"text-align: center\"><a href=\"https:\/\/services.meteored.com\/img\/video\/preview\/dailymotion-xa3ckqo_1024.jpg\"><img loading=\"lazy\" decoding=\"async\" class=\"aligncenter size-large\" src=\"https:\/\/services.meteored.com\/img\/video\/preview\/dailymotion-xa3ckqo_1024.jpg\" width=\"1024\" height=\"576\" \/><\/a><\/p>\n<p>Espa\u00f1a va vivir cuatro o cinco d\u00edes ivernizos nel entamu de la Selmana Santa por delles pulsaciones d&#8217;aire polar, pero&#8217;l <strong>calor primaveral podr\u00eda llegar n&#8217;unos d\u00edes, seg\u00fan el modelu europ\u00e9u.<\/strong><\/p>\n<p>Martes 31 de marzu<\/p>\n<p style=\"text-align: center\"><a href=\"https:\/\/services.meteored.com\/img\/article\/del-frio-a-los-25-c-que-opciones-hay-de-que-tengamos-dias-de-mayo-en-semana-santa-1774522708167_1024.png\"><img loading=\"lazy\" decoding=\"async\" class=\"aligncenter size-large\" src=\"https:\/\/services.meteored.com\/img\/article\/del-frio-a-los-25-c-que-opciones-hay-de-que-tengamos-dias-de-mayo-en-semana-santa-1774522708167_1024.png\" width=\"1024\" height=\"714\" \/><\/a><\/p>\n<p>La Pen\u00ednsula va convertise nun campu de batalla, produci\u00e9ndose una llucha ente mases d&#8217;aire subtropical (asociaes al anticicl\u00f3n de los Azores) y l&#8217;aire polar, que vendr\u00eda empobin\u00e1u polos vientos del norte.<\/p>\n<p>&nbsp;<\/p>\n","protected":false},"excerpt":{"rendered":"<p>Vamos amanecer con escamplaes en munchos puntos del Princip\u00e1u, pero r\u00e1pido vamos dir reparando como va entrar nubosid\u00e1 pola mari\u00f1a oriental y va dise estendiendo escontra&#8217;l restu de la rex\u00f3n. El suroccidente y el cordal van ser los sectores menos afectaos. Les nubes apenes van dexar precipitaciones, pero s\u00eda que non nun se refuga que [&hellip;]<\/p>\n","protected":false},"author":117,"featured_media":0,"comment_status":"closed","ping_status":"closed","sticky":false,"template":"","format":"standard","meta":{"footnotes":""},"categories":[1],"tags":[],"class_list":["post-70223","post","type-post","status-publish","format-standard","hentry","category-sin-categoria"],"_links":{"self":[{"href":"https:\/\/edublog.educastur.es\/ixuxu\/wp-json\/wp\/v2\/posts\/70223","targetHints":{"allow":["GET"]}}],"collection":[{"href":"https:\/\/edublog.educastur.es\/ixuxu\/wp-json\/wp\/v2\/posts"}],"about":[{"href":"https:\/\/edublog.educastur.es\/ixuxu\/wp-json\/wp\/v2\/types\/post"}],"author":[{"embeddable":true,"href":"https:\/\/edublog.educastur.es\/ixuxu\/wp-json\/wp\/v2\/users\/117"}],"replies":[{"embeddable":true,"href":"https:\/\/edublog.educastur.es\/ixuxu\/wp-json\/wp\/v2\/comments?post=70223"}],"version-history":[{"count":3,"href":"https:\/\/edublog.educastur.es\/ixuxu\/wp-json\/wp\/v2\/posts\/70223\/revisions"}],"predecessor-version":[{"id":70258,"href":"https:\/\/edublog.educastur.es\/ixuxu\/wp-json\/wp\/v2\/posts\/70223\/revisions\/70258"}],"wp:attachment":[{"href":"https:\/\/edublog.educastur.es\/ixuxu\/wp-json\/wp\/v2\/media?parent=70223"}],"wp:term":[{"taxonomy":"category","embeddable":true,"href":"https:\/\/edublog.educastur.es\/ixuxu\/wp-json\/wp\/v2\/categories?post=70223"},{"taxonomy":"post_tag","embeddable":true,"href":"https:\/\/edublog.educastur.es\/ixuxu\/wp-json\/wp\/v2\/tags?post=70223"}],"curies":[{"name":"wp","href":"https:\/\/api.w.org\/{rel}","templated":true}]}}