{"id":70225,"date":"2026-03-27T10:19:43","date_gmt":"2026-03-27T08:19:43","guid":{"rendered":"https:\/\/edublog.educastur.es\/ixuxu\/?p=70225"},"modified":"2026-03-27T10:33:03","modified_gmt":"2026-03-27T08:33:03","slug":"asturies-va-cuntar-con-un-nuevu-observatoriu-destrelles","status":"publish","type":"post","link":"https:\/\/edublog.educastur.es\/ixuxu\/2026\/03\/asturies-va-cuntar-con-un-nuevu-observatoriu-destrelles\/","title":{"rendered":"Asturies va cuntar con un nuevu observatoriu d&#8217;estrelles."},"content":{"rendered":"<p style=\"text-align: center\"><a href=\"https:\/\/s3.ppllstatics.com\/elcomercio\/www\/multimedia\/2026\/03\/26\/Imagen%20WhatsApp%20Image%202026-03-26%20at%2012.56.02-R0W7FpxxYJ9LLPQU6Kw6SlJ-1200x840@El%20Comercio.jpg\"><img loading=\"lazy\" decoding=\"async\" class=\"aligncenter \" src=\"https:\/\/s3.ppllstatics.com\/elcomercio\/www\/multimedia\/2026\/03\/26\/Imagen%20WhatsApp%20Image%202026-03-26%20at%2012.56.02-R0W7FpxxYJ9LLPQU6Kw6SlJ-1200x840@El%20Comercio.jpg\" width=\"637\" height=\"446\" \/><\/a><\/p>\n<p>De los raiga\u00f1os mineros al cielu: Asturies va cuntar con un nuevu observatoriu d&#8217;estrelles. El proyectu, que se va desenvolver nes antig\u00fces oficines d&#8217;Hunosa de Cotu Bellu y cuesta 539.958 euros, incl\u00fai la creaci\u00f3n d&#8217;un centru de recepci\u00f3n de visitantes. <a href=\"https:\/\/www.elcomercio.es\/area-metropolitana-asturias\/cuencas\/observatorio-estrellas-coto-bello-hunosa-asturias-20260326235544-nt.html\">El Comercio<\/a><\/p>\n<p><!--more--><br \/>\nCotu Bellu, n&#8217;Ayer, lleva a\u00f1os siendo un llugar privilex\u00e1u a la de ver estrelles; esitosa ye la so &#8216;Selmana de les Perseidas&#8217;, que se celebra nel mes d&#8217;agostu. Agora esta activid\u00e1 va cuntar con un referente que lu fadr\u00e1, si quepe, m\u00e1s satisfactoria: un observatoriu que se va allugar nun centru de recepci\u00f3n de visitantes, onde se van ufiertar actividaes y va ufiertase informaci\u00f3n a los turistes.<\/p>\n<p>Un ilusionante proyectu que va ser posible gracies a la conversi\u00f3n del vieyu edificiu destin\u00e1u a les oficines de la esplotaci\u00f3n a cielu abiertu d&#8217;Hunosa nun centru de recepci\u00f3n de visitantes y observatoriu d&#8217;estrelles. Van Ser casi 200 metros cuadraos d&#8217;edificiu. El proyectu cunta con un presupuestu de 539.958 euros y un plazu d&#8217;execuci\u00f3n de seis meses.<\/p>\n<p style=\"text-align: center\"><a href=\"https:\/\/s1.ppllstatics.com\/elcomercio\/www\/multimedia\/2026\/03\/26\/observatorio-estrellas.jpg\"><img loading=\"lazy\" decoding=\"async\" class=\"aligncenter size-large\" src=\"https:\/\/s1.ppllstatics.com\/elcomercio\/www\/multimedia\/2026\/03\/26\/observatorio-estrellas.jpg\" width=\"1196\" height=\"689\" \/><\/a><\/p>\n<p>Unu de los llaterales del inmueble, con ascensor para xubir al observatoriu.<\/p>\n<p>Los raiga\u00f1os mineros del conceyu t\u00e1n presentes na nueva actuaci\u00f3n. Asina, na descripci\u00f3n del proyectu, ellabor\u00e1u pola arquiteuta Sonia \u00c1lvarez, ind\u00edcase que \u00abel color del carb\u00f3n ye la envolvente del edificiu, combin\u00e1u cola calidez de el color d&#8217;un carbayu natural\u00bb.<\/p>\n<p><strong>L&#8217;inmueble<\/strong> Seg\u00fan espl\u00edcase nel proyectu, \u00abl&#8217;edificiu nun tien un desenvolvimientu n&#8217;altor, sin\u00f3n que potencia la horizontalid\u00e1, mimetiz\u00e1ndose col monte\u00bb. Visualmente nun se van apreciar cambeos sustanciales na edificaci\u00f3n actual, porque nun se produz un aumentu de volume, tan solo la instalaci\u00f3n d&#8217;un ascensor que da accesibilid\u00e1 al altillo xener\u00e1u, onde s&#8217;instala un lucernario a manera d&#8217;observatoriu.<\/p>\n<p>Am\u00e1s, na parte frontera va xenerase \u00abun espaciu d&#8217;alcuentru, recubiertu con una p\u00e9rgola bioclim\u00e1tica\u00bb.<\/p>\n<p>El proyectu municipal y\u00e1 tuviera una primer llicitaci\u00f3n p\u00fablica que qued\u00f3 erma. Tres la cual, al aumentar el presupuestu unos 200.000 euros, el segundu concursu s\u00ed result\u00f3 interesante para los empresarios. Y C\u00edes Obra Civil result\u00f3 l&#8217;axudicataria. Tratar d&#8217;un proyectu financi\u00e1u col Plan de Sostenibilid\u00e1 Tur\u00edstica del Monte Central, con fondos de la Uni\u00f3n Europea.<\/p>\n<p>Con esti nuevu proyectu, el tresformamientu de Cotu Bellu como referente tur\u00edsticu empieza. Primero construy\u00f3se un mirador panor\u00e1micu asiti\u00e1u a 1.198 metros d&#8217;altit\u00fa y agora un espaciu \u00fanicu para reparar les estrelles.<\/p>\n","protected":false},"excerpt":{"rendered":"<p>De los raiga\u00f1os mineros al cielu: Asturies va cuntar con un nuevu observatoriu d&#8217;estrelles. El proyectu, que se va desenvolver nes antig\u00fces oficines d&#8217;Hunosa de Cotu Bellu y cuesta 539.958 euros, incl\u00fai la creaci\u00f3n d&#8217;un centru de recepci\u00f3n de visitantes. El Comercio<\/p>\n","protected":false},"author":117,"featured_media":0,"comment_status":"closed","ping_status":"closed","sticky":false,"template":"","format":"standard","meta":{"footnotes":""},"categories":[198,223],"tags":[],"class_list":["post-70225","post","type-post","status-publish","format-standard","hentry","category-arquitectura","category-astronomia"],"_links":{"self":[{"href":"https:\/\/edublog.educastur.es\/ixuxu\/wp-json\/wp\/v2\/posts\/70225","targetHints":{"allow":["GET"]}}],"collection":[{"href":"https:\/\/edublog.educastur.es\/ixuxu\/wp-json\/wp\/v2\/posts"}],"about":[{"href":"https:\/\/edublog.educastur.es\/ixuxu\/wp-json\/wp\/v2\/types\/post"}],"author":[{"embeddable":true,"href":"https:\/\/edublog.educastur.es\/ixuxu\/wp-json\/wp\/v2\/users\/117"}],"replies":[{"embeddable":true,"href":"https:\/\/edublog.educastur.es\/ixuxu\/wp-json\/wp\/v2\/comments?post=70225"}],"version-history":[{"count":4,"href":"https:\/\/edublog.educastur.es\/ixuxu\/wp-json\/wp\/v2\/posts\/70225\/revisions"}],"predecessor-version":[{"id":70229,"href":"https:\/\/edublog.educastur.es\/ixuxu\/wp-json\/wp\/v2\/posts\/70225\/revisions\/70229"}],"wp:attachment":[{"href":"https:\/\/edublog.educastur.es\/ixuxu\/wp-json\/wp\/v2\/media?parent=70225"}],"wp:term":[{"taxonomy":"category","embeddable":true,"href":"https:\/\/edublog.educastur.es\/ixuxu\/wp-json\/wp\/v2\/categories?post=70225"},{"taxonomy":"post_tag","embeddable":true,"href":"https:\/\/edublog.educastur.es\/ixuxu\/wp-json\/wp\/v2\/tags?post=70225"}],"curies":[{"name":"wp","href":"https:\/\/api.w.org\/{rel}","templated":true}]}}