{"id":70230,"date":"2026-03-27T10:41:28","date_gmt":"2026-03-27T08:41:28","guid":{"rendered":"https:\/\/edublog.educastur.es\/ixuxu\/?p=70230"},"modified":"2026-03-27T10:59:15","modified_gmt":"2026-03-27T08:59:15","slug":"esposicion-fotografica-en-xixon","status":"publish","type":"post","link":"https:\/\/edublog.educastur.es\/ixuxu\/2026\/03\/esposicion-fotografica-en-xixon\/","title":{"rendered":"\u00a0\u00a1Una xoya para&#8217;l Mus\u00e9u de Belles Artes d&#8217;Asturies!"},"content":{"rendered":"<p style=\"text-align: center\"><a href=\"https:\/\/pbs.twimg.com\/media\/HEVYfsBWIAA1LT7?format=jpg&amp;name=medium\"><img loading=\"lazy\" decoding=\"async\" class=\"aligncenter \" src=\"https:\/\/pbs.twimg.com\/media\/HEVYfsBWIAA1LT7?format=jpg&amp;name=medium\" width=\"703\" height=\"879\" \/><\/a><\/p>\n<p><span class=\"css-1jxf684 r-bcqeeo r-1ttztb7 r-qvutc0 r-poiln3\">\u00a0\u00a1Una xoya para&#8217;l Mus\u00e9u de Belles Artes d&#8217;Asturies! La Semeya de Ferm\u00edn Arango&#8217; d&#8217;Ignacio Zuloaga foi adquir\u00edu para arriquecer la nuesa colecci\u00f3n. Una obra que simboliza l&#8217;amist\u00e1 entre Zuloaga y Arango. \u00a1Nun Pierdas el so&#8230; <\/span><a class=\"css-1jxf684 r-bcqeeo r-1ttztb7 r-qvutc0 r-poiln3 r-1wvb978 r-1loqt21\" dir=\"ltr\" role=\"link\" href=\"https:\/\/t.co\/qvpxkTlbHs\" target=\"_blank\" rel=\"noopener noreferrer nofollow\"><span class=\"css-1jxf684 r-bcqeeo r-1ttztb7 r-qvutc0 r-poiln3 r-qlhcfr r-19qo34d r-qvk6io r-orgf3d r-u8s1d\" aria-hidden=\"true\">https:\/\/<\/span>mrf.lu\/fPwY <\/a><\/p>\n<p><!--more--><\/p>\n<p>El Mus\u00e9u de Belles Artes d\u2019Asturies incorpora a los sos fondos el Retratu de Ferm\u00edn Arango, una obra destacada d\u2019Ignacio Zuloaga que y\u00e1 puede visitase de manera permanente na sala 18.<\/p>\n<h3 class=\"html-h3 x14z9mp xat24cr x1lziwak xexx8yu xyri2b x18d9i69 x1c1uobl x1vvkbs x1heor9g x1qlqyl8 x1pd3egz x1a2a7pz x1gslohp x1yc453h\" style=\"text-align: center\"><\/h3>\n<p>\ud83d\uddbc\ufe0f El llenzu, adquir\u00edu a un descendiente del artista, representa al pintor asturianu Ferm\u00edn Arango pintando al aire llibre, nuna composici\u00f3n de gran fuerza espresiva.<\/p>\n<p>\ud83e\udd1d La obra tien un fuerte componente simb\u00f3licu al reflexar l&#8217;amist\u00e1 y almiraci\u00f3n ente dambos creadores, nuna etapa marcada pola proyecci\u00f3n internacional d\u2019Arango, que desenvolvi\u00f3 la so trayectoria ente Arxentina y Par\u00eds, en contactu con figures como Picasso o Juan Gris.<\/p>\n<p>\ud83d\uddfa\ufe0f Con un importante percorr\u00edu espositivu internacional y presencia destacada na bibliograf\u00eda cient\u00edfica, esta incorporaci\u00f3n completa de manera significativa la representaci\u00f3n de Zuloaga na pinacoteca y refuerza\u2019l papel del mus\u00e9u como referente na conservaci\u00f3n, investigaci\u00f3n y difusi\u00f3n del arte espa\u00f1ol del sieglu XX.<\/p>\n<p>M\u00e1s informaci\u00f3n \u2935\ufe0f <a href=\"https:\/\/actualidad.asturias.es\/-\/zuloagabbaa253\">https:\/\/actualidad.asturias.es\/-\/zuloagabbaa253<\/a><\/p>\n<h3 class=\"html-h3 x14z9mp xat24cr x1lziwak xexx8yu xyri2b x18d9i69 x1c1uobl x1vvkbs x1heor9g x1qlqyl8 x1pd3egz x1a2a7pz x1gslohp x1yc453h\" style=\"text-align: center\"><span class=\"x193iq5w xeuugli x13faqbe x1vvkbs x1xmvt09 x1lliihq x1s928wv xhkezso x1gmr53x x1cpjm7i x1fgarty x1943h6x xudqn12 x3x7a5m x1f6kntn xvq8zen xo1l8bm xzsf02u\" dir=\"auto\"><span class=\"x193iq5w xeuugli x13faqbe x1vvkbs xt0psk2 x1i0vuye xvs91rp xo1l8bm x5n08af x10wh9bi xpm28yp x8viiok x1o7cslx x126k92a\"><span class=\"html-span xexx8yu x4uap5 x18d9i69 xkhd6sd x1hl2dhg x16tdsg8 x1vvkbs x3nfvp2 x1j61x8r x1fcty0u xdj266r xat24cr xgzva0m xhhsvwb xxymvpz xlup9mm x1kky2od\">\n<!-- iframe plugin v.6.0 wordpress.org\/plugins\/iframe\/ -->\n<iframe loading=\"lazy\" src=\"https:\/\/www.instagram.com\/p\/DWUfe8RCJfM\/embed\" width=\"500\" height=\"640\" 0=\"\/iframe\" scrolling=\"yes\" class=\"iframe-class\" frameborder=\"0\"><\/iframe>\n<\/span><\/span><\/span><\/h3>\n<p>El cuadru representa al pintor y grabador asturianu Ferm\u00edn Arango (Santalla d&#8217;Ozcos, 1874 \u2013 Cergy-Pontoise, Par\u00eds, 1962), retrat\u00e1u al campu mientres pinta, con traxe escuru y capa espa\u00f1ola sobro un fondu de nubes tormentoses. La obra destaca pola so riqueza t\u00e9cnica, con pincelaes amplies, empasties trupos y xuna paleta sobria, seg\u00fan por simbolizar l&#8217;amist\u00e1 y almiraci\u00f3n mutua entre Zuloaga y Arango.<\/p>\n<h3 class=\"html-h3 x14z9mp xat24cr x1lziwak xexx8yu xyri2b x18d9i69 x1c1uobl x1vvkbs x1heor9g x1qlqyl8 x1pd3egz x1a2a7pz x1gslohp x1yc453h\" style=\"text-align: center\"><\/h3>\n","protected":false},"excerpt":{"rendered":"<p>\u00a0\u00a1Una xoya para&#8217;l Mus\u00e9u de Belles Artes d&#8217;Asturies! La Semeya de Ferm\u00edn Arango&#8217; d&#8217;Ignacio Zuloaga foi adquir\u00edu para arriquecer la nuesa colecci\u00f3n. Una obra que simboliza l&#8217;amist\u00e1 entre Zuloaga y Arango. \u00a1Nun Pierdas el so&#8230; https:\/\/mrf.lu\/fPwY<\/p>\n","protected":false},"author":117,"featured_media":0,"comment_status":"closed","ping_status":"closed","sticky":false,"template":"","format":"standard","meta":{"footnotes":""},"categories":[15,30],"tags":[],"class_list":["post-70230","post","type-post","status-publish","format-standard","hentry","category-museos","category-pintura"],"_links":{"self":[{"href":"https:\/\/edublog.educastur.es\/ixuxu\/wp-json\/wp\/v2\/posts\/70230","targetHints":{"allow":["GET"]}}],"collection":[{"href":"https:\/\/edublog.educastur.es\/ixuxu\/wp-json\/wp\/v2\/posts"}],"about":[{"href":"https:\/\/edublog.educastur.es\/ixuxu\/wp-json\/wp\/v2\/types\/post"}],"author":[{"embeddable":true,"href":"https:\/\/edublog.educastur.es\/ixuxu\/wp-json\/wp\/v2\/users\/117"}],"replies":[{"embeddable":true,"href":"https:\/\/edublog.educastur.es\/ixuxu\/wp-json\/wp\/v2\/comments?post=70230"}],"version-history":[{"count":6,"href":"https:\/\/edublog.educastur.es\/ixuxu\/wp-json\/wp\/v2\/posts\/70230\/revisions"}],"predecessor-version":[{"id":70240,"href":"https:\/\/edublog.educastur.es\/ixuxu\/wp-json\/wp\/v2\/posts\/70230\/revisions\/70240"}],"wp:attachment":[{"href":"https:\/\/edublog.educastur.es\/ixuxu\/wp-json\/wp\/v2\/media?parent=70230"}],"wp:term":[{"taxonomy":"category","embeddable":true,"href":"https:\/\/edublog.educastur.es\/ixuxu\/wp-json\/wp\/v2\/categories?post=70230"},{"taxonomy":"post_tag","embeddable":true,"href":"https:\/\/edublog.educastur.es\/ixuxu\/wp-json\/wp\/v2\/tags?post=70230"}],"curies":[{"name":"wp","href":"https:\/\/api.w.org\/{rel}","templated":true}]}}