{"id":70244,"date":"2026-03-27T18:10:03","date_gmt":"2026-03-27T16:10:03","guid":{"rendered":"https:\/\/edublog.educastur.es\/ixuxu\/?p=70244"},"modified":"2026-03-27T12:11:47","modified_gmt":"2026-03-27T10:11:47","slug":"70244","status":"publish","type":"post","link":"https:\/\/edublog.educastur.es\/ixuxu\/2026\/03\/70244\/","title":{"rendered":"Presentaci\u00f3n de discos esti vienres n&#8217;Uvi\u00e9u"},"content":{"rendered":"<div class=\"elementor-element elementor-element-667e3c7 elementor-widget__width-inherit elementor-widget elementor-widget-theme-post-title elementor-page-title elementor-widget-heading\" data-id=\"667e3c7\" data-element_type=\"widget\" data-e-type=\"widget\" data-widget_type=\"theme-post-title.default\">\n<div class=\"elementor-widget-container\">\n<p style=\"text-align: center\"><a href=\"https:\/\/musicasturiana.com\/wp-content\/uploads\/2026\/03\/tasio-y-marisa-valle-roso.jpg\"><img loading=\"lazy\" decoding=\"async\" class=\"aligncenter \" src=\"https:\/\/musicasturiana.com\/wp-content\/uploads\/2026\/03\/tasio-y-marisa-valle-roso.jpg\" width=\"658\" height=\"329\" \/><\/a><\/p>\n<p class=\"elementor-heading-title elementor-size-default\"><a href=\"https:\/\/musicasturiana.com\/?s=marisa&amp;id=34744\"><strong>Marisa Valle Roso<\/strong><\/a> y <a href=\"https:\/\/musicasturiana.com\/?s=Tasio&amp;id=34744\"><strong>Tasio<\/strong> <\/a>presenten los sos discos esti vienres n\u2019Uvi\u00e9u. <span style=\"font-size: 16px\">La cantautora llangreana act\u00faa na sala Tribeca Live cola xira de &#8216;Cenicientes&#8217; y la electr\u00f3nica de raiga\u00f1u de &#8216;Cl\u00e1 83&#8217; suena nos Kuivi Almacenes. <a href=\"https:\/\/musicasturiana.com\/marisa-valle-roso-y-tasio-presenten-los-sos-discos-esti-vienres-nuvieu\/\">Musicasturiana.com<\/a><\/span><\/p>\n<p><!--more--><\/p>\n<p>Les\u00a0<strong>sales de conciertos<\/strong>\u00a0de la capital del pa\u00eds acueyen est<strong>i vienres 27 de marzu<\/strong>\u00a0dos presentaciones en directo de\u00a0<strong>novedaes discogr\u00e1fiques<\/strong>. L\u2019artista llangreana\u00a0<strong>Marisa Valle Roso\u00a0<\/strong>va tocar a les 21h, na sala\u00a0<strong>Tribeca Live<\/strong>\u00a0y con un\u00a0<a href=\"https:\/\/epticket.com\/events\/marisa-valle-roso-en-oviedo\" target=\"_blank\" rel=\"noopener\">preciu d\u2019entrada de 18 euros,<\/a>\u00a0pa poner enriba l\u2019escenariu los temes del so discu nuevu,\u00a0<em><strong>Cenicientes<\/strong><\/em>. D\u2019otra banda, el proyectu de m\u00fasica tradicional asturiana y electr\u00f3nica,\u00a0<strong>Tasio<\/strong>, va dar el so primer conciertu nel qu\u2019estrena\u2019l so discu\u00a0<em><strong>Cl\u00e1 83<\/strong>.<\/em>\u00a0La cita ye nos\u00a0<strong>Kuivi Almacenes\u00a0<\/strong>a les 21h y tien entrada llibre.<\/p>\n<p><em><strong><a href=\"https:\/\/musicasturiana.com\/producto\/marisa-valle-roso-cd-cenicientes\/\">Cenicientes<\/a><\/strong><\/em>\u00a0ye\u2019l trabayu m\u00e1s completu de Marisa Valle Roso. Ta form\u00e1u por\u00a0<strong>diez cantares qu\u2019entemecen el folk col pop y los instrumentos electr\u00f3nicos\u00a0<\/strong>y nel que-y canta al feminismu, a la llucha pola xusticia social, a la\u00a0<strong>reivindicaci\u00f3n de la memoria colectiva asturiana<\/strong>\u00a0y de la so identid\u00e1. Tami\u00e9n\u00a0<strong>afonda no m\u00e1s personal<\/strong>, dedicando\u2019l so espaciu a la sal\u00fa mental, el gran problema de la socied\u00e1 del sieglu XXI. El conciertu d\u2019Uvi\u00e9u enm\u00e1rcase dientro de la\u00a0<strong>xira d\u2019esti discu\u00a0<\/strong>que ta llevando a la cantautora per ciudaes de tol Est\u00e1u espa\u00f1ol.<\/p>\n<p style=\"text-align: center\">\n<!-- iframe plugin v.6.0 wordpress.org\/plugins\/iframe\/ -->\n<iframe data-testid=\"embed-iframe\" style=\"border-radius:12px\" src=\"https:\/\/open.spotify.com\/embed\/album\/0hrLoinvIee57qeBYdeFGE?utm_source=generator\" width=\"100%\" height=\"352\" frameborder=\"0\" allowfullscreen allow=\"autoplay; clipboard-write; encrypted-media; fullscreen; picture-in-picture\" loading=\"lazy\" 0=\"\/iframe\" scrolling=\"yes\" class=\"iframe-class\"><\/iframe>\n<\/p>\n<p><em><strong><a href=\"https:\/\/orcd.co\/cla-83\" target=\"_blank\" rel=\"noreferrer noopener\">Cl\u00e1 83<\/a><\/strong><\/em>\u00a0ye\u2019l primer trabayu discogr\u00e1ficu de\u00a0<strong>Tasio<\/strong>. Esti artista vencey\u00e1u a la m\u00fasica asturiana y a la electr\u00f3nica\u00a0<strong>dende hai 20 a\u00f1os<\/strong>\u00a0axunta estes dos corrientes musicales nel so proyectu en solitariu que present\u00f3 l\u2019a\u00f1u pas\u00e1u. Nos once temes que formen el so\u00a0<em>debut<\/em>\u00a0suena \u00ab<strong>dubstep, drum&amp;bass, rap, spoken word<\/strong>\u2026 too pasao pol filtru de lo\u00a0<strong>tradi\u00a0<\/strong>y con un toque bastante\u00a0<strong>pop<\/strong>, sobre manera na forma de cantar\u00bb, como destaca\u00a0<strong>Dudu Garc\u00eda<\/strong>,\u00a0<em>alter ego<\/em>\u00a0de Tasio.<\/p>\n<p style=\"text-align: center\">\n<!-- iframe plugin v.6.0 wordpress.org\/plugins\/iframe\/ -->\n<iframe data-testid=\"embed-iframe\" style=\"border-radius:12px\" src=\"https:\/\/open.spotify.com\/embed\/album\/5t2h3xPEJaE7mv0l8uSyxB?utm_source=generator\" width=\"100%\" height=\"352\" frameborder=\"0\" allowfullscreen allow=\"autoplay; clipboard-write; encrypted-media; fullscreen; picture-in-picture\" loading=\"lazy\" 0=\"\/iframe\" scrolling=\"yes\" class=\"iframe-class\"><\/iframe>\n<\/p>\n<div class=\"wp-block-spacer\" aria-hidden=\"true\"><\/div>\n<figure class=\"wp-block-embed is-type-rich is-provider-spotify wp-block-embed-spotify\">\n<div class=\"wp-block-embed__wrapper\"><\/div>\n<\/figure>\n<div class=\"wp-block-spacer\" aria-hidden=\"true\"><\/div>\n<figure class=\"wp-block-embed is-type-rich is-provider-spotify wp-block-embed-spotify\">\n<div class=\"wp-block-embed__wrapper\"><\/div>\n<\/figure>\n<\/div>\n<\/div>\n<p>&nbsp;<\/p>\n","protected":false},"excerpt":{"rendered":"<p>Marisa Valle Roso y Tasio presenten los sos discos esti vienres n\u2019Uvi\u00e9u. La cantautora llangreana act\u00faa na sala Tribeca Live cola xira de &#8216;Cenicientes&#8217; y la electr\u00f3nica de raiga\u00f1u de &#8216;Cl\u00e1 83&#8217; suena nos Kuivi Almacenes. Musicasturiana.com<\/p>\n","protected":false},"author":117,"featured_media":0,"comment_status":"closed","ping_status":"closed","sticky":false,"template":"","format":"standard","meta":{"footnotes":""},"categories":[35,125],"tags":[],"class_list":["post-70244","post","type-post","status-publish","format-standard","hentry","category-musica","category-musicasturiana-com"],"_links":{"self":[{"href":"https:\/\/edublog.educastur.es\/ixuxu\/wp-json\/wp\/v2\/posts\/70244","targetHints":{"allow":["GET"]}}],"collection":[{"href":"https:\/\/edublog.educastur.es\/ixuxu\/wp-json\/wp\/v2\/posts"}],"about":[{"href":"https:\/\/edublog.educastur.es\/ixuxu\/wp-json\/wp\/v2\/types\/post"}],"author":[{"embeddable":true,"href":"https:\/\/edublog.educastur.es\/ixuxu\/wp-json\/wp\/v2\/users\/117"}],"replies":[{"embeddable":true,"href":"https:\/\/edublog.educastur.es\/ixuxu\/wp-json\/wp\/v2\/comments?post=70244"}],"version-history":[{"count":6,"href":"https:\/\/edublog.educastur.es\/ixuxu\/wp-json\/wp\/v2\/posts\/70244\/revisions"}],"predecessor-version":[{"id":70250,"href":"https:\/\/edublog.educastur.es\/ixuxu\/wp-json\/wp\/v2\/posts\/70244\/revisions\/70250"}],"wp:attachment":[{"href":"https:\/\/edublog.educastur.es\/ixuxu\/wp-json\/wp\/v2\/media?parent=70244"}],"wp:term":[{"taxonomy":"category","embeddable":true,"href":"https:\/\/edublog.educastur.es\/ixuxu\/wp-json\/wp\/v2\/categories?post=70244"},{"taxonomy":"post_tag","embeddable":true,"href":"https:\/\/edublog.educastur.es\/ixuxu\/wp-json\/wp\/v2\/tags?post=70244"}],"curies":[{"name":"wp","href":"https:\/\/api.w.org\/{rel}","templated":true}]}}