{"id":70259,"date":"2026-03-21T09:08:24","date_gmt":"2026-03-21T07:08:24","guid":{"rendered":"https:\/\/edublog.educastur.es\/ixuxu\/?p=70259"},"modified":"2026-03-27T14:15:57","modified_gmt":"2026-03-27T12:15:57","slug":"70259","status":"publish","type":"post","link":"https:\/\/edublog.educastur.es\/ixuxu\/2026\/03\/70259\/","title":{"rendered":"Esposici\u00f3n \u00abLa poes\u00eda y la mar\u00bb en Xix\u00f3n."},"content":{"rendered":"<p style=\"text-align: center\"><a href=\"https:\/\/www.educastur.es\/documents\/34868\/37833\/2022-01-actividades-otras-asturias-poesia-1060.jpg\/688e26b0-24d2-7418-e393-952ead7094eb?t=1643372397312\"><img loading=\"lazy\" decoding=\"async\" class=\"aligncenter \" src=\"https:\/\/www.educastur.es\/documents\/34868\/37833\/2022-01-actividades-otras-asturias-poesia-1060.jpg\/688e26b0-24d2-7418-e393-952ead7094eb?t=1643372397312\" width=\"458\" height=\"211\" \/><\/a><\/p>\n<ul>\n<li><a href=\"https:\/\/www.educastur.es\/-\/dia-poesia-asturias-capital-mundial-poesia-activudades-escolares?redirect=%2F\">Educastur<\/a> \/\u00a0<a href=\"mailto:asturiascapital@gmail.com\">asturiascapital@gmail.com<\/a>\/ <a href=\"https:\/\/asturiascapitalmundialdelapoesia.com\/\" target=\"_blank\" rel=\"noopener\">Web <\/a>\u00a0\/\u00a0<a href=\"https:\/\/www.unesco.org\/es\/days\/poetry\" target=\"_blank\" rel=\"noopener\">D\u00eda Mundial de la Poes\u00eda<\/a>\u00a0(UNESCO)<\/li>\n<\/ul>\n<p>Actividaes escolares.\u00a0Ente les actividaes propuestes at\u00f3pense visites empuestes y actividaes complementaries pa fomentar la creativid\u00e1 per parte del alumn\u00e1u, tanto nes artes pl\u00e1stiques como na lliteratura.<\/p>\n<p><strong>Colexata de San Juan Bautista, Xix\u00f3n.\u00a0<\/strong>La esposici\u00f3n ufierta 28 obres nes que l&#8217;artista asturianu Guillermo Sim\u00f3n ufi\u00e9rtanos la so particular visi\u00f3n del Cant\u00e1bricu. L&#8217;amuesa som\u00f3rguianos nun di\u00e1logu \u00edntimu ente disciplines art\u00edstiques al travi\u00e9s d&#8217;una cuidada selecci\u00f3n de versos, ente ellos los d&#8217;escritores asturianos como Berta Pi\u00f1an, Aurelio G. Ovies, Xuan Bello, \u00c1nxeles Carbajal, C\u00e9sar Iglesias, Jos\u00e9 Luis Garc\u00eda, Mart\u00edn, Ceferino Monta\u00f1\u00e9s, Agust\u00edn A. Biscayar, Javier Almuzara, Dalia Alonso, Pablo Ant\u00f3n Mar\u00edn y Carolina Sarmiento.<\/p>\n<p>&nbsp;<\/p>\n<p>&nbsp;<\/p>\n","protected":false},"excerpt":{"rendered":"<p>Educastur \/\u00a0asturiascapital@gmail.com\/ Web \u00a0\/\u00a0D\u00eda Mundial de la Poes\u00eda\u00a0(UNESCO) Actividaes escolares.\u00a0Ente les actividaes propuestes at\u00f3pense visites empuestes y actividaes complementaries pa fomentar la creativid\u00e1 per parte del alumn\u00e1u, tanto nes artes pl\u00e1stiques como na lliteratura. Colexata de San Juan Bautista, Xix\u00f3n.\u00a0La esposici\u00f3n ufierta 28 obres nes que l&#8217;artista asturianu Guillermo Sim\u00f3n ufi\u00e9rtanos la so particular visi\u00f3n [&hellip;]<\/p>\n","protected":false},"author":117,"featured_media":0,"comment_status":"closed","ping_status":"closed","sticky":false,"template":"","format":"standard","meta":{"footnotes":""},"categories":[6,14,39],"tags":[],"class_list":["post-70259","post","type-post","status-publish","format-standard","hentry","category-dia-de","category-esposiciones","category-poesia"],"_links":{"self":[{"href":"https:\/\/edublog.educastur.es\/ixuxu\/wp-json\/wp\/v2\/posts\/70259","targetHints":{"allow":["GET"]}}],"collection":[{"href":"https:\/\/edublog.educastur.es\/ixuxu\/wp-json\/wp\/v2\/posts"}],"about":[{"href":"https:\/\/edublog.educastur.es\/ixuxu\/wp-json\/wp\/v2\/types\/post"}],"author":[{"embeddable":true,"href":"https:\/\/edublog.educastur.es\/ixuxu\/wp-json\/wp\/v2\/users\/117"}],"replies":[{"embeddable":true,"href":"https:\/\/edublog.educastur.es\/ixuxu\/wp-json\/wp\/v2\/comments?post=70259"}],"version-history":[{"count":3,"href":"https:\/\/edublog.educastur.es\/ixuxu\/wp-json\/wp\/v2\/posts\/70259\/revisions"}],"predecessor-version":[{"id":70262,"href":"https:\/\/edublog.educastur.es\/ixuxu\/wp-json\/wp\/v2\/posts\/70259\/revisions\/70262"}],"wp:attachment":[{"href":"https:\/\/edublog.educastur.es\/ixuxu\/wp-json\/wp\/v2\/media?parent=70259"}],"wp:term":[{"taxonomy":"category","embeddable":true,"href":"https:\/\/edublog.educastur.es\/ixuxu\/wp-json\/wp\/v2\/categories?post=70259"},{"taxonomy":"post_tag","embeddable":true,"href":"https:\/\/edublog.educastur.es\/ixuxu\/wp-json\/wp\/v2\/tags?post=70259"}],"curies":[{"name":"wp","href":"https:\/\/api.w.org\/{rel}","templated":true}]}}