{"id":70263,"date":"2026-03-28T08:34:12","date_gmt":"2026-03-28T06:34:12","guid":{"rendered":"https:\/\/edublog.educastur.es\/ixuxu\/?p=70263"},"modified":"2026-03-28T17:21:20","modified_gmt":"2026-03-28T15:21:20","slug":"el-tiempu-el-comercio-297","status":"publish","type":"post","link":"https:\/\/edublog.educastur.es\/ixuxu\/2026\/03\/el-tiempu-el-comercio-297\/","title":{"rendered":"El tiempu (El Comercio)"},"content":{"rendered":"<p style=\"text-align: center\"><a href=\"https:\/\/s2.ppllstatics.com\/elcomercio\/www\/multimedia\/2026\/03\/27\/tiempo-asturias-sabado-kbLE-U2302588077118HVD-1200x870@El%20Comercio.jpg\"><img loading=\"lazy\" decoding=\"async\" class=\"aligncenter size-large\" src=\"https:\/\/s2.ppllstatics.com\/elcomercio\/www\/multimedia\/2026\/03\/27\/tiempo-asturias-sabado-kbLE-U2302588077118HVD-1200x870@El%20Comercio.jpg\" width=\"1200\" height=\"870\" \/><\/a><\/p>\n<p>Un frente fr\u00edu trai nieve sobro los 1100 metros. La cota de nieve va dir baxando a lo llargo del s\u00e1badu. Va Empezar percima de los 1500 metros, pero a la fin del d\u00eda va asitiar sobro los 1100 metros.<\/p>\n<p><!--more--><\/p>\n<p>El s\u00e1badu va traer consigo un frente fr\u00edu bien pocu activu, pr\u00e1cticamente en fase de gastadura, que va raspiar el norte peninsular. Ent\u00e1 debilit\u00e1u, va ser abondu para dexar <strong>ag\u00fces nel Cant\u00e1bricu<\/strong>, que pela tarde podr\u00eden intensificase deb\u00edu al fluxu de norte.<\/p>\n<p style=\"text-align: center\"><a href=\"https:\/\/cdns3.eltiempo.es\/eltiempo\/blog\/noticias\/2026\/03\/27124934\/N.Temp850_dom08h-2-1024x576.jpg\"><img loading=\"lazy\" decoding=\"async\" class=\"aligncenter size-large\" src=\"https:\/\/cdns3.eltiempo.es\/eltiempo\/blog\/noticias\/2026\/03\/27124934\/N.Temp850_dom08h-2-1024x576.jpg\" width=\"1024\" height=\"576\" \/><\/a><\/p>\n<p>Fuente:\u00a0<a href=\"http:\/\/eltiempo.es\/\" target=\"_blank\" rel=\"noreferrer noopener\">ElTiempo.es<\/a><\/p>\n<p style=\"text-align: center\"><a href=\"https:\/\/cdns3.eltiempo.es\/eltiempo\/blog\/noticias\/2026\/03\/27124940\/N.Rachas_dom18h-2-1024x576.jpg\"><img loading=\"lazy\" decoding=\"async\" class=\"aligncenter size-large\" src=\"https:\/\/cdns3.eltiempo.es\/eltiempo\/blog\/noticias\/2026\/03\/27124940\/N.Rachas_dom18h-2-1024x576.jpg\" width=\"1024\" height=\"576\" \/><\/a><\/p>\n<p style=\"text-align: center\"><a href=\"https:\/\/cdns3.eltiempo.es\/eltiempo\/blog\/noticias\/2026\/03\/16125848\/Prec-1-1024x576.jpg\"><img loading=\"lazy\" decoding=\"async\" class=\"aligncenter size-large\" src=\"https:\/\/cdns3.eltiempo.es\/eltiempo\/blog\/noticias\/2026\/03\/16125848\/Prec-1-1024x576.jpg\" width=\"1024\" height=\"576\" \/><\/a><\/p>\n<p>&nbsp;<\/p>\n<p style=\"text-align: center\"><a href=\"https:\/\/services.meteored.com\/img\/article\/cerca-de-100-l-m2-hasta-el-jueves-santo-en-cantabria-pais-vasco-y-navarra-1774686947385_768.png\"><img loading=\"lazy\" decoding=\"async\" class=\"aligncenter size-large\" src=\"https:\/\/services.meteored.com\/img\/article\/cerca-de-100-l-m2-hasta-el-jueves-santo-en-cantabria-pais-vasco-y-navarra-1774686947385_768.png\" width=\"768\" height=\"536\" \/><\/a><\/p>\n","protected":false},"excerpt":{"rendered":"<p>Un frente fr\u00edu trai nieve sobro los 1100 metros. La cota de nieve va dir baxando a lo llargo del s\u00e1badu. Va Empezar percima de los 1500 metros, pero a la fin del d\u00eda va asitiar sobro los 1100 metros.<\/p>\n","protected":false},"author":117,"featured_media":0,"comment_status":"closed","ping_status":"closed","sticky":false,"template":"","format":"standard","meta":{"footnotes":""},"categories":[5],"tags":[],"class_list":["post-70263","post","type-post","status-publish","format-standard","hentry","category-tiempu"],"_links":{"self":[{"href":"https:\/\/edublog.educastur.es\/ixuxu\/wp-json\/wp\/v2\/posts\/70263","targetHints":{"allow":["GET"]}}],"collection":[{"href":"https:\/\/edublog.educastur.es\/ixuxu\/wp-json\/wp\/v2\/posts"}],"about":[{"href":"https:\/\/edublog.educastur.es\/ixuxu\/wp-json\/wp\/v2\/types\/post"}],"author":[{"embeddable":true,"href":"https:\/\/edublog.educastur.es\/ixuxu\/wp-json\/wp\/v2\/users\/117"}],"replies":[{"embeddable":true,"href":"https:\/\/edublog.educastur.es\/ixuxu\/wp-json\/wp\/v2\/comments?post=70263"}],"version-history":[{"count":6,"href":"https:\/\/edublog.educastur.es\/ixuxu\/wp-json\/wp\/v2\/posts\/70263\/revisions"}],"predecessor-version":[{"id":70344,"href":"https:\/\/edublog.educastur.es\/ixuxu\/wp-json\/wp\/v2\/posts\/70263\/revisions\/70344"}],"wp:attachment":[{"href":"https:\/\/edublog.educastur.es\/ixuxu\/wp-json\/wp\/v2\/media?parent=70263"}],"wp:term":[{"taxonomy":"category","embeddable":true,"href":"https:\/\/edublog.educastur.es\/ixuxu\/wp-json\/wp\/v2\/categories?post=70263"},{"taxonomy":"post_tag","embeddable":true,"href":"https:\/\/edublog.educastur.es\/ixuxu\/wp-json\/wp\/v2\/tags?post=70263"}],"curies":[{"name":"wp","href":"https:\/\/api.w.org\/{rel}","templated":true}]}}