{"id":70267,"date":"2026-03-28T12:40:11","date_gmt":"2026-03-28T10:40:11","guid":{"rendered":"https:\/\/edublog.educastur.es\/ixuxu\/?p=70267"},"modified":"2026-03-28T12:40:48","modified_gmt":"2026-03-28T10:40:48","slug":"laxenda-de-la-selmana-santa-dasturies","status":"publish","type":"post","link":"https:\/\/edublog.educastur.es\/ixuxu\/2026\/03\/laxenda-de-la-selmana-santa-dasturies\/","title":{"rendered":"L&#8217;axenda de la Selmana Santa d&#8217;Asturies."},"content":{"rendered":"<p>Del espectacular \u00abbaille\u00bb d&#8217;un santu o la recreaci\u00f3n al campu de la Pasi\u00f3n de Cristu, hasta caballos al trote o g\u00fcevos de colores: l&#8217;axenda de la Selmana Santa d&#8217;Asturies. Singulares ya hist\u00f3riques procesiones, duces y platos de vixilia, conciertos y esposiciones: el primera gran ponte festiva del a\u00f1u tien una infinita ufierta d&#8217;actividaes para tolos p\u00fablicos. La previsi\u00f3n meteorol\u00f3xica del Xueves Santu al Domingu de Pascua incl\u00fai sol y nidies temperatures nel Princip\u00e1u. <a href=\"https:\/\/www.lne.es\/asturias\/2026\/03\/28\/espectacular-baile-santo-o-recreacion-128454570.html\">LNE<\/a><\/p>\n<p style=\"text-align: center\"><a href=\"https:\/\/estaticos-cdn.prensaiberica.es\/clip\/efb050ff-c85c-44e2-b975-82bc25dd04bc_16-9-discover-aspect-ratio_default_0_x960y360.webp\"><img loading=\"lazy\" decoding=\"async\" class=\"aligncenter size-large\" src=\"https:\/\/estaticos-cdn.prensaiberica.es\/clip\/efb050ff-c85c-44e2-b975-82bc25dd04bc_16-9-discover-aspect-ratio_default_0_x960y360.webp\" width=\"1200\" height=\"675\" \/><\/a><\/p>\n<p><!--more--><\/p>\n<p>Asturies cunta con una de les procesiones m\u00e1s antig\u00fces d&#8217;Espa\u00f1a, les de Villaviciosa; de les m\u00e1s solemnes, en L.luarca; o de les m\u00e1s espectaculares, como la de los sanjuaninos y el so baille n&#8217;Avil\u00e9s; ensin escaecer recreaciones reci\u00e9n como les v\u00edes crucis de Vilanova d&#8217;Ozcos o Infiesto, que coyeron gran impulsu y reconocencia nos \u00faltimos a\u00f1os.<\/p>\n<p>Nes grandes ciudaes la Pascua acompa\u00f1ar de m\u00fasica, esposiciones; y en pueblos y localidaes tienen les sos singularidaes: ver correr los caballos pola sablera de Santo Marina, en Ribesella, ye un espect\u00e1culu que los que lo vieron nun quieren nunca m\u00e1s perde-y lo. De xac\u00edu nun falta la gastronom\u00eda, onde&#8217;l ricu y famosu mantecado de Pascua d&#8217;Avil\u00e9s encabeza una llarga llista de dulces y platos t\u00edpicos de les feches.<\/p>\n","protected":false},"excerpt":{"rendered":"<p>Del espectacular \u00abbaille\u00bb d&#8217;un santu o la recreaci\u00f3n al campu de la Pasi\u00f3n de Cristu, hasta caballos al trote o g\u00fcevos de colores: l&#8217;axenda de la Selmana Santa d&#8217;Asturies. Singulares ya hist\u00f3riques procesiones, duces y platos de vixilia, conciertos y esposiciones: el primera gran ponte festiva del a\u00f1u tien una infinita ufierta d&#8217;actividaes para tolos [&hellip;]<\/p>\n","protected":false},"author":117,"featured_media":0,"comment_status":"closed","ping_status":"closed","sticky":false,"template":"","format":"standard","meta":{"footnotes":""},"categories":[1],"tags":[],"class_list":["post-70267","post","type-post","status-publish","format-standard","hentry","category-sin-categoria"],"_links":{"self":[{"href":"https:\/\/edublog.educastur.es\/ixuxu\/wp-json\/wp\/v2\/posts\/70267","targetHints":{"allow":["GET"]}}],"collection":[{"href":"https:\/\/edublog.educastur.es\/ixuxu\/wp-json\/wp\/v2\/posts"}],"about":[{"href":"https:\/\/edublog.educastur.es\/ixuxu\/wp-json\/wp\/v2\/types\/post"}],"author":[{"embeddable":true,"href":"https:\/\/edublog.educastur.es\/ixuxu\/wp-json\/wp\/v2\/users\/117"}],"replies":[{"embeddable":true,"href":"https:\/\/edublog.educastur.es\/ixuxu\/wp-json\/wp\/v2\/comments?post=70267"}],"version-history":[{"count":2,"href":"https:\/\/edublog.educastur.es\/ixuxu\/wp-json\/wp\/v2\/posts\/70267\/revisions"}],"predecessor-version":[{"id":70269,"href":"https:\/\/edublog.educastur.es\/ixuxu\/wp-json\/wp\/v2\/posts\/70267\/revisions\/70269"}],"wp:attachment":[{"href":"https:\/\/edublog.educastur.es\/ixuxu\/wp-json\/wp\/v2\/media?parent=70267"}],"wp:term":[{"taxonomy":"category","embeddable":true,"href":"https:\/\/edublog.educastur.es\/ixuxu\/wp-json\/wp\/v2\/categories?post=70267"},{"taxonomy":"post_tag","embeddable":true,"href":"https:\/\/edublog.educastur.es\/ixuxu\/wp-json\/wp\/v2\/tags?post=70267"}],"curies":[{"name":"wp","href":"https:\/\/api.w.org\/{rel}","templated":true}]}}