{"id":70293,"date":"2026-03-28T13:03:48","date_gmt":"2026-03-28T11:03:48","guid":{"rendered":"https:\/\/edublog.educastur.es\/ixuxu\/?p=70293"},"modified":"2026-03-28T13:05:52","modified_gmt":"2026-03-28T11:05:52","slug":"xxiii-alcuentros-de-la-moceda-cola-llingua","status":"publish","type":"post","link":"https:\/\/edublog.educastur.es\/ixuxu\/2026\/03\/xxiii-alcuentros-de-la-moceda-cola-llingua\/","title":{"rendered":"XXIII Alcuentros de la Moced\u00e1 cola llingua"},"content":{"rendered":"<p style=\"text-align: center\">\n<!-- iframe plugin v.6.0 wordpress.org\/plugins\/iframe\/ -->\n<iframe loading=\"lazy\" src=\"https:\/\/www.facebook.com\/plugins\/post.php?href=https%3A%2F%2Fwww.facebook.com%2Fphoto%2F%3Ffbid%3D1338979124931716%26set%3Da.286986973464275&#038;show_text=false&#038;width=500\" width=\"500\" height=\"365\" style=\"border:none;overflow:hidden\" scrolling=\"no\" frameborder=\"0\" allowfullscreen=\"true\" allow=\"autoplay; clipboard-write; encrypted-media; picture-in-picture; web-share\" 0=\"\/iframe\" class=\"iframe-class\"><\/iframe>\n<\/p>\n<p><strong>Alcuentros de la moced\u00e1 cola llingua. <\/strong>Coles actividaes del proyectu \u201cSaca la llingua\u201d que se celebra dende fai m\u00e1s de venti a\u00f1os y ta bas\u00e1u na participaci\u00f3n del alumn\u00e1u y na transversalidad de conten\u00edos, pret\u00e9ndese que les y los mozos participantes \u2013matriculaos en llingua asturiana nos sos respectivos Centros- averar al asturianu dende un puntu de vista que nun s\u00eda&#8217;l puramente acad\u00e9micu, y qu&#8217;empiecen a entendelo como una ferramienta normal de comunicaci\u00f3n, al empar qu&#8217;esfruten de delles propuestes culturales rellacionaes con \u00e9l: m\u00fasica, lliteratura, teatru, audiovisuales, etc.<\/p>\n<p>El asturianu ye siempres la llingua vehicular d&#8217;esti programa.<\/p>\n<p>&nbsp;<\/p>\n","protected":false},"excerpt":{"rendered":"<p>Alcuentros de la moced\u00e1 cola llingua. Coles actividaes del proyectu \u201cSaca la llingua\u201d que se celebra dende fai m\u00e1s de venti a\u00f1os y ta bas\u00e1u na participaci\u00f3n del alumn\u00e1u y na transversalidad de conten\u00edos, pret\u00e9ndese que les y los mozos participantes \u2013matriculaos en llingua asturiana nos sos respectivos Centros- averar al asturianu dende un puntu [&hellip;]<\/p>\n","protected":false},"author":117,"featured_media":0,"comment_status":"closed","ping_status":"closed","sticky":false,"template":"","format":"standard","meta":{"footnotes":""},"categories":[169,88],"tags":[],"class_list":["post-70293","post","type-post","status-publish","format-standard","hentry","category-alcuentru","category-o-llinguistica-xixon"],"_links":{"self":[{"href":"https:\/\/edublog.educastur.es\/ixuxu\/wp-json\/wp\/v2\/posts\/70293","targetHints":{"allow":["GET"]}}],"collection":[{"href":"https:\/\/edublog.educastur.es\/ixuxu\/wp-json\/wp\/v2\/posts"}],"about":[{"href":"https:\/\/edublog.educastur.es\/ixuxu\/wp-json\/wp\/v2\/types\/post"}],"author":[{"embeddable":true,"href":"https:\/\/edublog.educastur.es\/ixuxu\/wp-json\/wp\/v2\/users\/117"}],"replies":[{"embeddable":true,"href":"https:\/\/edublog.educastur.es\/ixuxu\/wp-json\/wp\/v2\/comments?post=70293"}],"version-history":[{"count":3,"href":"https:\/\/edublog.educastur.es\/ixuxu\/wp-json\/wp\/v2\/posts\/70293\/revisions"}],"predecessor-version":[{"id":70296,"href":"https:\/\/edublog.educastur.es\/ixuxu\/wp-json\/wp\/v2\/posts\/70293\/revisions\/70296"}],"wp:attachment":[{"href":"https:\/\/edublog.educastur.es\/ixuxu\/wp-json\/wp\/v2\/media?parent=70293"}],"wp:term":[{"taxonomy":"category","embeddable":true,"href":"https:\/\/edublog.educastur.es\/ixuxu\/wp-json\/wp\/v2\/categories?post=70293"},{"taxonomy":"post_tag","embeddable":true,"href":"https:\/\/edublog.educastur.es\/ixuxu\/wp-json\/wp\/v2\/tags?post=70293"}],"curies":[{"name":"wp","href":"https:\/\/api.w.org\/{rel}","templated":true}]}}