{"id":70297,"date":"2026-03-28T17:08:13","date_gmt":"2026-03-28T15:08:13","guid":{"rendered":"https:\/\/edublog.educastur.es\/ixuxu\/?p=70297"},"modified":"2026-03-29T11:28:16","modified_gmt":"2026-03-29T09:28:16","slug":"el-principau-estrena-la-temporada-aerea-de-branu-con-30-destinos-directo","status":"publish","type":"post","link":"https:\/\/edublog.educastur.es\/ixuxu\/2026\/03\/el-principau-estrena-la-temporada-aerea-de-branu-con-30-destinos-directo\/","title":{"rendered":"El Princip\u00e1u estrena la temporada a\u00e9rea de branu con 30 destinos directo"},"content":{"rendered":"<div class=\"html-div xdj266r x14z9mp xat24cr x1lziwak xexx8yu xyri2b x18d9i69 x1c1uobl\">\n<div class=\"html-div xdj266r x14z9mp x1lziwak x18d9i69 x1cy8zhl x78zum5 x1q0g3np xod5an3 xz9dl7a x1g0dm76 xpdmqnj\">\n<div class=\"html-div xdj266r x14z9mp xat24cr x1lziwak xexx8yu xyri2b x18d9i69 x1c1uobl x1iyjqo2 xeuugli\">\n<div class=\"x78zum5 xdt5ytf xz62fqu x16ldp7u\">\n<div class=\"xu06os2 x1ok221b\">\n<div class=\"html-div xdj266r x14z9mp xat24cr x1lziwak xexx8yu xyri2b x18d9i69 x1c1uobl\" data-ad-rendering-role=\"profile_name\">\n<p><b class=\"html-b xdj266r x14z9mp xat24cr x1lziwak xexx8yu xyri2b x18d9i69 x1c1uobl x1hl2dhg x16tdsg8 x1vvkbs x1s688f\"><\/b><img loading=\"lazy\" decoding=\"async\" class=\"xz74otr x15mokao x1ga7v0g x16uus16 xbiv7yw\" src=\"https:\/\/static.xx.fbcdn.net\/images\/emoji.php\/v9\/tb6\/1\/16\/2708.png\" alt=\"\u2708\ufe0f\" width=\"16\" height=\"16\" \/> El Princip\u00e1u estrena la temporada a\u00e9rea de branu con 30 destinos directos y una ufierta r\u00e9cord de 1,6 millones de places. La Estratexa de Conectividad A\u00e9rea incorpora Porto, Florencia y Dubl\u00edn a la parrilla internacional y capta dos nueves aeroll\u00ednees: Aer Lingus y KLM. Ta previstu que l&#8217;aeropuertu de Santiago del Monte rexistre hasta 372 vuelos per selmana nos momentos de mayor activid\u00e1.<\/p>\n<\/div>\n<\/div>\n<\/div>\n<\/div>\n<\/div>\n<div style=\"text-align: center\"><a href=\"https:\/\/actualidad.asturias.es\/documents\/537115\/3151023\/Panel+Mapa+Vuelos+%281%29.jpg\/cd0f5e20-9df2-411f-9827-ec130a87eac4?t=1774624753583\"><img loading=\"lazy\" decoding=\"async\" class=\"aligncenter size-large\" src=\"https:\/\/actualidad.asturias.es\/documents\/537115\/3151023\/Panel+Mapa+Vuelos+%281%29.jpg\/cd0f5e20-9df2-411f-9827-ec130a87eac4?t=1774624753583\" width=\"1600\" height=\"900\" \/><\/a><\/div>\n<\/div>\n<div style=\"text-align: center\"><!--more--><\/div>\n<div>\n<ul>\n<li><span class=\"x78zum5 x1q0g3np\"><span class=\"x1lliihq x6ikm8r x10wlt62 x1n2onr6 xlyipyv xuxw1ft\"><span class=\"xt0psk2\"><a class=\"x1i10hfl xjbqb8w x1ejq31n x18oe1m7 x1sy0etr xstzfhl x972fbf x10w94by x1qhh985 x14e42zd x9f619 x1ypdohk xt0psk2 x3ct3a4 xdj266r x14z9mp xat24cr x1lziwak xexx8yu xyri2b x18d9i69 x1c1uobl x16tdsg8 x1hl2dhg xggy1nq x1a2a7pz xkrqix3 x1sur9pj xzsf02u x1s688f\" role=\"link\" href=\"https:\/\/www.facebook.com\/MovilidadAsturias?__cft__[0]=AZbBCraBQMADwur0PL50rgINXTihwxfhivfjmZtqAGwCbtLsyMhjwhi3nbi6-_ClsKkHvd4rOgLhCOXFdjJ198H4bLOG06TnJWxqnQimjCXshR9nQ_80C_Ord-mz4ywz_uUdsbV8K34lWSnwU_ruCT_cdtUeZfzsRlBasFHmAo-iDWCXX7rGDYjbVoCp6SWOtKwqHuRtlw1a4I3A1SrurplW&amp;__tn__=-UC%2CP-R\"><b class=\"html-b xdj266r x14z9mp xat24cr x1lziwak xexx8yu xyri2b x18d9i69 x1c1uobl x1hl2dhg x16tdsg8 x1vvkbs x1s688f\"><span class=\"html-span xdj266r x14z9mp xat24cr x1lziwak xexx8yu xyri2b x18d9i69 x1c1uobl x1hl2dhg x16tdsg8 x1vvkbs\">Conseyer\u00eda de Movilidad, Medio Ambiente y Gesti\u00f3n de Emergencias<\/span><\/b><\/a><\/span><\/span><\/span><img loading=\"lazy\" decoding=\"async\" class=\"xz74otr x15mokao x1ga7v0g x16uus16 xbiv7yw\" src=\"https:\/\/static.xx.fbcdn.net\/images\/emoji.php\/v9\/tb6\/1\/16\/2708.png\" alt=\"\u2708\ufe0f\" width=\"16\" height=\"16\" \/><span class=\"html-span xexx8yu xyri2b x18d9i69 x1c1uobl x1hl2dhg x16tdsg8 x1vvkbs x3nfvp2 x1j61x8r x1fcty0u xdj266r xat24cr xm2jcoa x1mpyi22 xxymvpz xlup9mm x1kky2od\"><img loading=\"lazy\" decoding=\"async\" class=\"xz74otr x15mokao x1ga7v0g x16uus16 xbiv7yw\" src=\"https:\/\/static.xx.fbcdn.net\/images\/emoji.php\/v9\/t8e\/1\/16\/2139.png\" alt=\"\u2139\ufe0f\" width=\"16\" height=\"16\" \/><\/span> <span class=\"html-span xdj266r x14z9mp xat24cr x1lziwak xexx8yu xyri2b x18d9i69 x1c1uobl x1hl2dhg x16tdsg8 x1vvkbs\"><a class=\"x1i10hfl xjbqb8w x1ejq31n x18oe1m7 x1sy0etr xstzfhl x972fbf x10w94by x1qhh985 x14e42zd x9f619 x1ypdohk xt0psk2 x3ct3a4 xdj266r x14z9mp xat24cr x1lziwak xexx8yu xyri2b x18d9i69 x1c1uobl x16tdsg8 x1hl2dhg xggy1nq x1a2a7pz xkrqix3 x1sur9pj x1fey0fg x1s688f\" role=\"link\" href=\"https:\/\/l.facebook.com\/l.php?u=https%3A%2F%2Fgoo.su%2FUx6m4gM%3Ffbclid%3DIwZXh0bgNhZW0CMTAAc3J0YwZhcHBfaWQQMjIyMDM5MTc4ODIwMDg5MgABHvLPBs8sN5ib1wg9v_Jou7nw9-L2fDJ1Gvup1MnDsttFhuUrx2jiE7PBvoJA_aem_yPNHy9tbwtJ7UMO1XXa6HQ&amp;h=AT7Of2GJi2oLW958efMCJwefqULBA05_xqi4lrKXR9kjbI-MFMX4cVQg43o3s5U91rgT7D6lxdbGV7mOPPZ2psJWOE4gxj-Qg3v-253BN24mQDFzm7BX5Ku4o3vuATtjSvnQBVIU97_uWA&amp;__tn__=-UK-R&amp;c[0]=AT6SIxHVcwWb3M9nqxD0nrHP7Jx0shUx98b4xFvwTpQ2O8NGlv0Uzmro7I0kK47uZ8GGRocwiYWW1SIj97RRKWGOzokLf-9LmbpQSVQUMA4slGTKSwfmfgAyPSbi06oxQ5w2SS_n42gTLhiNdwkN5qUUbHtW4TLSoOGqeX2H50hl0FBho1bwZjuVlIU9zPOrwNC3ch1RB0_17g9PEh9EDzKrK2PHbw\" target=\"_blank\" rel=\"nofollow noopener noreferrer\">https:\/\/goo.su\/Ux6m4gM<\/a><\/span><\/li>\n<li><strong>La ufierta de destinos internacionales<\/strong> ye la siguiente: Porto, Florencia, Dubl\u00edn, Par\u00eds, Roma, Londres, Frankfurt, Mil\u00e1n y \u00c1msterdam.<\/li>\n<li>Am\u00e1s, <strong>les conexones nacionales directes<\/strong> para esta temporada son Madrid, Barcelona, Sevilla, M\u00e1laga, Granada, Valencia, Castell\u00f3n, Alicante, Murcia, Palma de Mallorca, Menorca, Eivissa, Xerez, Tenerife Norte, Tenerife Sur, Gran Canaria, Lanzarote, Fuerteventura y Melilla.<\/li>\n<\/ul>\n<\/div>\n<div><\/div>\n<div style=\"text-align: center\"><a href=\"https:\/\/actualidad.asturias.es\/documents\/537115\/3151023\/Panel+Vuelos+Internacionales.jpg\/cd265aa2-7898-4ad4-729d-3896c0de5648?t=1774624753707\"><img loading=\"lazy\" decoding=\"async\" class=\"aligncenter size-large\" src=\"https:\/\/actualidad.asturias.es\/documents\/537115\/3151023\/Panel+Vuelos+Internacionales.jpg\/cd265aa2-7898-4ad4-729d-3896c0de5648?t=1774624753707\" width=\"1600\" height=\"900\" \/><\/a><\/div>\n<div class=\"flex items-center justify-between relative mb-2\">\n<div>\n<div class=\"readspeakerNoticias absolute z-0 -right-1\">\n<div id=\"readspeaker_button1\" class=\"rs_skip rsbtn rs_preserve\"><\/div>\n<\/div>\n<\/div>\n<\/div>\n<div class=\"mb-6\">\n<h1 class=\"text-2xl font-bold font-serif leading-tight max-w-[65ch] mb-1.5\" style=\"text-align: center\"><span style=\"font-size: 24px;color: #008080\">L&#8217;aeropuertu asturianu operar\u00e1 cuasi 500 vuelos hasta&#8217;l 6 d&#8217;abril<\/span><\/h1>\n<p style=\"text-align: center\"><a href=\"https:\/\/www.rtpa.es\/fotos\/\/26\/03\/20260328142002_RTPA7899280.webp\"><img loading=\"lazy\" decoding=\"async\" class=\"aligncenter size-large\" src=\"https:\/\/www.rtpa.es\/fotos\/\/26\/03\/20260328142002_RTPA7899280.webp\" width=\"853\" height=\"480\" \/><\/a><\/p>\n<div class=\"flow rtpa-prose text-lg leading-tight mb-6\"><strong>Los tresportes refu\u00e9rcense en Selmana Santa con 70.000 vuelos y 17 millones de trayectos<\/strong><\/div>\n<div class=\"flow rtpa-prose text-base text-neutral-700\">\n<p>Les empreses de tresportes reforzaron y\u00e1 la so operativa de cara a la Selmana Santa, que ye y\u00e1 m\u00e1s cara pola xubida del carburante, y que calcula 17 millones de desplazamientos per carretera y superar los 70.000 vuelos en territoriu nacional.<\/p>\n<p>Los tresllaos n\u2019autob\u00fas podr\u00eden superar los 7 millones de pasaxeros, con un 5% m\u00e1s de viaxeros qu\u2019en 2025, mientres les operadores ferroviaries tami\u00e9n medraron la so presencia, anque l\u2019alta velocid\u00e1 nun llegar\u00e1 a M\u00e1laga pola reparaci\u00f3n d\u2019un argayu de va mes y mediu n\u2019\u00c1lora.<\/p>\n<p>No que cinca al tresporte aereu, les aerollinies tienen programaos 70.505 vuelos pa un periodu que s\u2019esparde dende ayeri 27 de marzu hasta\u2019l 6 d\u2019abril viniente.<\/p>\n<p>De fechu, nel centru y noreste peninsular, les vacaciones escolares entamaron en munchos centros y\u00e1 esti vienres y allargar\u00e1nse hasta\u2019l llunes de Pascua, mientres que na zona de Catalu\u00f1a y la Comunitat Valenciana esti periodu entamar\u00e1\u2019l xueves y allargar\u00e1se hasta\u2019l domingu 12, cola semana de Pascua inxerta.<\/p>\n<p>Les aerollinies medren places a islles y capitales europees<\/p>\n<p>El xestor aeroportuariu espa\u00f1ol, Aena, detall\u00f3 que les aerollinies tienen programaos 70.505 vuelos de llegada y salida pa esta Selmana Santa, nun 0,93% menos qu\u2019en 2025.<\/p>\n<p>Tolos d\u00edes superar\u00e1nse los 6.000 vuelos, siendo les xornaes finales de la Selmana Santa, el domingu 5 y el llunes 6 d\u2019abril, les de mayor tr\u00e1ficu, con 6.771 y 6.652 operaciones, respectivamente.<\/p>\n<p>El grupu Iberia ufierta pa esti periodu m\u00e1s de 1.175.000 places, con 7.329 vuelos: Iberia medr\u00f3 la capacid\u00e1 dende Madrid a dalgunos destinos como Roma y tami\u00e9n les frecuencies en Venecia (tres vuelos m\u00e1s a la selmana), Budapest, Atenes y Praga (dos nueves) y Viena (\u00fan m\u00e1s).<\/p>\n<p>Iberia inaugurar\u00e1\u2019l so vuelu diariu a Newark el 29 de marzu, mientres Vueling programar\u00e1 una ufierta con m\u00e1s de 1,3 millones d\u2019asientos y calcula operar m\u00e1s de 7.000 vuelos en tola so rede.<\/p>\n<p>Barcelona concentrar\u00e1 850.000 asientos disponibles y m\u00e1s de 2.200 vuelos programaoa nesti periodu, ente ellos con nueves rutes a Nador (Marruecos) y Logro\u00f1o, anque tami\u00e9n s\u2019activar\u00e1n les rutes Palma\u2013Bruxeles, Marrakech\u2013Santiago de Compostela, Palma\u2013Z\u00farich, Bilbao\u2013Edimburgu, Heathrow\u2013Sevilla y Orly\u2013Santander.<\/p>\n<p>Al empar, Iberia Express program\u00f3 34.000 places adicionales pa les Baleares y les Canaries, con 188 vuelos y 209.000 asientos totales.<\/p>\n<\/div>\n<\/div>\n","protected":false},"excerpt":{"rendered":"<p>El Princip\u00e1u estrena la temporada a\u00e9rea de branu con 30 destinos directos y una ufierta r\u00e9cord de 1,6 millones de places. La Estratexa de Conectividad A\u00e9rea incorpora Porto, Florencia y Dubl\u00edn a la parrilla internacional y capta dos nueves aeroll\u00ednees: Aer Lingus y KLM. Ta previstu que l&#8217;aeropuertu de Santiago del Monte rexistre hasta 372 [&hellip;]<\/p>\n","protected":false},"author":117,"featured_media":0,"comment_status":"closed","ping_status":"closed","sticky":false,"template":"","format":"standard","meta":{"footnotes":""},"categories":[232],"tags":[],"class_list":["post-70297","post","type-post","status-publish","format-standard","hentry","category-tresportes"],"_links":{"self":[{"href":"https:\/\/edublog.educastur.es\/ixuxu\/wp-json\/wp\/v2\/posts\/70297","targetHints":{"allow":["GET"]}}],"collection":[{"href":"https:\/\/edublog.educastur.es\/ixuxu\/wp-json\/wp\/v2\/posts"}],"about":[{"href":"https:\/\/edublog.educastur.es\/ixuxu\/wp-json\/wp\/v2\/types\/post"}],"author":[{"embeddable":true,"href":"https:\/\/edublog.educastur.es\/ixuxu\/wp-json\/wp\/v2\/users\/117"}],"replies":[{"embeddable":true,"href":"https:\/\/edublog.educastur.es\/ixuxu\/wp-json\/wp\/v2\/comments?post=70297"}],"version-history":[{"count":5,"href":"https:\/\/edublog.educastur.es\/ixuxu\/wp-json\/wp\/v2\/posts\/70297\/revisions"}],"predecessor-version":[{"id":70424,"href":"https:\/\/edublog.educastur.es\/ixuxu\/wp-json\/wp\/v2\/posts\/70297\/revisions\/70424"}],"wp:attachment":[{"href":"https:\/\/edublog.educastur.es\/ixuxu\/wp-json\/wp\/v2\/media?parent=70297"}],"wp:term":[{"taxonomy":"category","embeddable":true,"href":"https:\/\/edublog.educastur.es\/ixuxu\/wp-json\/wp\/v2\/categories?post=70297"},{"taxonomy":"post_tag","embeddable":true,"href":"https:\/\/edublog.educastur.es\/ixuxu\/wp-json\/wp\/v2\/tags?post=70297"}],"curies":[{"name":"wp","href":"https:\/\/api.w.org\/{rel}","templated":true}]}}