{"id":70317,"date":"2026-03-27T13:29:16","date_gmt":"2026-03-27T11:29:16","guid":{"rendered":"https:\/\/edublog.educastur.es\/ixuxu\/?p=70317"},"modified":"2026-03-28T17:33:21","modified_gmt":"2026-03-28T15:33:21","slug":"carolina-marin-retirase-del-deporte","status":"publish","type":"post","link":"https:\/\/edublog.educastur.es\/ixuxu\/2026\/03\/carolina-marin-retirase-del-deporte\/","title":{"rendered":"Carolina Mar\u00edn ret\u00edrase del deporte"},"content":{"rendered":"<div class=\"xdj266r x14z9mp xat24cr x1lziwak x1vvkbs x126k92a\">\n<div dir=\"auto\"><span class=\"html-span xexx8yu xyri2b x18d9i69 x1c1uobl x1hl2dhg x16tdsg8 x1vvkbs x3nfvp2 x1j61x8r x1fcty0u xdj266r xat24cr xm2jcoa x1mpyi22 xxymvpz xlup9mm x1kky2od\"><img loading=\"lazy\" decoding=\"async\" class=\"xz74otr x15mokao x1ga7v0g x16uus16 xbiv7yw\" src=\"https:\/\/static.xx.fbcdn.net\/images\/emoji.php\/v9\/t6c\/1\/16\/2764.png\" alt=\"\u2764\ufe0f\" width=\"16\" height=\"16\" \/><\/span><span class=\"html-span xexx8yu xyri2b x18d9i69 x1c1uobl x1hl2dhg x16tdsg8 x1vvkbs x3nfvp2 x1j61x8r x1fcty0u xdj266r xat24cr xm2jcoa x1mpyi22 xxymvpz xlup9mm x1kky2od\"><img loading=\"lazy\" decoding=\"async\" class=\"xz74otr x15mokao x1ga7v0g x16uus16 xbiv7yw\" src=\"https:\/\/static.xx.fbcdn.net\/images\/emoji.php\/v9\/t9d\/1\/16\/1f3f8.png\" alt=\"\ud83c\udff8\" width=\"16\" height=\"16\" \/><\/span> , <a href=\"https:\/\/www.instagram.com\/carolinamarin\/\">@carolinamarin<\/a> \/ <a href=\"https:\/\/es.wikipedia.org\/wiki\/Carolina_Mar\u00edn\">Wiki<\/a> \/<\/div>\n<\/div>\n<div dir=\"auto\"><\/div>\n<div class=\"xdj266r x14z9mp xat24cr x1lziwak x1vvkbs x126k92a\">\n<div dir=\"auto\">Inspiraci\u00f3n de miles de ne\u00f1os y ne\u00f1es n&#8217;Espa\u00f1a y nel mundu, y de mayores, qu&#8217;almiramos el badminton gracies a Carolina Mar\u00edn Mart\u00edn, la lleenda. Gracies<\/div>\n<div dir=\"auto\"><\/div>\n<div dir=\"auto\" style=\"text-align: center\"><a href=\"https:\/\/img.olympics.com\/images\/image\/private\/t_s_16_9_g_auto\/t_s_w2440\/f_auto\/v1741267945\/primary\/lkloqysd40xtna7rgdpo\"><img loading=\"lazy\" decoding=\"async\" class=\"aligncenter \" src=\"https:\/\/img.olympics.com\/images\/image\/private\/t_s_16_9_g_auto\/t_s_w2440\/f_auto\/v1741267945\/primary\/lkloqysd40xtna7rgdpo\" width=\"934\" height=\"525\" \/><\/a><\/div>\n<div dir=\"auto\"><\/div>\n<p dir=\"auto\" style=\"text-align: left\"><span style=\"font-family: arial, helvetica, sans-serif;font-size: 16px\"><sup id=\"cite_ref-princesaasturias_34-0\" class=\"mw-references reference separada\"><span style=\"font-family: georgia, palatino, serif;font-size: 16px\">La xugadora de b\u00e1dminton, due\u00f1a d&#8217;un palmar\u00e9s fant\u00e1sticu, dexa la competici\u00f3n a los 32 a\u00f1os por culpa de les mancadures.<\/span><\/sup><\/span><\/p>\n<div dir=\"auto\"><!--more--><\/div>\n<div dir=\"auto\" style=\"text-align: center\">\n<!-- iframe plugin v.6.0 wordpress.org\/plugins\/iframe\/ -->\n<iframe loading=\"lazy\" src=\"https:\/\/www.facebook.com\/plugins\/post.php?href=https%3A%2F%2Fwww.facebook.com%2FMARCA%2Fposts%2Fpfbid02oUAvZ9uSAj2raC1AMNt7EJxzUNRZcHqe66f2PZDfe8wvEBwbJtcsZWyd4VJi4GLLl&#038;show_text=false&#038;width=500\" width=\"500\" height=\"498\" style=\"border:none;overflow:hidden\" scrolling=\"no\" frameborder=\"0\" allowfullscreen=\"true\" allow=\"autoplay; clipboard-write; encrypted-media; picture-in-picture; web-share\" 0=\"\/iframe\" class=\"iframe-class\"><\/iframe>\n<\/div>\n<div dir=\"auto\"><\/div>\n<p dir=\"auto\">Dex\u00f3 de ser xugadora de b\u00e1dminton el 4 d&#8217;agostu de 2024 pero nun lu comunic\u00f3 hasta esti xueves 26 de marzu de 2026.<span style=\"font-family: arial, helvetica, sans-serif;font-size: 16px\"><sup id=\"cite_ref-princesaasturias_34-0\" class=\"mw-references reference separada\"><br \/>\n<\/sup><\/span>\u200b<span style=\"font-family: arial, helvetica, sans-serif;font-size: 16px\">Foi la ganadora del <a class=\"mw-redirect\" title=\"Premio Princesa de Asturias\" href=\"https:\/\/es.wikipedia.org\/wiki\/Premio_Princesa_de_Asturias\">Premiu Princesa d&#8217;Asturies<\/a>\u00a0<a title=\"\" href=\"https:\/\/es.wikipedia.org\/wiki\/Premio_Princesa_de_Asturias_de_los_Deportes\">de los Deportes<\/a> de 2024. <a href=\"https:\/\/www.instagram.com\/p\/DEKyvt1tNW7\/\">Ver<\/a> \/\u00a0<\/span><\/p>\n<div dir=\"auto\"><\/div>\n<div dir=\"auto\" style=\"text-align: center\"><span class=\"x193iq5w xeuugli x13faqbe x1vvkbs x1xmvt09 x1lliihq x1s928wv xhkezso x1gmr53x x1cpjm7i x1fgarty x1943h6x xudqn12 x3x7a5m x1f6kntn xvq8zen xo1l8bm xzsf02u\" dir=\"auto\"><span class=\"x193iq5w xeuugli x13faqbe x1vvkbs xt0psk2 x1i0vuye xvs91rp xo1l8bm x5n08af x10wh9bi xpm28yp x8viiok x1o7cslx x126k92a\"><span class=\"html-span xexx8yu x4uap5 x18d9i69 xkhd6sd x1hl2dhg x16tdsg8 x1vvkbs x3nfvp2 x1j61x8r x1fcty0u xdj266r xat24cr xgzva0m xhhsvwb xxymvpz xlup9mm x1kky2od\">\n<!-- iframe plugin v.6.0 wordpress.org\/plugins\/iframe\/ -->\n<iframe loading=\"lazy\" src=\"https:\/\/www.instagram.com\/p\/DBeqIpmNkik\/embed\" width=\"520\" height=\"670\" 0=\"\/iframe\" scrolling=\"yes\" class=\"iframe-class\" frameborder=\"0\"><\/iframe>\n<\/span><\/span><\/span><\/div>\n<div dir=\"auto\"><\/div>\n<div dir=\"auto\">Carolina Mar\u00eda Mar\u00edn Mart\u00edn (Huelva, 15 de xunu de 1993) ye una exdeportista espa\u00f1ola que compiti\u00f3 en b\u00e1dminton na categor\u00eda individual, na que lleg\u00f3 a algamar el n\u00famberu unu del ranking mundial de la BWF. Ye com\u00fanmente reconocida como la meyor xugadora europea y una de los meyores de la hestoria.<\/div>\n<div dir=\"auto\"><\/div>\n<div dir=\"auto\" style=\"text-align: center\"><a href=\"https:\/\/img.olympics.com\/images\/image\/private\/t_s_16_9_g_auto\/t_s_w2440\/f_auto\/primary\/ffk2nqfrtw0sn5frv39b\"><img loading=\"lazy\" decoding=\"async\" class=\"aligncenter size-large\" src=\"https:\/\/img.olympics.com\/images\/image\/private\/t_s_16_9_g_auto\/t_s_w2440\/f_auto\/primary\/ffk2nqfrtw0sn5frv39b\" width=\"2440\" height=\"1372\" \/><\/a><\/div>\n<\/div>\n<p>&nbsp;<\/p>\n<p>Ha sido campeona ol\u00edmpica en\u00a0<a title=\"Anexo:B\u00e1dminton en los Juegos Ol\u00edmpicos de R\u00edo de Janeiro 2016\" href=\"https:\/\/es.wikipedia.org\/wiki\/Anexo:B%C3%A1dminton_en_los_Juegos_Ol%C3%ADmpicos_de_R%C3%ADo_de_Janeiro_2016\">R\u00edo de Janeiro 2016<\/a>,<sup id=\"cite_ref-mundo_4-0\" class=\"mw-references reference separada\"><\/sup>\u200b tres veces\u00a0<a title=\"Campeonato Mundial de B\u00e1dminton\" href=\"https:\/\/es.wikipedia.org\/wiki\/Campeonato_Mundial_de_B%C3%A1dminton\">campeona mundial<\/a>, en los a\u00f1os\u00a0<a title=\"Campeonato Mundial de B\u00e1dminton de 2014\" href=\"https:\/\/es.wikipedia.org\/wiki\/Campeonato_Mundial_de_B%C3%A1dminton_de_2014\">2014<\/a>,<sup id=\"cite_ref-6\" class=\"mw-references reference separada\"><\/sup>\u200b\u00a0<a title=\"Campeonato Mundial de B\u00e1dminton de 2015\" href=\"https:\/\/es.wikipedia.org\/wiki\/Campeonato_Mundial_de_B%C3%A1dminton_de_2015\">2015<\/a><sup id=\"cite_ref-mundo2015_8-0\" class=\"mw-references reference separada\"><\/sup><sup id=\"cite_ref-marca2015_9-0\" class=\"mw-references reference separada\"><\/sup>\u200b y\u00a0<a title=\"Campeonato Mundial de B\u00e1dminton de 2018\" href=\"https:\/\/es.wikipedia.org\/wiki\/Campeonato_Mundial_de_B%C3%A1dminton_de_2018\">2018<\/a>,<sup id=\"cite_ref-10\" class=\"mw-references reference separada\"><\/sup><sup id=\"cite_ref-11\" class=\"mw-references reference separada\"><a href=\"https:\/\/es.wikipedia.org\/wiki\/Carolina_Mar%C3%ADn#cite_note-11\"><span class=\"cite-bracket\">]<\/span><\/a><\/sup>\u200b campeona en los\u00a0<a title=\"B\u00e1dminton en los Juegos Europeos de Cracovia 2023\" href=\"https:\/\/es.wikipedia.org\/wiki\/B%C3%A1dminton_en_los_Juegos_Europeos_de_Cracovia_2023\">Juegos Europeos de Cracovia 2023<\/a>,<sup id=\"cite_ref-12\" class=\"mw-references reference separada\"><\/sup>\u00a0y siete veces\u00a0<a title=\"Campeonato Europeo de B\u00e1dminton\" href=\"https:\/\/es.wikipedia.org\/wiki\/Campeonato_Europeo_de_B%C3%A1dminton\">campeona de Europa<\/a>, en\u00a0<a title=\"Campeonato Europeo de B\u00e1dminton de 2014\" href=\"https:\/\/es.wikipedia.org\/wiki\/Campeonato_Europeo_de_B%C3%A1dminton_de_2014\">2014<\/a>,<sup id=\"cite_ref-13\" class=\"mw-references reference separada\"><\/sup>\u00a0<a title=\"Campeonato Europeo de B\u00e1dminton de 2016\" href=\"https:\/\/es.wikipedia.org\/wiki\/Campeonato_Europeo_de_B%C3%A1dminton_de_2016\">2016<\/a><sup id=\"cite_ref-15\" class=\"mw-references reference separada\"><\/sup>\u200b\u00a0<a title=\"Campeonato Europeo de B\u00e1dminton de 2017\" href=\"https:\/\/es.wikipedia.org\/wiki\/Campeonato_Europeo_de_B%C3%A1dminton_de_2017\">2017<\/a>,<sup id=\"cite_ref-17\" class=\"mw-references reference separada\"><\/sup>\u200b\u00a0<a title=\"Campeonato Europeo de B\u00e1dminton de 2018\" href=\"https:\/\/es.wikipedia.org\/wiki\/Campeonato_Europeo_de_B%C3%A1dminton_de_2018\">2018<\/a>,<sup id=\"cite_ref-19\" class=\"mw-references reference separada\"><\/sup>\u200b\u00a0<a title=\"Campeonato Europeo de B\u00e1dminton de 2021\" href=\"https:\/\/es.wikipedia.org\/wiki\/Campeonato_Europeo_de_B%C3%A1dminton_de_2021\">2021<\/a>,<sup id=\"cite_ref-20\" class=\"mw-references reference separada\"><\/sup>\u00a0<a title=\"Campeonato Europeo de B\u00e1dminton de 2022\" href=\"https:\/\/es.wikipedia.org\/wiki\/Campeonato_Europeo_de_B%C3%A1dminton_de_2022\">2022<\/a><sup id=\"cite_ref-21\" class=\"mw-references reference separada\"><\/sup>\u00a0y\u00a0<a title=\"Campeonato Europeo de B\u00e1dminton de 2024\" href=\"https:\/\/es.wikipedia.org\/wiki\/Campeonato_Europeo_de_B%C3%A1dminton_de_2024\">2024<\/a>, siendo la jugadora m\u00e1s laureada de la competici\u00f3n.<sup id=\"cite_ref-22\" class=\"mw-references reference separada\"><\/sup>\u200b<\/p>\n<p>Carolina es la \u00fanica deportista no\u00a0<a title=\"Asia\" href=\"https:\/\/es.wikipedia.org\/wiki\/Asia\">asi\u00e1tica<\/a>\u00a0que ha ganado un oro ol\u00edmpico en b\u00e1dminton.<\/p>\n<p style=\"text-align: center\"><sup id=\"cite_ref-23\" class=\"mw-references reference separada\">\n<!-- iframe plugin v.6.0 wordpress.org\/plugins\/iframe\/ -->\n<iframe loading=\"lazy\" src=\"https:\/\/www.facebook.com\/plugins\/post.php?href=https%3A%2F%2Fwww.facebook.com%2FEurosportES%2Fposts%2Fpfbid0CeLD42ysQZrzwEzqLZZzbU4fN8CTi5XYNhb7896KnDdre2YaBd3NZJTJaGibYn8il&#038;show_text=false&#038;width=500\" width=\"500\" height=\"498\" style=\"border:none;overflow:hidden\" scrolling=\"no\" frameborder=\"0\" allowfullscreen=\"true\" allow=\"autoplay; clipboard-write; encrypted-media; picture-in-picture; web-share\" 0=\"\/iframe\" class=\"iframe-class\"><\/iframe>\n<\/sup>\u200b<\/p>\n","protected":false},"excerpt":{"rendered":"<p>, @carolinamarin \/ Wiki \/ Inspiraci\u00f3n de miles de ne\u00f1os y ne\u00f1es n&#8217;Espa\u00f1a y nel mundu, y de mayores, qu&#8217;almiramos el badminton gracies a Carolina Mar\u00edn Mart\u00edn, la lleenda. Gracies La xugadora de b\u00e1dminton, due\u00f1a d&#8217;un palmar\u00e9s fant\u00e1sticu, dexa la competici\u00f3n a los 32 a\u00f1os por culpa de les mancadures.<\/p>\n","protected":false},"author":117,"featured_media":0,"comment_status":"closed","ping_status":"closed","sticky":false,"template":"","format":"standard","meta":{"footnotes":""},"categories":[133],"tags":[],"class_list":["post-70317","post","type-post","status-publish","format-standard","hentry","category-deportes"],"_links":{"self":[{"href":"https:\/\/edublog.educastur.es\/ixuxu\/wp-json\/wp\/v2\/posts\/70317","targetHints":{"allow":["GET"]}}],"collection":[{"href":"https:\/\/edublog.educastur.es\/ixuxu\/wp-json\/wp\/v2\/posts"}],"about":[{"href":"https:\/\/edublog.educastur.es\/ixuxu\/wp-json\/wp\/v2\/types\/post"}],"author":[{"embeddable":true,"href":"https:\/\/edublog.educastur.es\/ixuxu\/wp-json\/wp\/v2\/users\/117"}],"replies":[{"embeddable":true,"href":"https:\/\/edublog.educastur.es\/ixuxu\/wp-json\/wp\/v2\/comments?post=70317"}],"version-history":[{"count":13,"href":"https:\/\/edublog.educastur.es\/ixuxu\/wp-json\/wp\/v2\/posts\/70317\/revisions"}],"predecessor-version":[{"id":70354,"href":"https:\/\/edublog.educastur.es\/ixuxu\/wp-json\/wp\/v2\/posts\/70317\/revisions\/70354"}],"wp:attachment":[{"href":"https:\/\/edublog.educastur.es\/ixuxu\/wp-json\/wp\/v2\/media?parent=70317"}],"wp:term":[{"taxonomy":"category","embeddable":true,"href":"https:\/\/edublog.educastur.es\/ixuxu\/wp-json\/wp\/v2\/categories?post=70317"},{"taxonomy":"post_tag","embeddable":true,"href":"https:\/\/edublog.educastur.es\/ixuxu\/wp-json\/wp\/v2\/tags?post=70317"}],"curies":[{"name":"wp","href":"https:\/\/api.w.org\/{rel}","templated":true}]}}