{"id":70373,"date":"2026-03-27T09:00:20","date_gmt":"2026-03-27T07:00:20","guid":{"rendered":"https:\/\/edublog.educastur.es\/ixuxu\/?p=70373"},"modified":"2026-03-28T19:21:44","modified_gmt":"2026-03-28T17:21:44","slug":"dia-mundial-del-quesu-5","status":"publish","type":"post","link":"https:\/\/edublog.educastur.es\/ixuxu\/2026\/03\/dia-mundial-del-quesu-5\/","title":{"rendered":"D\u00eda Mundial del quesu"},"content":{"rendered":"<p style=\"text-align: center\"><a href=\"https:\/\/s3.ppllstatics.com\/elcomercio\/www\/multimedia\/2026\/03\/26\/reny-picot-montelareina-k4sH-U2014141473208bH-1200x840@El%20Comercio.jpg\"><img loading=\"lazy\" decoding=\"async\" class=\"aligncenter size-large\" src=\"https:\/\/s3.ppllstatics.com\/elcomercio\/www\/multimedia\/2026\/03\/26\/reny-picot-montelareina-k4sH-U2014141473208bH-1200x840@El%20Comercio.jpg\" width=\"1200\" height=\"840\" \/><\/a><\/p>\n<p>En Reny Picot, emoci\u00f3nanos rindir homenaxe, cada 27 de marzu, a esti deliciosu manxar nel<strong> D\u00eda Mundial del Quesu<\/strong>, destacando la importancia na nuesa alimentaci\u00f3n y sal\u00fa. El quesu ye una fonte rica en nutrientes esenciales. Apin\u00e1u de prote\u00ednes d&#8217;alta calid\u00e1, calciu, vitamines y minerales, fundamentales pa la crecedera y caltenimientu del nuesu cuerpu. Teniendo en cuenta&#8217;l queso na nuesa dieta habitual puede contribuyir a una alimentaci\u00f3n equilibrao, ay\u00fadanos a fortalecer g\u00fcesos y dientes, y a caltener una bona sal\u00fa de los nuesos m\u00fasculos.<\/p>\n<p><!--more--><\/p>\n<p>&nbsp;<\/p>\n<p>Les claves del quesu. Tolos sent\u00edos entren en xuegu, dende la so preparaci\u00f3n hasta la so degustaci\u00f3n, para esfrutar d&#8217;esti productu nel qu&#8217;Asturies ye un aut\u00e9nticu referente mundial. <a href=\"https:\/\/techpress.es\/actualidad\/servicios-a-la-industria\/dia-mundial-queso-espana-principales-productores-mundo-ofrece-amplia-variedad-CJ19894521\">Info<\/a> \/<a href=\"https:\/\/www.elcomercio.es\/gastronomia\/claves-queso-asturias-20260328175301-nt.html\">El Comercio<\/a><\/p>\n<p style=\"text-align: center\"><a href=\"https:\/\/s1.ppllstatics.com\/elcomercio\/www\/multimedia\/2026\/03\/27\/214682116-kGTG--1200x840@El%20Comercio.jpg\"><img loading=\"lazy\" decoding=\"async\" class=\"aligncenter size-large\" src=\"https:\/\/s1.ppllstatics.com\/elcomercio\/www\/multimedia\/2026\/03\/27\/214682116-kGTG--1200x840@El%20Comercio.jpg\" width=\"1200\" height=\"840\" \/><\/a><\/p>\n","protected":false},"excerpt":{"rendered":"<p>En Reny Picot, emoci\u00f3nanos rindir homenaxe, cada 27 de marzu, a esti deliciosu manxar nel D\u00eda Mundial del Quesu, destacando la importancia na nuesa alimentaci\u00f3n y sal\u00fa. El quesu ye una fonte rica en nutrientes esenciales. Apin\u00e1u de prote\u00ednes d&#8217;alta calid\u00e1, calciu, vitamines y minerales, fundamentales pa la crecedera y caltenimientu del nuesu cuerpu. Teniendo [&hellip;]<\/p>\n","protected":false},"author":117,"featured_media":0,"comment_status":"closed","ping_status":"closed","sticky":false,"template":"","format":"standard","meta":{"footnotes":""},"categories":[138,6,151],"tags":[],"class_list":["post-70373","post","type-post","status-publish","format-standard","hentry","category-alimentos","category-dia-de","category-quesos"],"_links":{"self":[{"href":"https:\/\/edublog.educastur.es\/ixuxu\/wp-json\/wp\/v2\/posts\/70373","targetHints":{"allow":["GET"]}}],"collection":[{"href":"https:\/\/edublog.educastur.es\/ixuxu\/wp-json\/wp\/v2\/posts"}],"about":[{"href":"https:\/\/edublog.educastur.es\/ixuxu\/wp-json\/wp\/v2\/types\/post"}],"author":[{"embeddable":true,"href":"https:\/\/edublog.educastur.es\/ixuxu\/wp-json\/wp\/v2\/users\/117"}],"replies":[{"embeddable":true,"href":"https:\/\/edublog.educastur.es\/ixuxu\/wp-json\/wp\/v2\/comments?post=70373"}],"version-history":[{"count":3,"href":"https:\/\/edublog.educastur.es\/ixuxu\/wp-json\/wp\/v2\/posts\/70373\/revisions"}],"predecessor-version":[{"id":70376,"href":"https:\/\/edublog.educastur.es\/ixuxu\/wp-json\/wp\/v2\/posts\/70373\/revisions\/70376"}],"wp:attachment":[{"href":"https:\/\/edublog.educastur.es\/ixuxu\/wp-json\/wp\/v2\/media?parent=70373"}],"wp:term":[{"taxonomy":"category","embeddable":true,"href":"https:\/\/edublog.educastur.es\/ixuxu\/wp-json\/wp\/v2\/categories?post=70373"},{"taxonomy":"post_tag","embeddable":true,"href":"https:\/\/edublog.educastur.es\/ixuxu\/wp-json\/wp\/v2\/tags?post=70373"}],"curies":[{"name":"wp","href":"https:\/\/api.w.org\/{rel}","templated":true}]}}