{"id":70386,"date":"2026-03-28T11:46:50","date_gmt":"2026-03-28T09:46:50","guid":{"rendered":"https:\/\/edublog.educastur.es\/ixuxu\/?p=70386"},"modified":"2026-03-28T19:57:02","modified_gmt":"2026-03-28T17:57:02","slug":"ii-foro-y-esposicion-de-la-camelia-ciuda-duvieu","status":"publish","type":"post","link":"https:\/\/edublog.educastur.es\/ixuxu\/2026\/03\/ii-foro-y-esposicion-de-la-camelia-ciuda-duvieu\/","title":{"rendered":"II Foro y Esposici\u00f3n de la Camelia Ciud\u00e1 d&#8217;Uvi\u00e9u"},"content":{"rendered":"<p style=\"text-align: center\"><a href=\"https:\/\/www.oviedo.es\/documents\/25041\/2866093\/Camelias.jpeg\/f532bfdb-3c1c-499e-a1e4-a7b3f80d520e?version=1.0&amp;t=1774619093000&amp;imageThumbnail=3\"><img loading=\"lazy\" decoding=\"async\" class=\"aligncenter \" src=\"https:\/\/www.oviedo.es\/documents\/25041\/2866093\/Camelias.jpeg\/f532bfdb-3c1c-499e-a1e4-a7b3f80d520e?version=1.0&amp;t=1774619093000&amp;imageThumbnail=3\" width=\"538\" height=\"762\" \/><\/a><\/p>\n<p>El <strong>II Foro y Esposici\u00f3n de la Camelia Ciud\u00e1 d&#8217;Uvi\u00e9u<\/strong> arrinc\u00f3 esta ma\u00f1ana col plant\u00edu, nel Campu San Francisco, d&#8217;un exemplar d&#8217;esta flor bautizada col nome de la capital asturiana. El so oxetivu ye poner en valor la camelia como elementu vencey\u00e1u a la identid\u00e1 floral de la ciud\u00e1 y, coles mesmes, siguir reforzando la visibilid\u00e1 del sector. <a href=\"https:\/\/www.oviedo.es\/-\/oviedo-capital-de-la-camelia?fbclid=IwY2xjawQ080hleHRuA2FlbQIxMABzcnRjBmFwcF9pZBAyMjIwMzkxNzg4MjAwODkyAAEei-emIzmCg5bMDFjO3KEcMmaCZ0w20wnSO6cOh_HhD7bxqhHeUwe0yHppZIE_aem_f9RP2X40q7_wY34Ni3UcWg\">Oviedo.es<\/a><\/p>\n<p><!--more--><\/p>\n<p>Una cita que va combinar divulgaci\u00f3n cient\u00edfica y actividaes abiertes al p\u00fablicu para reforzar el papel d&#8217;<strong>esta flor como s\u00edmbolu de la ciud\u00e1<\/strong> y dar visibilid\u00e1 al sector local. \u00abTa pens\u00e1u por y para l&#8217;esfrute de los uvieinos, los asturianos y tolos visitantes\u00bb, confes\u00f3 Mar\u00eda del Carmen In\u00e9s Fuenteseca, una de les organizadores del eventu.<\/p>\n<p>\u00abL&#8217;oxetivu ye empecipiar nueves v\u00edes cient\u00edfiques para caltener y aumentar los nuesos espacios verdes, tratando de qu&#8217;esti campu de la divulgaci\u00f3n cient\u00edfica tea abiertu a ne\u00f1os y nuevos, quien van ser los cuidadores y valedores del futuru medioambiental\u00bb, se\u00f1al\u00f3 Fuenteseca.<\/p>\n<p style=\"text-align: center\"><a href=\"https:\/\/www.oviedo.es\/documents\/25041\/2900424\/Plantaci%C3%B3n+Camelias.jpeg\/b0ee642b-fd1f-4195-be9d-255df647e19c?t=1774712455886&amp;imageThumbnail=3\"><img loading=\"lazy\" decoding=\"async\" class=\"aligncenter size-large\" src=\"https:\/\/www.oviedo.es\/documents\/25041\/2900424\/Plantaci%C3%B3n+Camelias.jpeg\/b0ee642b-fd1f-4195-be9d-255df647e19c?t=1774712455886&amp;imageThumbnail=3\" width=\"1000\" height=\"563\" \/><\/a><\/p>\n<p style=\"text-align: center\">\n<!-- iframe plugin v.6.0 wordpress.org\/plugins\/iframe\/ -->\n<iframe loading=\"lazy\" src=\"https:\/\/www.facebook.com\/plugins\/post.php?href=https%3A%2F%2Fwww.facebook.com%2Fphoto.php%3Ffbid%3D1362911249207028%26set%3Da.647557837409043%26type%3D3&#038;show_text=false&#038;width=500\" width=\"500\" height=\"792\" style=\"border:none;overflow:hidden\" scrolling=\"no\" frameborder=\"0\" allowfullscreen=\"true\" allow=\"autoplay; clipboard-write; encrypted-media; picture-in-picture; web-share\" 0=\"\/iframe\" class=\"iframe-class\"><\/iframe>\n<\/p>\n","protected":false},"excerpt":{"rendered":"<p>El II Foro y Esposici\u00f3n de la Camelia Ciud\u00e1 d&#8217;Uvi\u00e9u arrinc\u00f3 esta ma\u00f1ana col plant\u00edu, nel Campu San Francisco, d&#8217;un exemplar d&#8217;esta flor bautizada col nome de la capital asturiana. El so oxetivu ye poner en valor la camelia como elementu vencey\u00e1u a la identid\u00e1 floral de la ciud\u00e1 y, coles mesmes, siguir reforzando la [&hellip;]<\/p>\n","protected":false},"author":117,"featured_media":0,"comment_status":"closed","ping_status":"closed","sticky":false,"template":"","format":"standard","meta":{"footnotes":""},"categories":[201],"tags":[],"class_list":["post-70386","post","type-post","status-publish","format-standard","hentry","category-flores"],"_links":{"self":[{"href":"https:\/\/edublog.educastur.es\/ixuxu\/wp-json\/wp\/v2\/posts\/70386","targetHints":{"allow":["GET"]}}],"collection":[{"href":"https:\/\/edublog.educastur.es\/ixuxu\/wp-json\/wp\/v2\/posts"}],"about":[{"href":"https:\/\/edublog.educastur.es\/ixuxu\/wp-json\/wp\/v2\/types\/post"}],"author":[{"embeddable":true,"href":"https:\/\/edublog.educastur.es\/ixuxu\/wp-json\/wp\/v2\/users\/117"}],"replies":[{"embeddable":true,"href":"https:\/\/edublog.educastur.es\/ixuxu\/wp-json\/wp\/v2\/comments?post=70386"}],"version-history":[{"count":5,"href":"https:\/\/edublog.educastur.es\/ixuxu\/wp-json\/wp\/v2\/posts\/70386\/revisions"}],"predecessor-version":[{"id":70391,"href":"https:\/\/edublog.educastur.es\/ixuxu\/wp-json\/wp\/v2\/posts\/70386\/revisions\/70391"}],"wp:attachment":[{"href":"https:\/\/edublog.educastur.es\/ixuxu\/wp-json\/wp\/v2\/media?parent=70386"}],"wp:term":[{"taxonomy":"category","embeddable":true,"href":"https:\/\/edublog.educastur.es\/ixuxu\/wp-json\/wp\/v2\/categories?post=70386"},{"taxonomy":"post_tag","embeddable":true,"href":"https:\/\/edublog.educastur.es\/ixuxu\/wp-json\/wp\/v2\/tags?post=70386"}],"curies":[{"name":"wp","href":"https:\/\/api.w.org\/{rel}","templated":true}]}}