{"id":70410,"date":"2026-03-28T21:02:10","date_gmt":"2026-03-28T19:02:10","guid":{"rendered":"https:\/\/edublog.educastur.es\/ixuxu\/?p=70410"},"modified":"2026-03-28T21:02:49","modified_gmt":"2026-03-28T19:02:49","slug":"la-hestoria-del-escudu-del-real-uvieu","status":"publish","type":"post","link":"https:\/\/edublog.educastur.es\/ixuxu\/2026\/03\/la-hestoria-del-escudu-del-real-uvieu\/","title":{"rendered":"La hestoria del escudu del Real Uvi\u00e9u"},"content":{"rendered":"<p style=\"text-align: center\"><a href=\"https:\/\/estaticos-cdn.prensaiberica.es\/clip\/621e4928-0302-4e78-b193-194b7e2e1b6b_16-9-discover-aspect-ratio_default_0_x750y281.webp\"><img loading=\"lazy\" decoding=\"async\" class=\"aligncenter \" src=\"https:\/\/estaticos-cdn.prensaiberica.es\/clip\/621e4928-0302-4e78-b193-194b7e2e1b6b_16-9-discover-aspect-ratio_default_0_x750y281.webp\" width=\"794\" height=\"447\" \/><\/a><a href=\"https:\/\/www.lne.es\/real-oviedo\/2026\/03\/26\/matices-simbolo-perdura-128431090.html?fbclid=IwY2xjawQ1A_BleHRuA2FlbQIxMABzcnRjBmFwcF9pZBAyMjIwMzkxNzg4MjAwODkyAAEeL-1JSzGmFdjPbvDcSm5swRLywHB9G3L33UYVnQJfxE8Z5cG5phrk1VVHqq0_aem_88d2mPKY7n0sUBh7xedYHw&amp;utm_campaign=mrf-facebook-lneoviedo&amp;mrfcid=2026032669c1d4037088b118c217c61d\">LNE<\/a> \/<\/p>\n<p>La hestoria del escudu del Real Uvi\u00e9u al travi\u00e9s de los sos 100 a\u00f1os d&#8217;hestoria: los matices d&#8217;un s\u00edmbolu que perdura. Eugenio Tamayo<br \/>\nfoi&#8217;l dise\u00f1ador del escudu del Uvi\u00e9u, que siempres caltuvo presentes la Cruz de los \u00c1nxeles y color azul.<\/p>\n<p><!--more--><\/p>\n<p>Foi&#8217;l pintor local Eugenio Tamayo l&#8217;encarg\u00e1u de dise\u00f1alo, anque, curiosamente, l&#8217;emblema carbay\u00f3n mientres los primeros d\u00edes tres la so fundaci\u00f3n nun foi l&#8217;escudu cre\u00e1u pol pintor, sin\u00f3n el de la mesma ciud\u00e1, que tuvo muncha influencia nel que caltuvo l&#8217;Uvi\u00e9u hasta agora.<\/p>\n<p>Tamayo inspirose n\u00e9l y utiliz\u00f3 como referencia dellos elementos qu&#8217;a d\u00eda de g\u00fcei siguen siendo la esencia del escudu carbay\u00f3n. La pieza central ye La Cruz de los \u00c1nxeles, que nel emblema inicial apaec\u00eda col discu central y los brazos daqu\u00e9 sobredimensionados. Tami\u00e9n el color azul Uvi\u00e9u\u00bb, am\u00e1s d&#8217;un bal\u00f3n de f\u00fatbol para estremalo de la insinia de la ciud\u00e1.<\/p>\n<p><strong>El club carbay\u00f3n fund\u00f3se&#8217;l 26 de marzu de 1926,<\/strong> pero esper\u00f3 unes selmanes antes de tener el so escudu oficialmente. La xunta directiva d&#8217;aquel ent\u00f3s solicit\u00f3 formalmente la concesi\u00f3n del t\u00edtulu real a favor del inda Uvi\u00e9u FC -los dos equipos fund\u00edos, el Real Stadium Club Uvie\u00edn y Real Club Deportivu d&#8217;Uvi\u00e9u, tener- y <strong>ser\u00eda aceptada&#8217;l 14 de mayu, polo que l&#8217;escudu inicial apaez remat\u00e1u cola corona certificativa.<\/strong><\/p>\n<p style=\"text-align: center\"><a href=\"https:\/\/estaticos-cdn.prensaiberica.es\/clip\/b8ec9d49-82ff-4241-9612-5ab71c1eea28_source-aspect-ratio_640w_0_x765y537.webp\"><img loading=\"lazy\" decoding=\"async\" class=\"aligncenter size-large\" src=\"https:\/\/estaticos-cdn.prensaiberica.es\/clip\/b8ec9d49-82ff-4241-9612-5ab71c1eea28_source-aspect-ratio_640w_0_x765y537.webp\" width=\"640\" height=\"673\" \/><\/a><\/p>\n<p>Esti elementu foi unu de los motivos principales polos que l&#8217;escudu del Uvi\u00e9u sufri\u00f3 numberoses alteraciones. Na so mayor\u00eda por criterios estil\u00edsticos, anque la pol\u00edtica tami\u00e9n influy\u00f3. De resultes del espa\u00f1\u00edu de la Segunda Rep\u00fablica, la primer midida que tomaron munchos clubes que ten\u00eden la corona mon\u00e1rquica foi retirala en 1931. Meses m\u00e1s tarde, dalgunos como l&#8217;Uvi\u00e9u decidieron incluyir una corona mural por motivos est\u00e9ticos, que se caltuvo hasta l&#8217;empiezu de la Guerra Civil.<\/p>\n<p>L&#8217;\u00faltimu camb\u00e9u foi nel 2013, na que se lleven a cabu unos llixeros axustes na imaxe corporativa. Ente elles, utilizar pa les iniciales RO la mesma tipograf\u00eda cola que se reproduz el nome comercial. Un emblema m\u00e1s sofistic\u00e1u y acorde a la idea global de la marca, col que l&#8217;Uvi\u00e9u consigui\u00f3 l&#8217;ascensu a Primer Divisi\u00f3n 24 a\u00f1os dempu\u00e9s.<\/p>\n","protected":false},"excerpt":{"rendered":"<p>LNE \/ La hestoria del escudu del Real Uvi\u00e9u al travi\u00e9s de los sos 100 a\u00f1os d&#8217;hestoria: los matices d&#8217;un s\u00edmbolu que perdura. Eugenio Tamayo foi&#8217;l dise\u00f1ador del escudu del Uvi\u00e9u, que siempres caltuvo presentes la Cruz de los \u00c1nxeles y color azul.<\/p>\n","protected":false},"author":117,"featured_media":0,"comment_status":"closed","ping_status":"closed","sticky":false,"template":"","format":"standard","meta":{"footnotes":""},"categories":[446],"tags":[],"class_list":["post-70410","post","type-post","status-publish","format-standard","hentry","category-real-uvieu"],"_links":{"self":[{"href":"https:\/\/edublog.educastur.es\/ixuxu\/wp-json\/wp\/v2\/posts\/70410","targetHints":{"allow":["GET"]}}],"collection":[{"href":"https:\/\/edublog.educastur.es\/ixuxu\/wp-json\/wp\/v2\/posts"}],"about":[{"href":"https:\/\/edublog.educastur.es\/ixuxu\/wp-json\/wp\/v2\/types\/post"}],"author":[{"embeddable":true,"href":"https:\/\/edublog.educastur.es\/ixuxu\/wp-json\/wp\/v2\/users\/117"}],"replies":[{"embeddable":true,"href":"https:\/\/edublog.educastur.es\/ixuxu\/wp-json\/wp\/v2\/comments?post=70410"}],"version-history":[{"count":2,"href":"https:\/\/edublog.educastur.es\/ixuxu\/wp-json\/wp\/v2\/posts\/70410\/revisions"}],"predecessor-version":[{"id":70412,"href":"https:\/\/edublog.educastur.es\/ixuxu\/wp-json\/wp\/v2\/posts\/70410\/revisions\/70412"}],"wp:attachment":[{"href":"https:\/\/edublog.educastur.es\/ixuxu\/wp-json\/wp\/v2\/media?parent=70410"}],"wp:term":[{"taxonomy":"category","embeddable":true,"href":"https:\/\/edublog.educastur.es\/ixuxu\/wp-json\/wp\/v2\/categories?post=70410"},{"taxonomy":"post_tag","embeddable":true,"href":"https:\/\/edublog.educastur.es\/ixuxu\/wp-json\/wp\/v2\/tags?post=70410"}],"curies":[{"name":"wp","href":"https:\/\/api.w.org\/{rel}","templated":true}]}}