{"id":70413,"date":"2026-03-29T08:30:45","date_gmt":"2026-03-29T06:30:45","guid":{"rendered":"https:\/\/edublog.educastur.es\/ixuxu\/?p=70413"},"modified":"2026-03-29T11:57:41","modified_gmt":"2026-03-29T09:57:41","slug":"el-tiempu-el-comercio-298","status":"publish","type":"post","link":"https:\/\/edublog.educastur.es\/ixuxu\/2026\/03\/el-tiempu-el-comercio-298\/","title":{"rendered":"El tiempu (El Comercio)"},"content":{"rendered":"<p style=\"text-align: center\"><a href=\"https:\/\/s2.ppllstatics.com\/elcomercio\/www\/multimedia\/2026\/03\/28\/tiempo-asturias-domingo-29-marzo-kc9H-U2302588077118HVD-1200x870@El%20Comercio.jpg\"><img loading=\"lazy\" decoding=\"async\" class=\"aligncenter size-large\" src=\"https:\/\/s2.ppllstatics.com\/elcomercio\/www\/multimedia\/2026\/03\/28\/tiempo-asturias-domingo-29-marzo-kc9H-U2302588077118HVD-1200x870@El%20Comercio.jpg\" width=\"1200\" height=\"870\" \/><\/a><\/p>\n<p>Van abrise escamplaes pela tarde. Les temperatures m\u00e1ximes van baxar sobremanera nel suroccidente (hasta 3 o 4 \u00baC menos qu&#8217;esti s\u00e1badu), y llixeramente nel restu del interior occidental y otros puntos del terciu sur polo xeneral. <a href=\"https:\/\/www.rtpa.es\/el-tiempo-en-asturias\">RTPA<\/a> \/ Vamos empezar el d\u00eda con cielos nublos y delles ag\u00fces d\u00e9biles escontra&#8217;l cordal oriental. Col pasu de les hores dir\u00e1n abri\u00e9ndose delles escamplaes que van ser m\u00e1s evidentes escontra&#8217;l suroccidente d&#8217;Asturies. El vientu va soplar del nord\u00e9s con raches que van rondar los 40 km\/h y que podr\u00eden llegar a los 50 km\/h nel interior occidental. Les temperatures van baxar ente 1\u00baC y 3\u00baC con al respective de la xornada pasada.<\/p>\n<p><!--more--><\/p>\n<p><strong>Tendencia abril\u2011mayu\u2011xunu 2026.\u00a0<\/strong>\ud83c\udf21\ufe0f Pen\u00ednsula: 50\u201360\u202f% de probabilid\u00e1 de trimestre m\u00e1s templ\u00e1u de lo normal; 10\u201320\u202f% de que s\u00eda m\u00e1s fr\u00edu.<\/p>\n<p style=\"text-align: center\"><a href=\"https:\/\/pbs.twimg.com\/media\/HEfJI4WagAAC_dI?format=jpg&amp;name=small\"><img loading=\"lazy\" decoding=\"async\" class=\"aligncenter size-large\" src=\"https:\/\/pbs.twimg.com\/media\/HEfJI4WagAAC_dI?format=jpg&amp;name=small\" width=\"680\" height=\"554\" \/><\/a><\/p>\n","protected":false},"excerpt":{"rendered":"<p>Van abrise escamplaes pela tarde. Les temperatures m\u00e1ximes van baxar sobremanera nel suroccidente (hasta 3 o 4 \u00baC menos qu&#8217;esti s\u00e1badu), y llixeramente nel restu del interior occidental y otros puntos del terciu sur polo xeneral. RTPA \/ Vamos empezar el d\u00eda con cielos nublos y delles ag\u00fces d\u00e9biles escontra&#8217;l cordal oriental. Col pasu de [&hellip;]<\/p>\n","protected":false},"author":117,"featured_media":0,"comment_status":"closed","ping_status":"closed","sticky":false,"template":"","format":"standard","meta":{"footnotes":""},"categories":[1],"tags":[],"class_list":["post-70413","post","type-post","status-publish","format-standard","hentry","category-sin-categoria"],"_links":{"self":[{"href":"https:\/\/edublog.educastur.es\/ixuxu\/wp-json\/wp\/v2\/posts\/70413","targetHints":{"allow":["GET"]}}],"collection":[{"href":"https:\/\/edublog.educastur.es\/ixuxu\/wp-json\/wp\/v2\/posts"}],"about":[{"href":"https:\/\/edublog.educastur.es\/ixuxu\/wp-json\/wp\/v2\/types\/post"}],"author":[{"embeddable":true,"href":"https:\/\/edublog.educastur.es\/ixuxu\/wp-json\/wp\/v2\/users\/117"}],"replies":[{"embeddable":true,"href":"https:\/\/edublog.educastur.es\/ixuxu\/wp-json\/wp\/v2\/comments?post=70413"}],"version-history":[{"count":3,"href":"https:\/\/edublog.educastur.es\/ixuxu\/wp-json\/wp\/v2\/posts\/70413\/revisions"}],"predecessor-version":[{"id":70449,"href":"https:\/\/edublog.educastur.es\/ixuxu\/wp-json\/wp\/v2\/posts\/70413\/revisions\/70449"}],"wp:attachment":[{"href":"https:\/\/edublog.educastur.es\/ixuxu\/wp-json\/wp\/v2\/media?parent=70413"}],"wp:term":[{"taxonomy":"category","embeddable":true,"href":"https:\/\/edublog.educastur.es\/ixuxu\/wp-json\/wp\/v2\/categories?post=70413"},{"taxonomy":"post_tag","embeddable":true,"href":"https:\/\/edublog.educastur.es\/ixuxu\/wp-json\/wp\/v2\/tags?post=70413"}],"curies":[{"name":"wp","href":"https:\/\/api.w.org\/{rel}","templated":true}]}}