{"id":70416,"date":"2026-03-28T10:00:10","date_gmt":"2026-03-28T08:00:10","guid":{"rendered":"https:\/\/edublog.educastur.es\/ixuxu\/?p=70416"},"modified":"2026-03-29T11:22:52","modified_gmt":"2026-03-29T09:22:52","slug":"sabadu-a-les-1000-na-tpa-ultimos-capitulos","status":"publish","type":"post","link":"https:\/\/edublog.educastur.es\/ixuxu\/2026\/03\/sabadu-a-les-1000-na-tpa-ultimos-capitulos\/","title":{"rendered":"L&#8217;Abeya Maya: \u00faltimos cap\u00edtulos"},"content":{"rendered":"<p style=\"text-align: center\"><a href=\"https:\/\/www.rtpa.es\/especial-abeya-maya\/maya\/labeyamaya-logo.d1ebed9c.png\"><img loading=\"lazy\" decoding=\"async\" class=\"aligncenter size-large\" src=\"https:\/\/www.rtpa.es\/especial-abeya-maya\/maya\/labeyamaya-logo.d1ebed9c.png\" width=\"293\" height=\"183\" \/><\/a><\/p>\n<p>Maya ye una abeyina como nenguna otra, inconformista y siempre naguando por aventures, dex\u00f3&#8217;l tru\u00e9banu pa vivir nel prau, llibre como una abeya. G\u00fcei a les 10:00 en <span class=\"html-span xdj266r x14z9mp xat24cr x1lziwak xexx8yu xyri2b x18d9i69 x1c1uobl x1hl2dhg x16tdsg8 x1vvkbs\"><a class=\"x1i10hfl xjbqb8w x1ejq31n x18oe1m7 x1sy0etr xstzfhl x972fbf x10w94by x1qhh985 x14e42zd x9f619 x1ypdohk xt0psk2 x3ct3a4 xdj266r x14z9mp xat24cr x1lziwak xexx8yu xyri2b x18d9i69 x1c1uobl x16tdsg8 x1hl2dhg xggy1nq x1a2a7pz xkrqix3 x1sur9pj x1fey0fg x1s688f\" role=\"link\" href=\"https:\/\/www.facebook.com\/hashtag\/tpa?__eep__=6&amp;__cft__[0]=AZbK04Wkba7hYcC27oEE7UBA1A_NFWYdNpHfg4gP4GpqYoe6qP-ZkBScTQcTCczplBv44uf1yQPZlWhb47zCgTIA7LbST1CpCGwgx65BGS4PteXeIDYo3b9XSXSSnwZaRh4dTi7iyoP1kPhPLKw7mZdXjJkdQ-kJtOEDuyCAwJqHraaPoF54kJj4x4C-R6IHqX4&amp;__tn__=*NK-R\">#TPA<\/a><\/span><\/p>\n<div class=\"grid grid-cols-12 relative z-5\">\n<div class=\"col-span-12\">\n<div class=\"flex gap-3 items-center\"><img loading=\"lazy\" decoding=\"async\" class=\"\" src=\"https:\/\/www.rtpa.es\/especial-abeya-maya\/maya\/flower-title.94b2b5e2.png\" alt=\"\" width=\"37\" height=\"37\" aria-hidden=\"true\" \/><img loading=\"lazy\" decoding=\"async\" class=\"aligncenter\" src=\"https:\/\/www.rtpa.es\/fotos\/\/26\/03\/121774706109_MAYA%203D_SCREENSHOT%20EP_49_16X9.jpg\" alt=\"\" width=\"962\" height=\"541\" \/><\/div>\n<\/div>\n<\/div>\n<div class=\"grid grid-cols-12 gap-6 relative z-10\">\n<div id=\"episo-49\" class=\"col-span-12 lg:col-span-6 flex flex-col\">\n<figure class=\"aspect-video border-4 border-solid border-white\/90 rounded-3xl\">\n<div class=\"contenedor-video\">\n<div id=\"episodio49\" class=\"video-js vjs-default-skin vjs-16-9 vjs-big-play-centered vjs-paused vjs-controls-enabled vjs-workinghover vjs-v8 vjs-user-active episodio49-dimensions\" lang=\"en\" role=\"region\" aria-label=\"Reproductor de Video\"><\/div>\n<\/div>\n<\/figure>\n<div class=\"flex flex-col mt-4 text-white px-4 flex-grow\">\n<h4 class=\"text-xl font-bold mb-3\">Cap 49 T.1 &#8211; Edgar, el valiente. Maya tien qu&#8217;ayudar a una abeyina pa que supere&#8217;l mieu a salir al prau. <a class=\"h-14 shadow-2xl hover:bg-amber-200 active:shadow-xl active:bg-amber-900 active:text-amber-50 ring-2 ring-amber-300 shadow-amber-800 self-start inline-block text-base font-bold content-center px-6 rounded-full bg-amber-400 text-amber-900 text-center focus:outline-2 focus:outline-amber-600 focus:outline-offset-2\" href=\"https:\/\/www.rtpa.es\/labeya-maya#\" aria-label=\"Ver cap\u00edtulo Cap 49 T.1 - Edgar, el valiente\">Ver cap\u00edtulu<\/a><\/h4>\n<p><!--more--><\/p>\n<\/div>\n<\/div>\n<div id=\"episo-50\" class=\"col-span-12 lg:col-span-6 flex flex-col\">\n<figure class=\"aspect-video border-4 border-solid border-white\/90 rounded-3xl\">\n<div class=\"contenedor-video\">\n<div id=\"episodio50\" class=\"video-js vjs-default-skin vjs-16-9 vjs-big-play-centered vjs-paused vjs-controls-enabled vjs-workinghover vjs-v8 vjs-user-active episodio50-dimensions\" lang=\"en\" role=\"region\" aria-label=\"Reproductor de Video\">\n<div class=\"vjs-poster\"><img decoding=\"async\" src=\"https:\/\/www.rtpa.es\/fotos\/\/26\/03\/121774706120_MAYA%203D_SCREENSHOT%20EP_50_16X9.jpg\" alt=\"\" \/><\/div>\n<div class=\"vjs-text-track-display\" aria-live=\"off\">\n<div><\/div>\n<\/div>\n<\/div>\n<\/div>\n<\/figure>\n<div class=\"flex flex-col mt-4 text-white px-4 flex-grow\">\n<p class=\"text-xl font-bold mb-3\">Cap 50 T.1 &#8211; Maru, la minera. Maya conoz a Maru, una topugrillu que pierde la memoria\u2026 y nun sabe \u00f3nde tien la comida. <a href=\"https:\/\/www.rtpa.es\/labeya-maya#\">Ver cap\u00edtulu<\/a><\/p>\n<\/div>\n<\/div>\n<\/div>\n<p>&nbsp;<\/p>\n","protected":false},"excerpt":{"rendered":"<p>Maya ye una abeyina como nenguna otra, inconformista y siempre naguando por aventures, dex\u00f3&#8217;l tru\u00e9banu pa vivir nel prau, llibre como una abeya. G\u00fcei a les 10:00 en #TPA Cap 49 T.1 &#8211; Edgar, el valiente. Maya tien qu&#8217;ayudar a una abeyina pa que supere&#8217;l mieu a salir al prau. Ver cap\u00edtulu<\/p>\n","protected":false},"author":117,"featured_media":0,"comment_status":"closed","ping_status":"closed","sticky":false,"template":"","format":"standard","meta":{"footnotes":""},"categories":[483],"tags":[],"class_list":["post-70416","post","type-post","status-publish","format-standard","hentry","category-labeya-maya"],"_links":{"self":[{"href":"https:\/\/edublog.educastur.es\/ixuxu\/wp-json\/wp\/v2\/posts\/70416","targetHints":{"allow":["GET"]}}],"collection":[{"href":"https:\/\/edublog.educastur.es\/ixuxu\/wp-json\/wp\/v2\/posts"}],"about":[{"href":"https:\/\/edublog.educastur.es\/ixuxu\/wp-json\/wp\/v2\/types\/post"}],"author":[{"embeddable":true,"href":"https:\/\/edublog.educastur.es\/ixuxu\/wp-json\/wp\/v2\/users\/117"}],"replies":[{"embeddable":true,"href":"https:\/\/edublog.educastur.es\/ixuxu\/wp-json\/wp\/v2\/comments?post=70416"}],"version-history":[{"count":3,"href":"https:\/\/edublog.educastur.es\/ixuxu\/wp-json\/wp\/v2\/posts\/70416\/revisions"}],"predecessor-version":[{"id":70420,"href":"https:\/\/edublog.educastur.es\/ixuxu\/wp-json\/wp\/v2\/posts\/70416\/revisions\/70420"}],"wp:attachment":[{"href":"https:\/\/edublog.educastur.es\/ixuxu\/wp-json\/wp\/v2\/media?parent=70416"}],"wp:term":[{"taxonomy":"category","embeddable":true,"href":"https:\/\/edublog.educastur.es\/ixuxu\/wp-json\/wp\/v2\/categories?post=70416"},{"taxonomy":"post_tag","embeddable":true,"href":"https:\/\/edublog.educastur.es\/ixuxu\/wp-json\/wp\/v2\/tags?post=70416"}],"curies":[{"name":"wp","href":"https:\/\/api.w.org\/{rel}","templated":true}]}}