{"id":70425,"date":"2026-03-28T20:00:17","date_gmt":"2026-03-28T18:00:17","guid":{"rendered":"https:\/\/edublog.educastur.es\/ixuxu\/?p=70425"},"modified":"2026-03-29T11:29:55","modified_gmt":"2026-03-29T09:29:55","slug":"uvieu-xixon-y-siero-xunense-al-apagon-simbolicu-de-la-hora-del-planeta","status":"publish","type":"post","link":"https:\/\/edublog.educastur.es\/ixuxu\/2026\/03\/uvieu-xixon-y-siero-xunense-al-apagon-simbolicu-de-la-hora-del-planeta\/","title":{"rendered":"Uvi\u00e9u, Xix\u00f3n y Siero x\u00fanense al apag\u00f3n simb\u00f3licu de la Hora del Planeta"},"content":{"rendered":"<p style=\"text-align: center\"><a href=\"https:\/\/www.rtpa.es\/fotos\/\/26\/03\/20260328143523_RTPA7899303.webp\"><img loading=\"lazy\" decoding=\"async\" class=\"aligncenter size-large\" src=\"https:\/\/www.rtpa.es\/fotos\/\/26\/03\/20260328143523_RTPA7899303.webp\" width=\"853\" height=\"480\" \/><\/a><\/p>\n<div class=\"flow rtpa-prose text-lg leading-tight mb-6\"><strong>Siete conceyos s\u00famense a una cita global en m\u00e1s de 190 pa\u00edses frente al negacionismu clim\u00e1ticu.<\/strong><\/div>\n<div class=\"flow rtpa-prose text-base text-neutral-700\">\n<p>Edificios emblem\u00e1ticos y monumentos d&#8217;Uvi\u00e9u, Xix\u00f3n, Siero, Llangr\u00e9u, Mieres, Castrill\u00f3n y Samart\u00edn del Rei Aurelio van sumase a otros de toa Espa\u00f1a que van apagar esti s\u00e1badu les sos lluces una hora -al igual qu&#8217;otros pa\u00edses- pa marcar la Hora del Planeta, el mayor movimientu global en defensa de la natura, que cumple g\u00fcei 20 a\u00f1os.<\/p>\n<p><!--more--><\/p>\n<p>N&#8217;Uvi\u00e9u, la catedral, el palaciu de la Xunta Xeneral, la ilesia de San Xuan El Real, el Teatru Campoamor y el monumentu al Sagr\u00e1u Coraz\u00f3n van apagar la so llume, como lo fadr\u00e1n la Ilesia de San Pedro, l&#8217;antiguu Institutu Xovellanos o l&#8217;antigua Pescader\u00eda Municipal, en Xix\u00f3n.<\/p>\n<p>Acordies cola organizaci\u00f3n ecoloxista Fondu Mundial pa la Naturaleza (WWF), impulsora va dos d\u00e9cades de la iniciativa, \u00abmillones de persones en m\u00e1s de 190 pa\u00edses y territorios de toles llatit\u00faes\u00bb van xunise al actu, celebr\u00e1u a\u00f1almente l&#8217;\u00faltimu s\u00e1badu del mes de marzu, ente les 20:30 y les 21:30 hores.<\/p>\n<p>Dientro del territoriu espa\u00f1ol, seg\u00fan detalla la web de WWF, x\u00fanense al movimientu verde edificios reconocibles de tolos puntos del pa\u00eds.<\/p>\n<p>Dientro de la Comunid\u00e1 de Madrid, van apagar les sos lluces el Palaciu Real y el Pante\u00f3n d&#8217;Espa\u00f1a, la sede del Sen\u00e1u, el Real Xard\u00edn Bot\u00e1nicu, l&#8217;Institutu Cervantes, les fontes de Cibeles y de Neptuno y la Puerta d&#8217;Alcal\u00e1, ente otros.<\/p>\n<p>Tami\u00e9n se van quedar a escures nesi tramu la ponte de Triana y la Torre del Oru, en Sevilla, o la Sagrada Familia y el Castell de Montjuic, en Barcelona.<\/p>\n<\/div>\n<p>&nbsp;<\/p>\n","protected":false},"excerpt":{"rendered":"<p>Siete conceyos s\u00famense a una cita global en m\u00e1s de 190 pa\u00edses frente al negacionismu clim\u00e1ticu. Edificios emblem\u00e1ticos y monumentos d&#8217;Uvi\u00e9u, Xix\u00f3n, Siero, Llangr\u00e9u, Mieres, Castrill\u00f3n y Samart\u00edn del Rei Aurelio van sumase a otros de toa Espa\u00f1a que van apagar esti s\u00e1badu les sos lluces una hora -al igual qu&#8217;otros pa\u00edses- pa marcar la [&hellip;]<\/p>\n","protected":false},"author":117,"featured_media":0,"comment_status":"closed","ping_status":"closed","sticky":false,"template":"","format":"standard","meta":{"footnotes":""},"categories":[1],"tags":[],"class_list":["post-70425","post","type-post","status-publish","format-standard","hentry","category-sin-categoria"],"_links":{"self":[{"href":"https:\/\/edublog.educastur.es\/ixuxu\/wp-json\/wp\/v2\/posts\/70425","targetHints":{"allow":["GET"]}}],"collection":[{"href":"https:\/\/edublog.educastur.es\/ixuxu\/wp-json\/wp\/v2\/posts"}],"about":[{"href":"https:\/\/edublog.educastur.es\/ixuxu\/wp-json\/wp\/v2\/types\/post"}],"author":[{"embeddable":true,"href":"https:\/\/edublog.educastur.es\/ixuxu\/wp-json\/wp\/v2\/users\/117"}],"replies":[{"embeddable":true,"href":"https:\/\/edublog.educastur.es\/ixuxu\/wp-json\/wp\/v2\/comments?post=70425"}],"version-history":[{"count":1,"href":"https:\/\/edublog.educastur.es\/ixuxu\/wp-json\/wp\/v2\/posts\/70425\/revisions"}],"predecessor-version":[{"id":70426,"href":"https:\/\/edublog.educastur.es\/ixuxu\/wp-json\/wp\/v2\/posts\/70425\/revisions\/70426"}],"wp:attachment":[{"href":"https:\/\/edublog.educastur.es\/ixuxu\/wp-json\/wp\/v2\/media?parent=70425"}],"wp:term":[{"taxonomy":"category","embeddable":true,"href":"https:\/\/edublog.educastur.es\/ixuxu\/wp-json\/wp\/v2\/categories?post=70425"},{"taxonomy":"post_tag","embeddable":true,"href":"https:\/\/edublog.educastur.es\/ixuxu\/wp-json\/wp\/v2\/tags?post=70425"}],"curies":[{"name":"wp","href":"https:\/\/api.w.org\/{rel}","templated":true}]}}