{"id":70427,"date":"2026-03-29T11:31:16","date_gmt":"2026-03-29T09:31:16","guid":{"rendered":"https:\/\/edublog.educastur.es\/ixuxu\/?p=70427"},"modified":"2026-03-29T11:31:16","modified_gmt":"2026-03-29T09:31:16","slug":"les-aves-daltu-monte-son-mas-vulnerables-al-cambeu-climaticu","status":"publish","type":"post","link":"https:\/\/edublog.educastur.es\/ixuxu\/2026\/03\/les-aves-daltu-monte-son-mas-vulnerables-al-cambeu-climaticu\/","title":{"rendered":"Les aves d&#8217;altu monte son m\u00e1s vulnerables al camb\u00e9u clim\u00e1ticu"},"content":{"rendered":"<p class=\"text-2xl font-bold font-serif leading-tight max-w-[65ch] mb-1.5\"><a href=\"https:\/\/www.rtpa.es\/noticias-asturias-ast\/2026-03-28\/Les-aves-d'altu-monte-son-mas-vulnerables-al-cambeu-climaticu-y-a-les-sos-consecuencies_111774700110.html\">Les aves d&#8217;altu monte son m\u00e1s vulnerables al camb\u00e9u clim\u00e1ticu y a les sos consecuencies. RTPA<\/a><\/p>\n<p style=\"text-align: center\"><a href=\"https:\/\/www.rtpa.es\/fotos\/\/26\/03\/20260328131421_RTPA7898940.webp\"><img loading=\"lazy\" decoding=\"async\" class=\"aligncenter size-large\" src=\"https:\/\/www.rtpa.es\/fotos\/\/26\/03\/20260328131421_RTPA7898940.webp\" width=\"853\" height=\"480\" \/><\/a><\/p>\n<div class=\"flow rtpa-prose text-lg leading-tight mb-6\"><strong>El gurri\u00f3n alp\u00edn, presente nel Cordal Cant\u00e1bricu, ye mui vulnerable al camb\u00e9u clim\u00e1ticu.\u00a0<\/strong><\/div>\n<div class=\"flow rtpa-prose text-base text-neutral-700\">\n<p>Les aves de monte como&#8217;l gurri\u00f3n alp\u00edn, presente nel Cordal Cant\u00e1bricu, son mui vulnerables al camb\u00e9u clim\u00e1ticu. Amu\u00e9salo un estudiu internacional nel que particip\u00f3 l&#8217;Institutu Mistu d&#8217;Investigaci\u00f3n en Biodiversid\u00e1 d&#8217;Asturies. Analizaron 800 especies y sollerten de posibles estinciones globales, sobre manera en llatit\u00faes elevaes como l&#8217;Himalaya o&#8217;l C\u00e1ucasu, les zones m\u00e1s vulnerables onde se rexistraron aumentos de temperatura d&#8217;hasta un grau y mediu.<\/p>\n<\/div>\n","protected":false},"excerpt":{"rendered":"<p>Les aves d&#8217;altu monte son m\u00e1s vulnerables al camb\u00e9u clim\u00e1ticu y a les sos consecuencies. RTPA El gurri\u00f3n alp\u00edn, presente nel Cordal Cant\u00e1bricu, ye mui vulnerable al camb\u00e9u clim\u00e1ticu.\u00a0 Les aves de monte como&#8217;l gurri\u00f3n alp\u00edn, presente nel Cordal Cant\u00e1bricu, son mui vulnerables al camb\u00e9u clim\u00e1ticu. Amu\u00e9salo un estudiu internacional nel que particip\u00f3 l&#8217;Institutu Mistu [&hellip;]<\/p>\n","protected":false},"author":117,"featured_media":0,"comment_status":"closed","ping_status":"closed","sticky":false,"template":"","format":"standard","meta":{"footnotes":""},"categories":[383,246],"tags":[],"class_list":["post-70427","post","type-post","status-publish","format-standard","hentry","category-calentamientu-global","category-paxarinos"],"_links":{"self":[{"href":"https:\/\/edublog.educastur.es\/ixuxu\/wp-json\/wp\/v2\/posts\/70427","targetHints":{"allow":["GET"]}}],"collection":[{"href":"https:\/\/edublog.educastur.es\/ixuxu\/wp-json\/wp\/v2\/posts"}],"about":[{"href":"https:\/\/edublog.educastur.es\/ixuxu\/wp-json\/wp\/v2\/types\/post"}],"author":[{"embeddable":true,"href":"https:\/\/edublog.educastur.es\/ixuxu\/wp-json\/wp\/v2\/users\/117"}],"replies":[{"embeddable":true,"href":"https:\/\/edublog.educastur.es\/ixuxu\/wp-json\/wp\/v2\/comments?post=70427"}],"version-history":[{"count":1,"href":"https:\/\/edublog.educastur.es\/ixuxu\/wp-json\/wp\/v2\/posts\/70427\/revisions"}],"predecessor-version":[{"id":70428,"href":"https:\/\/edublog.educastur.es\/ixuxu\/wp-json\/wp\/v2\/posts\/70427\/revisions\/70428"}],"wp:attachment":[{"href":"https:\/\/edublog.educastur.es\/ixuxu\/wp-json\/wp\/v2\/media?parent=70427"}],"wp:term":[{"taxonomy":"category","embeddable":true,"href":"https:\/\/edublog.educastur.es\/ixuxu\/wp-json\/wp\/v2\/categories?post=70427"},{"taxonomy":"post_tag","embeddable":true,"href":"https:\/\/edublog.educastur.es\/ixuxu\/wp-json\/wp\/v2\/tags?post=70427"}],"curies":[{"name":"wp","href":"https:\/\/api.w.org\/{rel}","templated":true}]}}