{"id":70438,"date":"2026-03-29T13:00:02","date_gmt":"2026-03-29T11:00:02","guid":{"rendered":"https:\/\/edublog.educastur.es\/ixuxu\/?p=70438"},"modified":"2026-03-29T11:58:25","modified_gmt":"2026-03-29T09:58:25","slug":"families-que-vienen-a-vivir-a-asturies","status":"publish","type":"post","link":"https:\/\/edublog.educastur.es\/ixuxu\/2026\/03\/families-que-vienen-a-vivir-a-asturies\/","title":{"rendered":"Families que vienen a vivir a Asturies"},"content":{"rendered":"<p style=\"text-align: center\"><img loading=\"lazy\" decoding=\"async\" class=\"aligncenter size-large\" src=\"https:\/\/cflvdg.avoz.es\/sc\/XuPIkqvA9LVk-a-kLvUJs86J3wA=\/768x\/2026\/03\/24\/00121774380639986134140\/Foto\/6.png\" width=\"768\" height=\"432\" \/> <a href=\"https:\/\/www.lavozdeasturias.es\/noticia\/asturias\/2026\/03\/24\/alemana-granadino-dejaron-barcelona-vivir-llanera-primera-vez-sentimos-pertenecemos-lugar\/00031774380093174812678.htm\">La Voz<\/a><\/p>\n<p>L&#8217;alemana y el granad\u00edn que dexaron Barcelona para vivir en Llanera: \u00abYe la primer vegada que sentimos que pertenecemos a un llugar\u00bb. La familia lleg\u00f3 al Princip\u00e1u dende Barcelona fai apenes dos a\u00f1os y dende ent\u00f3s compartieron la so aventura al travi\u00e9s de la so canal de Youtube,<a href=\"https:\/\/www.youtube.com\/@Puravidaastur\/featured\"> <span style=\"color: #008080\"><strong>Pura vida \u00c1stur.<\/strong><\/span><\/a><\/p>\n<p style=\"text-align: center\"><a href=\"https:\/\/yt3.googleusercontent.com\/Z2SK_7-rVdrgk4syN5gZ3xh3OABarLq7aYJTIo2-SZjHm5GEp2LIQP-D4QJwkZpsIXHnDCiUDg=w1707-fcrop64=1,00005a57ffffa5a8-k-c0xffffffff-no-nd-rj\"><img loading=\"lazy\" decoding=\"async\" class=\"aligncenter \" src=\"https:\/\/yt3.googleusercontent.com\/Z2SK_7-rVdrgk4syN5gZ3xh3OABarLq7aYJTIo2-SZjHm5GEp2LIQP-D4QJwkZpsIXHnDCiUDg=w1707-fcrop64=1,00005a57ffffa5a8-k-c0xffffffff-no-nd-rj\" width=\"834\" height=\"138\" \/><\/a><\/p>\n<p><!--more--><\/p>\n<p>Fai casi dos a\u00f1os, Katrin Steffanie Rappe y Daniel G\u00f3mez decidieron tresformar la so vida. La rutina en Barcelona, onde ella trabayaba como veterinaria y \u00e9l como taxista, dexara d&#8217;enllena-yos. La nacencia de la so f\u00eda foi&#8217;l detonante que los llev\u00f3 a buscar una redolada m\u00e1s sele, en plena naturaleza. Cuando decidieron dar el pasu, nun hubo duldes: \u00abQuer\u00edamos camudanos a Asturies\u00bb. Esta nueva etapa, am\u00e1s, compartir al travi\u00e9s de la so canal de YouTube, Pura Vida Asturies.<\/p>\n<p>La hestoria de Katrin y Daniel empez\u00f3 fai m\u00e1s de venti a\u00f1os. Con tan solo 18 a\u00f1os, Katrin, alemana d&#8217;orixe pero asitiada n&#8217;Espa\u00f1a dende los 13, y Daniel, natural de Granada, conocer en Barcelona, onde empez\u00f3 la so hestoria d&#8217;amor. Ella parti\u00f3 a Lli\u00f3n para estudiar el primer a\u00f1u de Veterinaria y ell\u00ed la pareya empez\u00f3 a afayar los encantos qu&#8217;aguardaba&#8217;l norte de la pen\u00ednsula. \u00abCuando viv\u00edamos en Lli\u00f3n, siempres viax\u00e1bamos hasta Asturies para pasar la fin de selmana\u00bb. Foi y\u00e1 naquella d\u00f3mina cuando Katrin y Daniel empezaron a namorase del Princip\u00e1u.<\/p>\n<p>En segundu de carrera Katrin llogr\u00f3 treslladase hasta una universid\u00e1 catalana, onde sigui\u00f3 colos sos estudios. En Barcelona empez\u00f3 a exercer como ciruxana veterinaria nel hospital de la universid\u00e1, mientres Daniel trabayaba como taxista. \u00abCuando fuimos faciendo mayores, dempu\u00e9s de too el estr\u00e9s y dempu\u00e9s d&#8217;estudiar, diome por ser madre, daqu\u00e9 que nunca antes me planteg\u00f3, pero espert\u00f3 esi instintu en mi\u00bb, recuerda Katrin. Tres la nacencia de la so f\u00eda, daqu\u00e9 camud\u00f3 pa dambos. \u00abDimos cuenta de que t\u00e1bamos viviendo nuna rueda de h\u00e1mster: trabayamos enforma pa pagar factures, nun esfrut\u00e1bamos de la pareya nin ten\u00edamos el tiempu que quer\u00edamos pa tar cola nuesa f\u00eda. Sent\u00edamos que t\u00e1bamos perdiendo un mont\u00f3n de ratos con ella\u00bb, recuerda Rappe.<\/p>\n<p>En medit\u00e1ndolo, Katrin y Daniel tomaron la decisi\u00f3n d&#8217;empezar de nuevu, con una vida m\u00e1s senciella y allo\u00f1ada del estr\u00e9s de Barcelona. \u00abSiempres fal\u00e1bamos de que nos xubilar\u00edamos n&#8217;Asturies, pero a la fin decidimos qu&#8217;esti yera&#8217;l sitiu onde quer\u00edamos vivir\u00bb. Daniel vendi\u00f3&#8217;l so taxi y Katrin dex\u00f3&#8217;l so trabayu como veterinaria pa treslladase a un pueblu de ventiocho habitantes allug\u00e1u a tan solo unos kil\u00f3metros de Lugo de Llanera.<\/p>\n<p>Tres la so llegada al Princip\u00e1u, Katrin y Daniel sintieron qu&#8217;esta era, definitivamente, el so llugar. \u00abVivimos en distintes ciudaes d&#8217;Espa\u00f1a y del estranxeru, pero <strong>n&#8217;Asturies ye la primer vegada que sentimos que pertenecemos a un llugar y sentimos que ye&#8217;l nuesu llar<\/strong>\u00bb. Asturies, asegura Katrin, cumpli\u00f3 en demas\u00eda les mires coles que&#8217;l matrimoniu tresllad\u00f3se equ\u00ed va dos a\u00f1os. \u00abCamudanos equ\u00ed foi l&#8217;aciertu de la nuesa vida. Tamos namoraos d&#8217;Asturies en tolos aspeutos; tenemos unos vecinos maraviyosos y enc\u00e1ntanos la so gastronom\u00eda\u00bb.<\/p>\n<p style=\"text-align: center\">\n<!-- iframe plugin v.6.0 wordpress.org\/plugins\/iframe\/ -->\n<iframe loading=\"lazy\" width=\"100%\" height=\"444\" src=\"https:\/\/www.youtube.com\/embed\/Q7_PybGVObI\" title=\"#30 \u00bfC\u00f3mo es vivir en Asturias? 10 meses desde nuestra llegada, os contamos la experiencia\" frameborder=\"0\" allow=\"accelerometer; autoplay; clipboard-write; encrypted-media; gyroscope; picture-in-picture; web-share\" referrerpolicy=\"strict-origin-when-cross-origin\" 0=\"allowfullscreen\" 1=\"\/iframe\" scrolling=\"yes\" class=\"iframe-class\"><\/iframe>\n<\/p>\n<p>La so nueva aventura n&#8217;Asturies dex\u00f3 que la f\u00eda de Katrin y Daniel aprienda d&#8217;una manera bien distinta a como lo fadr\u00eda si siguieren viviendo en Barcelona. <em><strong>\u00abElla equ\u00ed apriende colos animales, vive arrodiada de naturaleza. Eso ye precisamente lo que quer\u00edamos pa ella. Am\u00e1s, siempres me ayudar en casa y a echar de comer al gan\u00e1u\u00bb.<\/strong><\/em><\/p>\n<p>Anque&#8217;l matrimoniu consigui\u00f3 esa vida allo\u00f1ada del estr\u00e9s de la gran ciud\u00e1, el cam\u00edn nun foi senciellu. Pa Katrin, una de les mayores dificultaes a la de treslladase a la rex\u00f3n foi atopar casa. \u00abYe bien complic\u00e1u atopar una casa que te guste y que tea en bones condiciones cuando vives a 900 kil\u00f3metros. Dacuando vi\u00e9ndente una cosa que, cuando llegues equ\u00ed, nun tien nada que ver colo que t&#8217;ense\u00f1aron\u00bb.<\/p>\n<p>Per otru llau, pal matrimoniu lo m\u00e1s complicao de dexar Barcelona tras foi \u00aballo\u00f1ar de los nuesos amigos\u00bb. \u00abEll\u00ed ten\u00edamos bones amistaes y vivir llue\u00f1e d&#8217;ellos non siempres ye senciellu. Anque, si soite sincera, nun hai muncho m\u00e1s qu&#8217;eche de menos\u00bb, confiesa Katrin ente rises. Foi precisamente esa distancia colos sos amigos y familiares la que llev\u00f3 al matrimoniu a compartir la so esperiencia n&#8217;Asturies al travi\u00e9s de les redes sociales. \u00abSiempres me dic\u00eden que-yos mandara v\u00eddeu y semeyes y, con tal de nun manda-y los a trescientes persones, decidimos colgar en YouTube. Pens\u00e1bamos que nun los ver\u00eda naide, solo los nuesos allegaos\u00bb. Pero los v\u00eddeos de Pura Vida Asturies y\u00e1 algamen los cinco mil visites.<\/p>\n<p>Ente animales y naturaleza, Katrin y Daniel, al pie de la so pequena f\u00eda, viven la vida cola que tanto sua\u00f1aron. \u00c9l trabaya como xofer pa una empresa de tresportes, mientres ella plant\u00e9gase retomar la so carrera como veterinaria, anque esta vegada, esplica, \u00abdexando de llau la traumatolox\u00eda de peque\u00f1os animales y centr\u00e1ndome m\u00e1s nel sector de la ganader\u00eda\u00bb.<\/p>\n<p style=\"text-align: center\">\n<!-- iframe plugin v.6.0 wordpress.org\/plugins\/iframe\/ -->\n<iframe loading=\"lazy\" width=\"100%\" height=\"444\" src=\"https:\/\/www.youtube.com\/embed\/-OlmRJUTGuA\" title=\"59_ Te ense\u00f1amos nuestro H\u00d3RREO asturiano: tradici\u00f3n, historia, restauraci\u00f3n y detalles \u00fanicos.\" frameborder=\"0\" allow=\"accelerometer; autoplay; clipboard-write; encrypted-media; gyroscope; picture-in-picture; web-share\" referrerpolicy=\"strict-origin-when-cross-origin\" 0=\"allowfullscreen\" 1=\"\/iframe\" scrolling=\"yes\" class=\"iframe-class\"><\/iframe>\n<\/p>\n<p>&nbsp;<\/p>\n","protected":false},"excerpt":{"rendered":"<p>La Voz L&#8217;alemana y el granad\u00edn que dexaron Barcelona para vivir en Llanera: \u00abYe la primer vegada que sentimos que pertenecemos a un llugar\u00bb. La familia lleg\u00f3 al Princip\u00e1u dende Barcelona fai apenes dos a\u00f1os y dende ent\u00f3s compartieron la so aventura al travi\u00e9s de la so canal de Youtube, Pura vida \u00c1stur.<\/p>\n","protected":false},"author":117,"featured_media":0,"comment_status":"closed","ping_status":"closed","sticky":false,"template":"","format":"standard","meta":{"footnotes":""},"categories":[1],"tags":[],"class_list":["post-70438","post","type-post","status-publish","format-standard","hentry","category-sin-categoria"],"_links":{"self":[{"href":"https:\/\/edublog.educastur.es\/ixuxu\/wp-json\/wp\/v2\/posts\/70438","targetHints":{"allow":["GET"]}}],"collection":[{"href":"https:\/\/edublog.educastur.es\/ixuxu\/wp-json\/wp\/v2\/posts"}],"about":[{"href":"https:\/\/edublog.educastur.es\/ixuxu\/wp-json\/wp\/v2\/types\/post"}],"author":[{"embeddable":true,"href":"https:\/\/edublog.educastur.es\/ixuxu\/wp-json\/wp\/v2\/users\/117"}],"replies":[{"embeddable":true,"href":"https:\/\/edublog.educastur.es\/ixuxu\/wp-json\/wp\/v2\/comments?post=70438"}],"version-history":[{"count":4,"href":"https:\/\/edublog.educastur.es\/ixuxu\/wp-json\/wp\/v2\/posts\/70438\/revisions"}],"predecessor-version":[{"id":70442,"href":"https:\/\/edublog.educastur.es\/ixuxu\/wp-json\/wp\/v2\/posts\/70438\/revisions\/70442"}],"wp:attachment":[{"href":"https:\/\/edublog.educastur.es\/ixuxu\/wp-json\/wp\/v2\/media?parent=70438"}],"wp:term":[{"taxonomy":"category","embeddable":true,"href":"https:\/\/edublog.educastur.es\/ixuxu\/wp-json\/wp\/v2\/categories?post=70438"},{"taxonomy":"post_tag","embeddable":true,"href":"https:\/\/edublog.educastur.es\/ixuxu\/wp-json\/wp\/v2\/tags?post=70438"}],"curies":[{"name":"wp","href":"https:\/\/api.w.org\/{rel}","templated":true}]}}