{"id":70460,"date":"2026-03-29T11:32:55","date_gmt":"2026-03-29T09:32:55","guid":{"rendered":"https:\/\/edublog.educastur.es\/ixuxu\/?p=70460"},"modified":"2026-03-29T18:36:06","modified_gmt":"2026-03-29T16:36:06","slug":"domingu-de-ramos","status":"publish","type":"post","link":"https:\/\/edublog.educastur.es\/ixuxu\/2026\/03\/domingu-de-ramos\/","title":{"rendered":"Domingu de Ramos"},"content":{"rendered":"<p>El Domingu de Ramos , marca l&#8217;entamu d&#8217;una de les selmanes con mayor carga antropol\u00f3xica, hist\u00f3rica y cultural del nuesu calendariu. M\u00e1s all\u00e1 de les creencies individuales, esti d\u00eda conmemora un eventu del sieglu I que tresform\u00f3 la hestoria d&#8217;Occidente: la entrada de Jes\u00fas de Nazaret en Jerusal\u00e9n. <a href=\"https:\/\/scontent-bcn1-1.xx.fbcdn.net\/v\/t39.30808-6\/657337124_1488677412850000_3037901522710375797_n.jpg?_nc_cat=104&amp;ccb=1-7&amp;_nc_sid=7b2446&amp;_nc_ohc=TzUgd3pPN8AQ7kNvwHSRjvM&amp;_nc_oc=AdqVzobYLvzQuiYPRG5gpi07gBtVOkK30b1RTO4vnIBK_nZlS6XKzx63iTSdswzr8uc&amp;_nc_zt=23&amp;_nc_ht=scontent-bcn1-1.xx&amp;_nc_gid=gZJt1STOC-P3nv371GA1og&amp;_nc_ss=7a3a8&amp;oh=00_AfwIzoA9sa6MdRN92b1H9UeE618YlsRSFyi366ajMwnCdQ&amp;oe=69CF1891\">Imaxe<\/a><\/p>\n<p style=\"text-align: center\">\n<!-- iframe plugin v.6.0 wordpress.org\/plugins\/iframe\/ -->\n<iframe loading=\"lazy\" src=\"https:\/\/www.facebook.com\/plugins\/post.php?href=https%3A%2F%2Fwww.facebook.com%2Facademiaplay%2Fposts%2Fpfbid025rJRrpdxFw59acyWnxC1js6ehRLyNWb6juc89saQyMrmBq9ik5kpJ8mm2NtSVtGel&#038;show_text=false&#038;width=500\" width=\"500\" height=\"497\" style=\"border:none;overflow:hidden\" scrolling=\"no\" frameborder=\"0\" allowfullscreen=\"true\" allow=\"autoplay; clipboard-write; encrypted-media; picture-in-picture; web-share\" 0=\"\/iframe\" class=\"iframe-class\"><\/iframe>\n<\/p>\n<p><!--more--><\/p>\n<p>&nbsp;<\/p>\n<p>Non te pierdas el nuesu v\u00eddeu sobro l&#8217;orixe de la Selmana Santa:\u00a0<span class=\"x193iq5w xeuugli x13faqbe x1vvkbs x1xmvt09 x1lliihq x1s928wv xhkezso x1gmr53x x1cpjm7i x1fgarty x1943h6x xudqn12 x3x7a5m x1f6kntn xvq8zen xo1l8bm xzsf02u\" dir=\"auto\"><span class=\"html-span xexx8yu xyri2b x18d9i69 x1c1uobl x1hl2dhg x16tdsg8 x1vvkbs x3nfvp2 x1j61x8r x1fcty0u xdj266r xat24cr xm2jcoa x1mpyi22 xxymvpz xlup9mm x1kky2od\"><img loading=\"lazy\" decoding=\"async\" class=\"xz74otr x15mokao x1ga7v0g x16uus16 xbiv7yw\" src=\"https:\/\/static.xx.fbcdn.net\/images\/emoji.php\/v9\/tc\/1\/16\/1f449_1f3fb.png\" alt=\"\ud83d\udc49\ud83c\udffb\" width=\"16\" height=\"16\" \/><\/span> <span class=\"html-span xdj266r x14z9mp xat24cr x1lziwak xexx8yu xyri2b x18d9i69 x1c1uobl x1hl2dhg x16tdsg8 x1vvkbs\"><a class=\"x1i10hfl xjbqb8w x1ejq31n x18oe1m7 x1sy0etr xstzfhl x972fbf x10w94by x1qhh985 x14e42zd x9f619 x1ypdohk xt0psk2 x3ct3a4 xdj266r x14z9mp xat24cr x1lziwak xexx8yu xyri2b x18d9i69 x1c1uobl x16tdsg8 x1hl2dhg xggy1nq x1a2a7pz xkrqix3 x1sur9pj x1fey0fg x1s688f\" role=\"link\" href=\"https:\/\/youtu.be\/p3E1NsqF11E?fbclid=IwZXh0bgNhZW0CMTAAc3J0YwZhcHBfaWQQMjIyMDM5MTc4ODIwMDg5MgABHvynehfjIbHSFzF9w5YNOJ2asnKqngN-nQPQx1I5vnwIWx8t5UARXbEHnJPJ_aem_MmeftSNQ27O8irZScMXNeQ\" target=\"_blank\" rel=\"nofollow noopener noreferrer\">https:\/\/youtu.be\/p3E1NsqF11E<\/a><\/span><\/span><\/p>\n<p style=\"text-align: center\">\n<!-- iframe plugin v.6.0 wordpress.org\/plugins\/iframe\/ -->\n<iframe loading=\"lazy\" width=\"100%\" height=\"411\" src=\"https:\/\/www.youtube.com\/embed\/p3E1NsqF11E\" title=\"\u271d\ufe0f La SEMANA SANTA: Un an\u00e1lisis hist\u00f3rico \" frameborder=\"0\" allow=\"accelerometer; autoplay; clipboard-write; encrypted-media; gyroscope; picture-in-picture; web-share\" referrerpolicy=\"strict-origin-when-cross-origin\" 0=\"allowfullscreen\" 1=\"\/iframe\" scrolling=\"yes\" class=\"iframe-class\"><\/iframe>\n<\/p>\n","protected":false},"excerpt":{"rendered":"<p>El Domingu de Ramos , marca l&#8217;entamu d&#8217;una de les selmanes con mayor carga antropol\u00f3xica, hist\u00f3rica y cultural del nuesu calendariu. M\u00e1s all\u00e1 de les creencies individuales, esti d\u00eda conmemora un eventu del sieglu I que tresform\u00f3 la hestoria d&#8217;Occidente: la entrada de Jes\u00fas de Nazaret en Jerusal\u00e9n. Imaxe<\/p>\n","protected":false},"author":117,"featured_media":0,"comment_status":"closed","ping_status":"closed","sticky":false,"template":"","format":"standard","meta":{"footnotes":""},"categories":[1],"tags":[],"class_list":["post-70460","post","type-post","status-publish","format-standard","hentry","category-sin-categoria"],"_links":{"self":[{"href":"https:\/\/edublog.educastur.es\/ixuxu\/wp-json\/wp\/v2\/posts\/70460","targetHints":{"allow":["GET"]}}],"collection":[{"href":"https:\/\/edublog.educastur.es\/ixuxu\/wp-json\/wp\/v2\/posts"}],"about":[{"href":"https:\/\/edublog.educastur.es\/ixuxu\/wp-json\/wp\/v2\/types\/post"}],"author":[{"embeddable":true,"href":"https:\/\/edublog.educastur.es\/ixuxu\/wp-json\/wp\/v2\/users\/117"}],"replies":[{"embeddable":true,"href":"https:\/\/edublog.educastur.es\/ixuxu\/wp-json\/wp\/v2\/comments?post=70460"}],"version-history":[{"count":2,"href":"https:\/\/edublog.educastur.es\/ixuxu\/wp-json\/wp\/v2\/posts\/70460\/revisions"}],"predecessor-version":[{"id":70462,"href":"https:\/\/edublog.educastur.es\/ixuxu\/wp-json\/wp\/v2\/posts\/70460\/revisions\/70462"}],"wp:attachment":[{"href":"https:\/\/edublog.educastur.es\/ixuxu\/wp-json\/wp\/v2\/media?parent=70460"}],"wp:term":[{"taxonomy":"category","embeddable":true,"href":"https:\/\/edublog.educastur.es\/ixuxu\/wp-json\/wp\/v2\/categories?post=70460"},{"taxonomy":"post_tag","embeddable":true,"href":"https:\/\/edublog.educastur.es\/ixuxu\/wp-json\/wp\/v2\/tags?post=70460"}],"curies":[{"name":"wp","href":"https:\/\/api.w.org\/{rel}","templated":true}]}}