{"id":70472,"date":"2026-03-30T08:30:18","date_gmt":"2026-03-30T06:30:18","guid":{"rendered":"https:\/\/edublog.educastur.es\/ixuxu\/?p=70472"},"modified":"2026-03-30T13:56:06","modified_gmt":"2026-03-30T11:56:06","slug":"el-tiempu-el-comercio-299","status":"publish","type":"post","link":"https:\/\/edublog.educastur.es\/ixuxu\/2026\/03\/el-tiempu-el-comercio-299\/","title":{"rendered":"El tiempu (El Comercio)"},"content":{"rendered":"<p style=\"text-align: center\"><a href=\"https:\/\/s3.ppllstatics.com\/elcomercio\/www\/multimedia\/2026\/03\/29\/tiempo-asturias-lunes-30-marzo-k19E-U2302588077118HVD-1200x870@El%20Comercio.jpg\"><img loading=\"lazy\" decoding=\"async\" class=\"aligncenter size-large\" src=\"https:\/\/s3.ppllstatics.com\/elcomercio\/www\/multimedia\/2026\/03\/29\/tiempo-asturias-lunes-30-marzo-k19E-U2302588077118HVD-1200x870@El%20Comercio.jpg\" width=\"1200\" height=\"868\" \/><\/a><\/p>\n<p><strong>L&#8217;AEMET preve sol y hasta 25\u00baC.<\/strong>\u00a0La previsi\u00f3n meteorol\u00f3xica para los d\u00edes centrales de la Selmana Santa n&#8217;Asturies envalora una xubida de les temperatures y ausencia d&#8217;ag\u00fces fuertes, seg\u00fan l&#8217;Axencia Estatal de Meteorolox\u00eda (Aemet), que preve temperatures m\u00ednimes de 9 graos y m\u00e1ximes que pueden algamar los 25 graos.<\/p>\n<p><!--more--><\/p>\n<p style=\"text-align: center\">\n<!-- iframe plugin v.6.0 wordpress.org\/plugins\/iframe\/ -->\n<iframe loading=\"lazy\" src=\"https:\/\/www.facebook.com\/plugins\/video.php?height=314&#038;href=https%3A%2F%2Fwww.facebook.com%2Freel%2F3881639525475710%2F&#038;show_text=false&#038;width=560&#038;t=0\" width=\"560\" height=\"314\" style=\"border:none;overflow:hidden\" scrolling=\"no\" frameborder=\"0\" allowfullscreen=\"true\" allow=\"autoplay; clipboard-write; encrypted-media; picture-in-picture; web-share\" 0=\"\/iframe\" class=\"iframe-class\"><\/iframe>\n<\/p>\n","protected":false},"excerpt":{"rendered":"<p>L&#8217;AEMET preve sol y hasta 25\u00baC.\u00a0La previsi\u00f3n meteorol\u00f3xica para los d\u00edes centrales de la Selmana Santa n&#8217;Asturies envalora una xubida de les temperatures y ausencia d&#8217;ag\u00fces fuertes, seg\u00fan l&#8217;Axencia Estatal de Meteorolox\u00eda (Aemet), que preve temperatures m\u00ednimes de 9 graos y m\u00e1ximes que pueden algamar los 25 graos.<\/p>\n","protected":false},"author":117,"featured_media":0,"comment_status":"closed","ping_status":"closed","sticky":false,"template":"","format":"standard","meta":{"footnotes":""},"categories":[5],"tags":[],"class_list":["post-70472","post","type-post","status-publish","format-standard","hentry","category-tiempu"],"_links":{"self":[{"href":"https:\/\/edublog.educastur.es\/ixuxu\/wp-json\/wp\/v2\/posts\/70472","targetHints":{"allow":["GET"]}}],"collection":[{"href":"https:\/\/edublog.educastur.es\/ixuxu\/wp-json\/wp\/v2\/posts"}],"about":[{"href":"https:\/\/edublog.educastur.es\/ixuxu\/wp-json\/wp\/v2\/types\/post"}],"author":[{"embeddable":true,"href":"https:\/\/edublog.educastur.es\/ixuxu\/wp-json\/wp\/v2\/users\/117"}],"replies":[{"embeddable":true,"href":"https:\/\/edublog.educastur.es\/ixuxu\/wp-json\/wp\/v2\/comments?post=70472"}],"version-history":[{"count":4,"href":"https:\/\/edublog.educastur.es\/ixuxu\/wp-json\/wp\/v2\/posts\/70472\/revisions"}],"predecessor-version":[{"id":70527,"href":"https:\/\/edublog.educastur.es\/ixuxu\/wp-json\/wp\/v2\/posts\/70472\/revisions\/70527"}],"wp:attachment":[{"href":"https:\/\/edublog.educastur.es\/ixuxu\/wp-json\/wp\/v2\/media?parent=70472"}],"wp:term":[{"taxonomy":"category","embeddable":true,"href":"https:\/\/edublog.educastur.es\/ixuxu\/wp-json\/wp\/v2\/categories?post=70472"},{"taxonomy":"post_tag","embeddable":true,"href":"https:\/\/edublog.educastur.es\/ixuxu\/wp-json\/wp\/v2\/tags?post=70472"}],"curies":[{"name":"wp","href":"https:\/\/api.w.org\/{rel}","templated":true}]}}