{"id":70476,"date":"2026-03-29T23:00:23","date_gmt":"2026-03-29T21:00:23","guid":{"rendered":"https:\/\/edublog.educastur.es\/ixuxu\/?p=70476"},"modified":"2026-03-30T12:35:58","modified_gmt":"2026-03-30T10:35:58","slug":"lluna-rosa","status":"publish","type":"post","link":"https:\/\/edublog.educastur.es\/ixuxu\/2026\/03\/lluna-rosa\/","title":{"rendered":"Lluna rosa"},"content":{"rendered":"<p>\u00abAv\u00e9rase la Lluna llena: abre les cortines y dexa que&#8217;l Sol ba\u00f1e cada rinc\u00f3n. Al atapecer, detente un intre para estimar\u00bb Nun hai nam\u00e1s inspirador que vivir en sinton\u00eda colo qu&#8217;asocede na naturaleza, y ello incluyi ser consciente de c\u00f3mo ta la Lluna g\u00fcei. Te va ayudar, am\u00e1s, a entamar meyor el to d\u00eda, escoyendo siempres el momentu \u00f3ptimo para curiate o realizar xeres que se ven favorec\u00edes pola fase llunar.<\/p>\n<p style=\"text-align: center\"><a href=\"https:\/\/content.cuerpomente.com\/medio\/2026\/03\/26\/moon_threedaysbefore_0_f02b0d6d_260326163459_1280x720.webp\"><img loading=\"lazy\" decoding=\"async\" class=\"aligncenter size-large\" src=\"https:\/\/content.cuerpomente.com\/medio\/2026\/03\/26\/moon_threedaysbefore_0_f02b0d6d_260326163459_1280x720.webp\" width=\"1280\" height=\"720\" \/><\/a><\/p>\n<p><!--more--><\/p>\n<p style=\"text-align: center\">\n<!-- iframe plugin v.6.0 wordpress.org\/plugins\/iframe\/ -->\n<iframe loading=\"lazy\" src=\"https:\/\/www.facebook.com\/plugins\/post.php?href=https%3A%2F%2Fwww.facebook.com%2FLunaTotal%2Fposts%2Fpfbid0ugMCpUqctEqzxgs4FrrXPi4Dr37UDPCfTmFkfxyfBEWmBCwJtG4M6FWgyosPJjdjl&#038;show_text=false&#038;width=500\" width=\"500\" height=\"498\" style=\"border:none;overflow:hidden\" scrolling=\"no\" frameborder=\"0\" allowfullscreen=\"true\" allow=\"autoplay; clipboard-write; encrypted-media; picture-in-picture; web-share\" 0=\"\/iframe\" class=\"iframe-class\"><\/iframe>\n<\/p>\n<p style=\"text-align: center\"><a href=\"https:\/\/content.cuerpomente.com\/medio\/2026\/03\/26\/fase-de-la-luna-del-domingo-29-de-marzo-2026-luna-gibosa-creciente_31d8c7e7_260326165737_900x506.webp\"><img loading=\"lazy\" decoding=\"async\" class=\"aligncenter size-large\" src=\"https:\/\/content.cuerpomente.com\/medio\/2026\/03\/26\/fase-de-la-luna-del-domingo-29-de-marzo-2026-luna-gibosa-creciente_31d8c7e7_260326165737_900x506.webp\" width=\"900\" height=\"506\" \/><\/a><\/p>\n<p><a href=\"https:\/\/www.facebook.com\/LunaTotal\">https:\/\/www.facebook.com\/LunaTotal<\/a><\/p>\n","protected":false},"excerpt":{"rendered":"<p>\u00abAv\u00e9rase la Lluna llena: abre les cortines y dexa que&#8217;l Sol ba\u00f1e cada rinc\u00f3n. Al atapecer, detente un intre para estimar\u00bb Nun hai nam\u00e1s inspirador que vivir en sinton\u00eda colo qu&#8217;asocede na naturaleza, y ello incluyi ser consciente de c\u00f3mo ta la Lluna g\u00fcei. Te va ayudar, am\u00e1s, a entamar meyor el to d\u00eda, escoyendo [&hellip;]<\/p>\n","protected":false},"author":117,"featured_media":0,"comment_status":"closed","ping_status":"closed","sticky":false,"template":"","format":"standard","meta":{"footnotes":""},"categories":[223],"tags":[],"class_list":["post-70476","post","type-post","status-publish","format-standard","hentry","category-astronomia"],"_links":{"self":[{"href":"https:\/\/edublog.educastur.es\/ixuxu\/wp-json\/wp\/v2\/posts\/70476","targetHints":{"allow":["GET"]}}],"collection":[{"href":"https:\/\/edublog.educastur.es\/ixuxu\/wp-json\/wp\/v2\/posts"}],"about":[{"href":"https:\/\/edublog.educastur.es\/ixuxu\/wp-json\/wp\/v2\/types\/post"}],"author":[{"embeddable":true,"href":"https:\/\/edublog.educastur.es\/ixuxu\/wp-json\/wp\/v2\/users\/117"}],"replies":[{"embeddable":true,"href":"https:\/\/edublog.educastur.es\/ixuxu\/wp-json\/wp\/v2\/comments?post=70476"}],"version-history":[{"count":1,"href":"https:\/\/edublog.educastur.es\/ixuxu\/wp-json\/wp\/v2\/posts\/70476\/revisions"}],"predecessor-version":[{"id":70477,"href":"https:\/\/edublog.educastur.es\/ixuxu\/wp-json\/wp\/v2\/posts\/70476\/revisions\/70477"}],"wp:attachment":[{"href":"https:\/\/edublog.educastur.es\/ixuxu\/wp-json\/wp\/v2\/media?parent=70476"}],"wp:term":[{"taxonomy":"category","embeddable":true,"href":"https:\/\/edublog.educastur.es\/ixuxu\/wp-json\/wp\/v2\/categories?post=70476"},{"taxonomy":"post_tag","embeddable":true,"href":"https:\/\/edublog.educastur.es\/ixuxu\/wp-json\/wp\/v2\/tags?post=70476"}],"curies":[{"name":"wp","href":"https:\/\/api.w.org\/{rel}","templated":true}]}}