{"id":70496,"date":"2026-03-30T12:21:40","date_gmt":"2026-03-30T10:21:40","guid":{"rendered":"https:\/\/edublog.educastur.es\/ixuxu\/?p=70496"},"modified":"2026-03-30T12:32:28","modified_gmt":"2026-03-30T10:32:28","slug":"70496","status":"publish","type":"post","link":"https:\/\/edublog.educastur.es\/ixuxu\/2026\/03\/70496\/","title":{"rendered":"Premiu nacional para dos vinos de Cangas"},"content":{"rendered":"<p><a href=\"https:\/\/www.lne.es\/cangas-del-narcea\/2026\/03\/29\/premio-nacional-vinos-cangas-narcea-128552493.html?fbclid=IwY2xjawQ3LShleHRuA2FlbQIxMABzcnRjBmFwcF9pZBAyMjIwMzkxNzg4MjAwODkyAAEekSOCYOrX6_44ql713bbVj_X42-Q-6saQ6Aa1tKJCGKSWr3ofb94gwgjCgKo_aem_4tfb1SkFsbsGwSZZH6dYJQ&amp;utm_campaign=mrf-facebook-nuevaespana&amp;mrfcid=2026032969c91b51a1dc542fac5a3d7e\">LNE<\/a> \/ Premiu nacional para dos vinos de Cangas: les ellaboraciones de la <a href=\"https:\/\/bodegaslaverdea.com\">bodega LA VERDEA<\/a> ll\u00e9vense un Gran Oru y un Oru en VinEspa\u00f1a. \u201cSupon una gran reconocencia al trabayu y a les nueses ellaboraciones\u201d, sorraya&#8217;l bodegueru Luciano G\u00f3mez.<\/p>\n<p style=\"text-align: center\"><a href=\"https:\/\/estaticos-cdn.prensaiberica.es\/clip\/09d277ad-3f3a-4f63-b583-dd0f39df2b68_16-9-discover-aspect-ratio_default_0_x800y400.webp\"><img loading=\"lazy\" decoding=\"async\" class=\"aligncenter size-large\" src=\"https:\/\/estaticos-cdn.prensaiberica.es\/clip\/09d277ad-3f3a-4f63-b583-dd0f39df2b68_16-9-discover-aspect-ratio_default_0_x800y400.webp\" width=\"1200\" height=\"675\" \/><\/a><\/p>\n<p>Luciano G\u00f3mez y Mar\u00eda Crespo mientres la \u00faltima vendimia.<\/p>\n<p><!--more--><\/p>\n<p style=\"text-align: center\"><a href=\"https:\/\/docangas.es\/wp-content\/uploads\/2021\/06\/contraetiqueta.jpg\"><img loading=\"lazy\" decoding=\"async\" class=\"aligncenter size-large\" src=\"https:\/\/docangas.es\/wp-content\/uploads\/2021\/06\/contraetiqueta.jpg\" width=\"625\" height=\"179\" \/><\/a><\/p>\n<p>La Denominaci\u00f3n d&#8217;Orixe Protexida Cangas y, cuantim\u00e1s, la bodega La Verdea t\u00e1n de norabona porque nuevamente unos vinos cangueses recibieron una alta reconocencia, nesti casu, a nivel nacional. El Concursu Nacional de Vinos VinEspa\u00f1a volvi\u00f3 premiar la calid\u00e1 de los vinos realizaos cola varied\u00e1 d&#8217;uva aut\u00f3ctona albar\u00edn blanca.<\/p>\n<p>En concretu, la bodega canguesa trae del certame un Gran Oru col so vinu <strong>La Verdea 620 Albar\u00edn Blanco<\/strong>, un monovarietal de 2024, y un Oru para La Verdea Albar\u00edn Blanco, tami\u00e9n d&#8217;una sola varied\u00e1 nesti casu nuevu, de 2025.<\/p>\n<p>\u201cTamos bien contentos, tr\u00e1tase d&#8217;unu de los concursos m\u00e1s prestixosos ya importantes a nivel nacional nel que se catan alredor de 2.000 vinos\u201d, destaca&#8217;l bodegueru Luciano G\u00f3mez, que fai fincapi\u00e9 en qu&#8217;am\u00e1s concursaron solo colos dos vinos premiaos y dambos llograron los m\u00e1s altes resultancies.<\/p>\n<p>Ello ye que<strong> La Verdea\u00a0 620 Albar\u00edn Blanco<\/strong> llev\u00f3 la segunda de les tr\u00e9s medayes Gran Oru de la so categor\u00eda que parte&#8217;l certame. Unos premios que reconocen el bon faer de les bodegues cangueses y fai-yos ganar en visibilid\u00e1. \u201cA la fin comp\u00edtese a nivel nacional y estos premios suponen una gran reconocencia al trabayu y a les nueses ellaboraciones\u201d, sorraya&#8217;l bodegueru.<\/p>\n<p>El concursu celebr\u00f3 la so VIII edici\u00f3n a principios de marzu en Medina del Campu (Valladolid) y les cates a palpu desenvolvi\u00e9ronse mientres tr\u00e9s d\u00edes.<\/p>\n<p style=\"text-align: center\"><a href=\"https:\/\/www.mrvinos.com\/data\/denominacion\/16\/do-cangas.jpg\"><img loading=\"lazy\" decoding=\"async\" class=\"aligncenter size-large\" src=\"https:\/\/www.mrvinos.com\/data\/denominacion\/16\/do-cangas.jpg\" width=\"700\" height=\"264\" \/><\/a><\/p>\n<p><strong>La Denominaci\u00f3n d&#8217;Orixe Cangas, alcu\u00e9ntrase nel suroeste d&#8217;Asturies, entendiendo los conceyos de Cangas, Grandas de Salime, Eilao, Pez\u00f3s, Ayande, Ibias y Tin\u00e9u<\/strong>. El Princip\u00e1u d&#8217;Asturies nun ye una comunid\u00e1 vin\u00edcola al usu, pero la zona de*Cangas tien unes condiciones escepcionales por que la naturaleza espr\u00e9sase en forma de vinos. So esta denominaci\u00f3n atopa&#8217;l trabayu de 53 viticultores y 6 bodegues ellaboradores.<\/p>\n","protected":false},"excerpt":{"rendered":"<p>LNE \/ Premiu nacional para dos vinos de Cangas: les ellaboraciones de la bodega LA VERDEA ll\u00e9vense un Gran Oru y un Oru en VinEspa\u00f1a. \u201cSupon una gran reconocencia al trabayu y a les nueses ellaboraciones\u201d, sorraya&#8217;l bodegueru Luciano G\u00f3mez. Luciano G\u00f3mez y Mar\u00eda Crespo mientres la \u00faltima vendimia.<\/p>\n","protected":false},"author":117,"featured_media":0,"comment_status":"closed","ping_status":"closed","sticky":false,"template":"","format":"standard","meta":{"footnotes":""},"categories":[335],"tags":[],"class_list":["post-70496","post","type-post","status-publish","format-standard","hentry","category-dop-igp"],"_links":{"self":[{"href":"https:\/\/edublog.educastur.es\/ixuxu\/wp-json\/wp\/v2\/posts\/70496","targetHints":{"allow":["GET"]}}],"collection":[{"href":"https:\/\/edublog.educastur.es\/ixuxu\/wp-json\/wp\/v2\/posts"}],"about":[{"href":"https:\/\/edublog.educastur.es\/ixuxu\/wp-json\/wp\/v2\/types\/post"}],"author":[{"embeddable":true,"href":"https:\/\/edublog.educastur.es\/ixuxu\/wp-json\/wp\/v2\/users\/117"}],"replies":[{"embeddable":true,"href":"https:\/\/edublog.educastur.es\/ixuxu\/wp-json\/wp\/v2\/comments?post=70496"}],"version-history":[{"count":5,"href":"https:\/\/edublog.educastur.es\/ixuxu\/wp-json\/wp\/v2\/posts\/70496\/revisions"}],"predecessor-version":[{"id":70502,"href":"https:\/\/edublog.educastur.es\/ixuxu\/wp-json\/wp\/v2\/posts\/70496\/revisions\/70502"}],"wp:attachment":[{"href":"https:\/\/edublog.educastur.es\/ixuxu\/wp-json\/wp\/v2\/media?parent=70496"}],"wp:term":[{"taxonomy":"category","embeddable":true,"href":"https:\/\/edublog.educastur.es\/ixuxu\/wp-json\/wp\/v2\/categories?post=70496"},{"taxonomy":"post_tag","embeddable":true,"href":"https:\/\/edublog.educastur.es\/ixuxu\/wp-json\/wp\/v2\/tags?post=70496"}],"curies":[{"name":"wp","href":"https:\/\/api.w.org\/{rel}","templated":true}]}}