{"id":70501,"date":"2026-03-29T09:29:10","date_gmt":"2026-03-29T07:29:10","guid":{"rendered":"https:\/\/edublog.educastur.es\/ixuxu\/?p=70501"},"modified":"2026-03-30T12:34:11","modified_gmt":"2026-03-30T10:34:11","slug":"laeropuertu-dasturies-estrena-guei-nueves-conexones-directes-dendel-principau","status":"publish","type":"post","link":"https:\/\/edublog.educastur.es\/ixuxu\/2026\/03\/laeropuertu-dasturies-estrena-guei-nueves-conexones-directes-dendel-principau\/","title":{"rendered":"L&#8217;Aeropuertu d&#8217;Asturies estrena g\u00fcei nueves conexones directes dende&#8217;l Princip\u00e1u"},"content":{"rendered":"<div class=\"html-div xdj266r x14z9mp xat24cr x1lziwak xexx8yu x1a8lsjc xf7dkkf xv54qhq\">\n<div class=\"html-div xdj266r x14z9mp xat24cr x1lziwak xexx8yu xyri2b x18d9i69 x1c1uobl x1jx94hy x78zum5 x1q0g3np\">\n<div class=\"x78zum5 xdt5ytf xz62fqu x16ldp7u\">\n<div class=\"xu06os2 x1ok221b\">\n<div class=\"html-div xdj266r x14z9mp xat24cr x1lziwak xexx8yu xyri2b x18d9i69 x1c1uobl\" data-ad-rendering-role=\"profile_name\">\n<p class=\"html-h3 x14z9mp xat24cr x1lziwak xexx8yu xyri2b x18d9i69 x1c1uobl x1vvkbs x1heor9g x1qlqyl8 x1pd3egz x1a2a7pz x1gslohp x1yc453h\"><span class=\"x1lliihq x6ikm8r x10wlt62 x1n2onr6\"><span class=\"xt0psk2\"><a class=\"x1i10hfl xjbqb8w x1ejq31n x18oe1m7 x1sy0etr xstzfhl x972fbf x10w94by x1qhh985 x14e42zd x9f619 x1ypdohk xt0psk2 x3ct3a4 xdj266r x14z9mp xat24cr x1lziwak xexx8yu xyri2b x18d9i69 x1c1uobl x16tdsg8 x1hl2dhg xggy1nq x1a2a7pz xkrqix3 x1sur9pj xzsf02u x1s688f\" role=\"link\" href=\"https:\/\/www.facebook.com\/MovilidadAsturias?__cft__[0]=AZbXlyRXpQzN8g_meHVRFp1DFu1dPWDFW5qfSh2R50-6Ivz-IfcMcqghf58ZlwvSFuR2bh9N9V5qTdXg04lmLnMg6PNTdzP9A7OrJV4ffFldsfljbOtfjeAurOt_PqscsL70Johr_xHQ20PGhZF1pKdmoVv4G2zk-ztbRh1dKvVgOmMHT7M0gLp9_QdzxeJrB8ra-QnI-ln0MS4BNt9eJ4fU&amp;__tn__=-UC%2CP-y-R\"><b class=\"html-b xdj266r x14z9mp xat24cr x1lziwak xexx8yu xyri2b x18d9i69 x1c1uobl x1hl2dhg x16tdsg8 x1vvkbs x1s688f\"><span class=\"html-span xdj266r x14z9mp xat24cr x1lziwak xexx8yu xyri2b x18d9i69 x1c1uobl x1hl2dhg x16tdsg8 x1vvkbs\">Consejer\u00eda de Movilidad, Medio Ambiente y Gesti\u00f3n de Emergencias<\/span><\/b><\/a><\/span><\/span><span class=\"html-span xexx8yu xyri2b x18d9i69 x1c1uobl x1hl2dhg x16tdsg8 x1vvkbs x3nfvp2 x1j61x8r x1fcty0u xdj266r xat24cr xm2jcoa x1mpyi22 xxymvpz xlup9mm x1kky2od\" style=\"font-size: 16px\"><img loading=\"lazy\" decoding=\"async\" class=\"xz74otr x15mokao x1ga7v0g x16uus16 xbiv7yw\" src=\"https:\/\/static.xx.fbcdn.net\/images\/emoji.php\/v9\/tb6\/1\/16\/2708.png\" alt=\"\u2708\" width=\"16\" height=\"16\" \/><\/span><\/p>\n<p class=\"html-h3 x14z9mp xat24cr x1lziwak xexx8yu xyri2b x18d9i69 x1c1uobl x1vvkbs x1heor9g x1qlqyl8 x1pd3egz x1a2a7pz x1gslohp x1yc453h\"><span style=\"font-size: 16px\">L&#8217;Aeropuertu d&#8217;Asturies estrena g\u00fcei nueves conexones directes dende&#8217;l Princip\u00e1u: <\/span><span style=\"color: #008080\"><strong>PORTO<\/strong><\/span>. Per primer vegada vuelo directu cola ciud\u00e1 portuguesa con dos frecuencies selmanales operaes por<span class=\"html-span xdj266r x14z9mp xat24cr x1lziwak xexx8yu xyri2b x18d9i69 x1c1uobl x1hl2dhg x16tdsg8 x1vvkbs\"><a class=\"x1i10hfl xjbqb8w x1ejq31n x18oe1m7 x1sy0etr xstzfhl x972fbf x10w94by x1qhh985 x14e42zd x9f619 x1ypdohk xt0psk2 x3ct3a4 xdj266r x14z9mp xat24cr x1lziwak xexx8yu xyri2b x18d9i69 x1c1uobl x16tdsg8 x1hl2dhg xggy1nq x1a2a7pz xkrqix3 x1sur9pj x1fey0fg x1s688f\" role=\"link\" href=\"https:\/\/www.facebook.com\/Volotea?__cft__[0]=AZbXlyRXpQzN8g_meHVRFp1DFu1dPWDFW5qfSh2R50-6Ivz-IfcMcqghf58ZlwvSFuR2bh9N9V5qTdXg04lmLnMg6PNTdzP9A7OrJV4ffFldsfljbOtfjeAurOt_PqscsL70Johr_xHQ20PGhZF1pKdmoVv4G2zk-ztbRh1dKvVgOmMHT7M0gLp9_QdzxeJrB8ra-QnI-ln0MS4BNt9eJ4fU&amp;__tn__=-]K-y-R\"><span class=\"xt0psk2\"><span class=\"xjp7ctv\">Volotea<\/span><\/span><\/a><\/span> . <span class=\"html-span xexx8yu xyri2b x18d9i69 x1c1uobl x1hl2dhg x16tdsg8 x1vvkbs x3nfvp2 x1j61x8r x1fcty0u xdj266r xat24cr xm2jcoa x1mpyi22 xxymvpz xlup9mm x1kky2od\"><img loading=\"lazy\" decoding=\"async\" class=\"xz74otr x15mokao x1ga7v0g x16uus16 xbiv7yw\" src=\"https:\/\/static.xx.fbcdn.net\/images\/emoji.php\/v9\/t42\/1\/16\/1f6e9.png\" alt=\"\ud83d\udee9\ufe0f\" width=\"16\" height=\"16\" \/><\/span><strong><span style=\"color: #008080\">\u00c1MSTERDAM<\/span><\/strong>. L&#8217;aerol\u00ednea neerlandesa <span class=\"html-span xdj266r x14z9mp xat24cr x1lziwak xexx8yu xyri2b x18d9i69 x1c1uobl x1hl2dhg x16tdsg8 x1vvkbs\"><a class=\"x1i10hfl xjbqb8w x1ejq31n x18oe1m7 x1sy0etr xstzfhl x972fbf x10w94by x1qhh985 x14e42zd x9f619 x1ypdohk xt0psk2 x3ct3a4 xdj266r x14z9mp xat24cr x1lziwak xexx8yu xyri2b x18d9i69 x1c1uobl x16tdsg8 x1hl2dhg xggy1nq x1a2a7pz xkrqix3 x1sur9pj x1fey0fg x1s688f\" role=\"link\" href=\"https:\/\/www.facebook.com\/KLM?__cft__[0]=AZbXlyRXpQzN8g_meHVRFp1DFu1dPWDFW5qfSh2R50-6Ivz-IfcMcqghf58ZlwvSFuR2bh9N9V5qTdXg04lmLnMg6PNTdzP9A7OrJV4ffFldsfljbOtfjeAurOt_PqscsL70Johr_xHQ20PGhZF1pKdmoVv4G2zk-ztbRh1dKvVgOmMHT7M0gLp9_QdzxeJrB8ra-QnI-ln0MS4BNt9eJ4fU&amp;__tn__=-]K-y-R\"><span class=\"xt0psk2\"><span class=\"xjp7ctv\">KLM Royal Dutch Airlines<\/span><\/span><\/a><\/span> volar\u00e1 al Aeropuertu d&#8217;\u00c1msterdam-Schiphol dos veces a la selmana, diariamente, dende&#8217;l 4 de xunetu al 30 d&#8217;agostu. <img loading=\"lazy\" decoding=\"async\" class=\"xz74otr x15mokao x1ga7v0g x16uus16 xbiv7yw\" src=\"https:\/\/static.xx.fbcdn.net\/images\/emoji.php\/v9\/t6c\/1\/16\/1f6ec.png\" alt=\"\ud83d\udeec\" width=\"16\" height=\"16\" \/><span style=\"color: #008080\"><strong>PAR\u00cdS-ORLY<\/strong><\/span>. <span class=\"html-span xdj266r x14z9mp xat24cr x1lziwak xexx8yu xyri2b x18d9i69 x1c1uobl x1hl2dhg x16tdsg8 x1vvkbs\"><a class=\"x1i10hfl xjbqb8w x1ejq31n x18oe1m7 x1sy0etr xstzfhl x972fbf x10w94by x1qhh985 x14e42zd x9f619 x1ypdohk xt0psk2 x3ct3a4 xdj266r x14z9mp xat24cr x1lziwak xexx8yu xyri2b x18d9i69 x1c1uobl x16tdsg8 x1hl2dhg xggy1nq x1a2a7pz xkrqix3 x1sur9pj x1fey0fg x1s688f\" role=\"link\" href=\"https:\/\/www.facebook.com\/Volotea?__cft__[0]=AZbXlyRXpQzN8g_meHVRFp1DFu1dPWDFW5qfSh2R50-6Ivz-IfcMcqghf58ZlwvSFuR2bh9N9V5qTdXg04lmLnMg6PNTdzP9A7OrJV4ffFldsfljbOtfjeAurOt_PqscsL70Johr_xHQ20PGhZF1pKdmoVv4G2zk-ztbRh1dKvVgOmMHT7M0gLp9_QdzxeJrB8ra-QnI-ln0MS4BNt9eJ4fU&amp;__tn__=-]K-y-R\"><span class=\"xt0psk2\"><span class=\"xjp7ctv\">Volotea<\/span><\/span><\/a><\/span> operar\u00e1 dende g\u00fcei tr\u00e9s frecuencies selmanales cola terminal parisina. <img loading=\"lazy\" decoding=\"async\" class=\"xz74otr x15mokao x1ga7v0g x16uus16 xbiv7yw\" src=\"https:\/\/static.xx.fbcdn.net\/images\/emoji.php\/v9\/tb6\/1\/16\/2708.png\" alt=\"\u2708\" width=\"16\" height=\"16\" \/><strong><span style=\"color: #008080\">FRANKFURT<\/span><\/strong>. Cuatro salides selmanales con <span class=\"html-span xdj266r x14z9mp xat24cr x1lziwak xexx8yu xyri2b x18d9i69 x1c1uobl x1hl2dhg x16tdsg8 x1vvkbs\"><a class=\"x1i10hfl xjbqb8w x1ejq31n x18oe1m7 x1sy0etr xstzfhl x972fbf x10w94by x1qhh985 x14e42zd x9f619 x1ypdohk xt0psk2 x3ct3a4 xdj266r x14z9mp xat24cr x1lziwak xexx8yu xyri2b x18d9i69 x1c1uobl x16tdsg8 x1hl2dhg xggy1nq x1a2a7pz xkrqix3 x1sur9pj x1fey0fg x1s688f\" role=\"link\" href=\"https:\/\/www.facebook.com\/Lufthansa?__cft__[0]=AZbXlyRXpQzN8g_meHVRFp1DFu1dPWDFW5qfSh2R50-6Ivz-IfcMcqghf58ZlwvSFuR2bh9N9V5qTdXg04lmLnMg6PNTdzP9A7OrJV4ffFldsfljbOtfjeAurOt_PqscsL70Johr_xHQ20PGhZF1pKdmoVv4G2zk-ztbRh1dKvVgOmMHT7M0gLp9_QdzxeJrB8ra-QnI-ln0MS4BNt9eJ4fU&amp;__tn__=-]K-y-R\"><span class=\"xt0psk2\"><span class=\"xjp7ctv\">Lufthansa<\/span><\/span><\/a><\/span><\/p>\n<p style=\"text-align: center\">\n<!-- iframe plugin v.6.0 wordpress.org\/plugins\/iframe\/ -->\n<iframe loading=\"lazy\" src=\"https:\/\/www.facebook.com\/plugins\/post.php?href=https%3A%2F%2Fwww.facebook.com%2Fphoto.php%3Ffbid%3D955451187006472%26set%3Da.201797665705165%26type%3D3&#038;show_text=false&#038;width=500\" width=\"500\" height=\"785\" style=\"border:none;overflow:hidden\" scrolling=\"no\" frameborder=\"0\" allowfullscreen=\"true\" allow=\"autoplay; clipboard-write; encrypted-media; picture-in-picture; web-share\" 0=\"\/iframe\" class=\"iframe-class\"><\/iframe>\n<\/p>\n<\/div>\n<\/div>\n<\/div>\n<\/div>\n<\/div>\n","protected":false},"excerpt":{"rendered":"<p>Consejer\u00eda de Movilidad, Medio Ambiente y Gesti\u00f3n de Emergencias L&#8217;Aeropuertu d&#8217;Asturies estrena g\u00fcei nueves conexones directes dende&#8217;l Princip\u00e1u: PORTO. Per primer vegada vuelo directu cola ciud\u00e1 portuguesa con dos frecuencies selmanales operaes porVolotea . \u00c1MSTERDAM. L&#8217;aerol\u00ednea neerlandesa KLM Royal Dutch Airlines volar\u00e1 al Aeropuertu d&#8217;\u00c1msterdam-Schiphol dos veces a la selmana, diariamente, dende&#8217;l 4 de xunetu [&hellip;]<\/p>\n","protected":false},"author":117,"featured_media":0,"comment_status":"closed","ping_status":"closed","sticky":false,"template":"","format":"standard","meta":{"footnotes":""},"categories":[232],"tags":[],"class_list":["post-70501","post","type-post","status-publish","format-standard","hentry","category-tresportes"],"_links":{"self":[{"href":"https:\/\/edublog.educastur.es\/ixuxu\/wp-json\/wp\/v2\/posts\/70501","targetHints":{"allow":["GET"]}}],"collection":[{"href":"https:\/\/edublog.educastur.es\/ixuxu\/wp-json\/wp\/v2\/posts"}],"about":[{"href":"https:\/\/edublog.educastur.es\/ixuxu\/wp-json\/wp\/v2\/types\/post"}],"author":[{"embeddable":true,"href":"https:\/\/edublog.educastur.es\/ixuxu\/wp-json\/wp\/v2\/users\/117"}],"replies":[{"embeddable":true,"href":"https:\/\/edublog.educastur.es\/ixuxu\/wp-json\/wp\/v2\/comments?post=70501"}],"version-history":[{"count":1,"href":"https:\/\/edublog.educastur.es\/ixuxu\/wp-json\/wp\/v2\/posts\/70501\/revisions"}],"predecessor-version":[{"id":70503,"href":"https:\/\/edublog.educastur.es\/ixuxu\/wp-json\/wp\/v2\/posts\/70501\/revisions\/70503"}],"wp:attachment":[{"href":"https:\/\/edublog.educastur.es\/ixuxu\/wp-json\/wp\/v2\/media?parent=70501"}],"wp:term":[{"taxonomy":"category","embeddable":true,"href":"https:\/\/edublog.educastur.es\/ixuxu\/wp-json\/wp\/v2\/categories?post=70501"},{"taxonomy":"post_tag","embeddable":true,"href":"https:\/\/edublog.educastur.es\/ixuxu\/wp-json\/wp\/v2\/tags?post=70501"}],"curies":[{"name":"wp","href":"https:\/\/api.w.org\/{rel}","templated":true}]}}