{"id":70516,"date":"2026-03-30T13:25:10","date_gmt":"2026-03-30T11:25:10","guid":{"rendered":"https:\/\/edublog.educastur.es\/ixuxu\/?p=70516"},"modified":"2026-03-30T13:45:13","modified_gmt":"2026-03-30T11:45:13","slug":"la-poesia-nasturianu-llega-a-mexicu","status":"publish","type":"post","link":"https:\/\/edublog.educastur.es\/ixuxu\/2026\/03\/la-poesia-nasturianu-llega-a-mexicu\/","title":{"rendered":"La poes\u00eda n&#8217;asturianu llega a M\u00e9xicu"},"content":{"rendered":"<div class=\"row\">\n<div class=\"col flex sz-dk-60 hdln-blk\">\n<h2 class=\"section f-ord-first detalle_cliche_agora \"><img decoding=\"async\" class=\"aligncenter\" style=\"font-size: 16px\" src=\"https:\/\/img.lavdg.com\/sc\/LhCYoyU4VnFadhHtp9cBUKGSj7s=\/480x\/2018\/03\/01\/00121519900576067485688\/Foto\/inan.jpg\" alt=\"Inaciu Gal\u00e1n\" \/><\/h2>\n<\/div>\n<\/div>\n<div class=\"row f-dir-row p-rel\">\n<div class=\"col sz-dk-67 txt-blk\">\n<div class=\"figure\">Inaciu Gal\u00e1n representa a la lliteratura asturiana nel IV Encuentro de Poetas Iberoamericanos na Feria del Libro de Teziutl\u00e1n, Puebla.\u00a0<strong>Ente los d\u00edes 1 y 6 d&#8217;abril<\/strong> la llocalid\u00e1 mexicana de Teziutl\u00e1n, en Puebla, recibe al escritor\u00a0<strong>Inaciu Gal\u00e1n<\/strong>, convid\u00e1u a participar nel <strong>IV Encuentro de Poetas Iberoamericanos en M\u00e9xicu.<\/strong><\/div>\n<div><!--more--><\/div>\n<div><\/div>\n<p class=\"txt\">A lo llargo de la estancia l&#8217;escritor va participar de dellos recitales y otros actos con escritores de pa\u00edses llatinoamericanos, incluyendo poetes en lling\u00fces orixinaries de M\u00e9xicu, nel marcu de la<strong>\u00a0Feria del Libro de Teziutl\u00e1n, Puebla.<\/strong><\/p>\n<p class=\"txt\">T\u00e1n programaes dos conferencies d\u2019Inaciu Gal\u00e1n, una centrada na hestoria y la situaci\u00f3n de la llingua asturiana y la so lliteratura, y otra pa falar de la esperiencia de la Residencia Lliteraria Xix\u00f3n, que l&#8217;autor fund\u00f3 nel 2023 y dirixe dende ent\u00f3s. Per ella pasaron escritores europeos y americanos ente los que s&#8217;atopen lliteratos como David Ucl\u00e9s o Marisa Mart\u00ednez P\u00e9rsico.<\/p>\n<div id=\"sm-it-main-container-1774869852106\" class=\"sm-it-main-container\" data-it=\"7212367b-5abb-4ebc-80a8-60e075e8d4d4\" data-device=\"desktop\" data-index=\"0\">\n<div id=\"sm-reference-1774869852106\" class=\"sm-reference\"><\/div>\n<\/div>\n<p class=\"txt\">Xunto al poeta asturianu ta prevista la presencia d&#8217;autores como Sergio Brice\u00f1o (Costa Rica), Jaime Ignacio Magnan Alabarce (Chile), Askari Martre, Angel Herrera, Yao Tonalli, Benito Benazi, Daniela Rico Straffon, Lina Garc\u00eda, Eduardo Serdio, Jorge Contreras Herrera, Misael Mart\u00ednez, Adriana P Vel\u00e1zquez, Mar\u00eda Merced N\u00e1jera Migoni y Mart\u00edn Tonalmeyotl (M\u00e9xicu).<\/p>\n<p class=\"txt\">Inaciu Gal\u00e1n (Xix\u00f3n, Asturies, 1986) Periodista, documentalista, profesor, xestor cultural y activista lling\u00fc\u00edsticu, ye miembru de n\u00famberu de l&#8217;Academia de la Llingua Asturiana.<\/p>\n<p class=\"txt\">Escritor en llingua asturiana, tien una quincena de llibros espublizaos y numberosos premios, ente los que s&#8217;atopen dalgunos de los de m\u00e1s prestixu pa obres en llingua asturiana. Foi traduc\u00edu a delles lling\u00fces y participa davezu d&#8217;eventos internacionales en representaci\u00f3n de la llingua asturiana.<\/p>\n<p class=\"txt\">Ente los sos proyectos lliterarios m\u00e1s destacaos t\u00e1n la fundaci\u00f3n de la revista Formientu, pa nuevos autores n&#8217;asturianu, con y\u00e1 venti a\u00f1os d&#8217;activid\u00e1, y la Residencia Lliteraria Xix\u00f3n, na que trabaya nel intercambiu cultural ente lling\u00fces y lliteratures.<\/p>\n<p style=\"text-align: center\">\n<!-- iframe plugin v.6.0 wordpress.org\/plugins\/iframe\/ -->\n<iframe loading=\"lazy\" src=\"https:\/\/www.facebook.com\/plugins\/post.php?href=https%3A%2F%2Fwww.facebook.com%2Fphoto.php%3Ffbid%3D10241659999902020%26set%3Da.1322044936429%26type%3D3&#038;show_text=false&#038;width=500\" width=\"500\" height=\"715\" style=\"border:none;overflow:hidden\" scrolling=\"no\" frameborder=\"0\" allowfullscreen=\"true\" allow=\"autoplay; clipboard-write; encrypted-media; picture-in-picture; web-share\" 0=\"\/iframe\" class=\"iframe-class\"><\/iframe>\n<\/p>\n<\/div>\n<\/div>\n<p>&nbsp;<\/p>\n<p>&nbsp;<\/p>\n","protected":false},"excerpt":{"rendered":"<p>Inaciu Gal\u00e1n representa a la lliteratura asturiana nel IV Encuentro de Poetas Iberoamericanos na Feria del Libro de Teziutl\u00e1n, Puebla.\u00a0Ente los d\u00edes 1 y 6 d&#8217;abril la llocalid\u00e1 mexicana de Teziutl\u00e1n, en Puebla, recibe al escritor\u00a0Inaciu Gal\u00e1n, convid\u00e1u a participar nel IV Encuentro de Poetas Iberoamericanos en M\u00e9xicu.<\/p>\n","protected":false},"author":117,"featured_media":0,"comment_status":"closed","ping_status":"closed","sticky":false,"template":"","format":"standard","meta":{"footnotes":""},"categories":[322,39],"tags":[],"class_list":["post-70516","post","type-post","status-publish","format-standard","hentry","category-inaciu-galan","category-poesia"],"_links":{"self":[{"href":"https:\/\/edublog.educastur.es\/ixuxu\/wp-json\/wp\/v2\/posts\/70516","targetHints":{"allow":["GET"]}}],"collection":[{"href":"https:\/\/edublog.educastur.es\/ixuxu\/wp-json\/wp\/v2\/posts"}],"about":[{"href":"https:\/\/edublog.educastur.es\/ixuxu\/wp-json\/wp\/v2\/types\/post"}],"author":[{"embeddable":true,"href":"https:\/\/edublog.educastur.es\/ixuxu\/wp-json\/wp\/v2\/users\/117"}],"replies":[{"embeddable":true,"href":"https:\/\/edublog.educastur.es\/ixuxu\/wp-json\/wp\/v2\/comments?post=70516"}],"version-history":[{"count":4,"href":"https:\/\/edublog.educastur.es\/ixuxu\/wp-json\/wp\/v2\/posts\/70516\/revisions"}],"predecessor-version":[{"id":70525,"href":"https:\/\/edublog.educastur.es\/ixuxu\/wp-json\/wp\/v2\/posts\/70516\/revisions\/70525"}],"wp:attachment":[{"href":"https:\/\/edublog.educastur.es\/ixuxu\/wp-json\/wp\/v2\/media?parent=70516"}],"wp:term":[{"taxonomy":"category","embeddable":true,"href":"https:\/\/edublog.educastur.es\/ixuxu\/wp-json\/wp\/v2\/categories?post=70516"},{"taxonomy":"post_tag","embeddable":true,"href":"https:\/\/edublog.educastur.es\/ixuxu\/wp-json\/wp\/v2\/tags?post=70516"}],"curies":[{"name":"wp","href":"https:\/\/api.w.org\/{rel}","templated":true}]}}