{"id":70519,"date":"2026-03-30T18:28:25","date_gmt":"2026-03-30T16:28:25","guid":{"rendered":"https:\/\/edublog.educastur.es\/ixuxu\/?p=70519"},"modified":"2026-03-31T11:24:41","modified_gmt":"2026-03-31T09:24:41","slug":"ppola-especialida-docente","status":"publish","type":"post","link":"https:\/\/edublog.educastur.es\/ixuxu\/2026\/03\/ppola-especialida-docente\/","title":{"rendered":"Pola especialid\u00e1 docente"},"content":{"rendered":"<div class=\"entry-header\">\n<p class=\"jeg_post_title\" style=\"text-align: left\">Cam\u00edn de Madrid pola especialid\u00e1 docente: los maestros d\u2019asturianu lleven la so protesta al ministeriu y al Congresu. <strong>Los profesores de les lling\u00fces propies de la comunid\u00e1 van rexistrar un escritu dirix\u00edu a la ministra Milagros Tol\u00f3n na sede d\u2019Educaci\u00f3n, Formaci\u00f3n Profesional y Deportes, onde van encadenase de manera simb\u00f3lica; darr\u00e9u, van concentrase na Carrera de San Jer\u00f3nimo. <a href=\"https:\/\/www.lne.es\/asturias\/2026\/03\/31\/profesores-asturiano-encadenan-frente-ministerio-128608294.html?fbclid=IwY2xjawQ4bTtleHRuA2FlbQIxMABzcnRjBmFwcF9pZBAyMjIwMzkxNzg4MjAwODkyAAEeNARjKnQ02-W4NpedL5TYdLgtrf19ZVPj6oWLnNP1YRtY1S7pSZb6OmfaJ6w_aem_EmLP1WmtBP8qjG6seF3fxw&amp;utm_campaign=mrf-facebook-nuevaespana&amp;mrfcid=2026033169cb5dbf5939d3022ba747c1\">LNE<\/a> \/ El Comercio \/<\/strong><\/p>\n<p style=\"text-align: center\"><a href=\"https:\/\/img.lavdg.com\/sc\/98o40KcJS3uMpgXD7HR1rStuhEs=\/768x\/2026\/03\/30\/00121774880103154145163\/Foto\/eup_20260330_125750123.jpg\"><img loading=\"lazy\" decoding=\"async\" class=\"aligncenter size-large\" src=\"https:\/\/img.lavdg.com\/sc\/98o40KcJS3uMpgXD7HR1rStuhEs=\/768x\/2026\/03\/30\/00121774880103154145163\/Foto\/eup_20260330_125750123.jpg\" width=\"768\" height=\"432\" \/><\/a><\/p>\n<\/div>\n<div class=\"entry-content with-share\">\n<div class=\"content-inner \">\n<p><!--more--><\/p>\n<p style=\"text-align: center\">\n<!-- iframe plugin v.6.0 wordpress.org\/plugins\/iframe\/ -->\n<iframe loading=\"lazy\" src=\"https:\/\/www.facebook.com\/plugins\/post.php?href=https%3A%2F%2Fwww.facebook.com%2Fphoto.php%3Ffbid%3D1498131431669700%26set%3Da.476540997162087%26type%3D3&#038;show_text=false&#038;width=500\" width=\"500\" height=\"850\" style=\"border:none;overflow:hidden\" scrolling=\"no\" frameborder=\"0\" allowfullscreen=\"true\" allow=\"autoplay; clipboard-write; encrypted-media; picture-in-picture; web-share\" 0=\"\/iframe\" class=\"iframe-class\"><\/iframe>\n<\/p>\n<p>La XDLA acompa\u00f1a al profesor\u00e1u d&#8217;asturianu y de gallego-asturianu d&#8217; @adae.ast na so movilizaci\u00f3n en Madrid. <span class=\"html-span xdj266r x14z9mp xat24cr x1lziwak xexx8yu xyri2b x18d9i69 x1c1uobl x1hl2dhg x16tdsg8 x1vvkbs\"><a class=\"x1i10hfl xjbqb8w x1ejq31n x18oe1m7 x1sy0etr xstzfhl x972fbf x10w94by x1qhh985 x14e42zd x9f619 x1ypdohk xt0psk2 x3ct3a4 xdj266r x14z9mp xat24cr x1lziwak xexx8yu xyri2b x18d9i69 x1c1uobl x16tdsg8 x1hl2dhg xggy1nq x1a2a7pz xkrqix3 x1sur9pj x1fey0fg x1s688f\" role=\"link\" href=\"https:\/\/www.facebook.com\/hashtag\/oficialid%C3%A1?__eep__=6&amp;__cft__[0]=AZZ59BVmhruOlEhac0SZCXNNRffRZwwvpJKuPn-l9s5nCBTHNswRCR2Me3iVYXi1no59ch6OKLn_xWnRnL3bvgMw8vtEzcya6n6RmcjB3zBvuYeV6ixn8F_QPMpQ6gtuDDexA4yss09XyY3XCwoStNTa0vLBr3L-YTcrLjsxJoAnvEat6L0fcjCudK6J44Vuz-FulfxwqWBYOxqDuxGYcrlL&amp;__tn__=*NK-y-R\">#oficialid\u00e1<\/a><\/span> y <span class=\"html-span xdj266r x14z9mp xat24cr x1lziwak xexx8yu xyri2b x18d9i69 x1c1uobl x1hl2dhg x16tdsg8 x1vvkbs\"><a class=\"x1i10hfl xjbqb8w x1ejq31n x18oe1m7 x1sy0etr xstzfhl x972fbf x10w94by x1qhh985 x14e42zd x9f619 x1ypdohk xt0psk2 x3ct3a4 xdj266r x14z9mp xat24cr x1lziwak xexx8yu xyri2b x18d9i69 x1c1uobl x16tdsg8 x1hl2dhg xggy1nq x1a2a7pz xkrqix3 x1sur9pj x1fey0fg x1s688f\" role=\"link\" href=\"https:\/\/www.facebook.com\/hashtag\/especialid%C3%A1docentetrabayudecente?__eep__=6&amp;__cft__[0]=AZZ59BVmhruOlEhac0SZCXNNRffRZwwvpJKuPn-l9s5nCBTHNswRCR2Me3iVYXi1no59ch6OKLn_xWnRnL3bvgMw8vtEzcya6n6RmcjB3zBvuYeV6ixn8F_QPMpQ6gtuDDexA4yss09XyY3XCwoStNTa0vLBr3L-YTcrLjsxJoAnvEat6L0fcjCudK6J44Vuz-FulfxwqWBYOxqDuxGYcrlL&amp;__tn__=*NK-y-R\">#especialid\u00e1docentetrabayudecente<\/a><\/span><\/p>\n<p style=\"text-align: center\">\n<!-- iframe plugin v.6.0 wordpress.org\/plugins\/iframe\/ -->\n<iframe loading=\"lazy\" src=\"https:\/\/www.facebook.com\/plugins\/post.php?href=https%3A%2F%2Fwww.facebook.com%2Fexunta%2Fposts%2Fpfbid0vAJnFbh2PEBTSDYLiKJ9XxNbNwoFTNHSuLd9tsvVVHZb2DknKkzMb2AcKehxA9qxl&#038;show_text=false&#038;width=500\" width=\"500\" height=\"375\" style=\"border:none;overflow:hidden\" scrolling=\"no\" frameborder=\"0\" allowfullscreen=\"true\" allow=\"autoplay; clipboard-write; encrypted-media; picture-in-picture; web-share\" 0=\"\/iframe\" class=\"iframe-class\"><\/iframe>\n<\/p>\n<figure class=\"wp-block-image size-large\">\n<div id=\"standard_1\" class=\"st-placement standard_1 inImage\">\n<div class=\"st-adunit st-adunit-tagged st-reset st-show\">\n<div class=\"st-adunit-ad st-reset\">\n<div class=\"st-display-render st-reset open 336x280\">\n<div class=\"st-canvas st-reset vertical-static\"><\/div>\n<\/div>\n<\/div>\n<\/div>\n<\/div>\n<p><img loading=\"lazy\" decoding=\"async\" class=\"wp-image-29892\" src=\"https:\/\/mioviedo.com\/wp-content\/uploads\/sites\/2\/2026\/03\/ADAE-autocar-manifestacion-a-Madrid-especialida-docente-1280x960.jpeg\" alt=\"\" width=\"1280\" height=\"960\" data-pin-no-hover=\"true\" \/><figcaption class=\"wp-element-caption\">L\u2019autocar que tresporta a los docentes d\u2019asturianu y gallego-asturiano a Madrid. \/ ADAE<\/figcaption><\/figure>\n<p>&nbsp;<\/p>\n<p>Las movilizaciones de los maestros y maestres de Llingua Asturiana y Gallego-asturiano pola demanda de la creaci\u00f3n de la especialid\u00e1 docente\u00a0<strong>dan g\u00fcei un pasu m\u00e1s<\/strong>. Dende esta madrugada cerca d\u2019un centenar de profesionales y representantes de sindicatos t\u00e1n desplaz\u00e1ndose a Madrid n\u2019autocar y coches particulares pa llevar la protesta pola so situaci\u00f3n llaboral a la capital del Est\u00e1u nun convocatoria fecha pola<strong>\u00a0<a href=\"https:\/\/sites.google.com\/view\/adae-ast\/adae\" target=\"_blank\" rel=\"noreferrer noopener\">Asociaci\u00f3n de Docentes d\u2019Asturianu y Eonaviego\/Gallego-asturiano (ADAE)<\/a><\/strong>. Una visita que va tener dos paraes: el Ministeriu d\u2019Educaci\u00f3n, Formaci\u00f3n Profesional y Deportes, y el Congresu.<\/p>\n<p style=\"text-align: center\"><a href=\"https:\/\/estaticos-cdn.prensaiberica.es\/clip\/cece9a94-f51a-4036-8303-03ddf71ffd9f_16-9-aspect-ratio_default_0_x440y599.webp\"><img loading=\"lazy\" decoding=\"async\" class=\"aligncenter size-large\" src=\"https:\/\/estaticos-cdn.prensaiberica.es\/clip\/cece9a94-f51a-4036-8303-03ddf71ffd9f_16-9-aspect-ratio_default_0_x440y599.webp\" width=\"880\" height=\"495\" \/><\/a><\/p>\n<p><strong>A les 12.30 hores ta prevista la primera na sede del ministeriu<\/strong>, onde se va rexistrar un escritu dirix\u00edu a la ministra Milagros Tol\u00f3n. Enantes, va desendolcase una aici\u00f3n simb\u00f3lica consistente nun encadenamientu na sede ministerial. La protesta va llevase darr\u00e9u al Congresu, pa tornar p\u2019Asturies al rodiu les 17 hores.<\/p>\n<p><strong>\u00abHai m\u00e1s de 30.000 estudiantes y 332 docentes afeutaos n\u2019Asturies por una situaci\u00f3n que s\u2019allarga dende va m\u00e1s de 40 a\u00f1os por falta de volunt\u00e1 pol\u00edtica\u00bb<\/strong>, denuncien dende ADAE, que recuerda\u2019l sofitu del Gobiernu asturianu d\u2019esta reivindicaci\u00f3n hist\u00f3rica de tola comunid\u00e1 educativa pa finar con una situaci\u00f3n de discriminaci\u00f3n con respeuto a los sos compa\u00f1eros de centru. La modificaci\u00f3n de los reales decretos por parte del Executivu estatal servir\u00eda pa crear la especialid\u00e1 docente de Llingua Asturiana y Gallego-asturiano, tr\u00e1mite pal que nun ye necesario una tramitaci\u00f3n parllamentaria.<\/p>\n<p>&nbsp;<\/p>\n<\/div>\n<\/div>\n<p style=\"text-align: center\"><a href=\"https:\/\/migijon.com\/wp-content\/uploads\/2026\/03\/Docentes-dasturianu-convocatoria-Madrid.jpeg\"><img loading=\"lazy\" decoding=\"async\" class=\"aligncenter size-large\" src=\"https:\/\/migijon.com\/wp-content\/uploads\/2026\/03\/Docentes-dasturianu-convocatoria-Madrid.jpeg\" width=\"1600\" height=\"1200\" \/><\/a><\/p>\n<h4 class=\"wp-block-heading\"><strong>El llunes 30 dellos autocares van llevar a la capital del Est\u00e1u a maestros y maestres de l\u2019asignatura pa reclamar la creaci\u00f3n de la especialid\u00e1 de Llingua Asturiana y Gallego-asturiano.<\/strong><\/h4>\n<p style=\"text-align: center\"><a href=\"https:\/\/migijon.com\/wp-content\/uploads\/2026\/03\/Zarru-ADAE-docentes-asturianu-nel-Cabuenes-pancarta.jpeg\"><img loading=\"lazy\" decoding=\"async\" class=\"aligncenter size-large\" src=\"https:\/\/migijon.com\/wp-content\/uploads\/2026\/03\/Zarru-ADAE-docentes-asturianu-nel-Cabuenes-pancarta.jpeg\" width=\"2048\" height=\"1406\" \/><\/a><\/p>\n","protected":false},"excerpt":{"rendered":"<p>Cam\u00edn de Madrid pola especialid\u00e1 docente: los maestros d\u2019asturianu lleven la so protesta al ministeriu y al Congresu. Los profesores de les lling\u00fces propies de la comunid\u00e1 van rexistrar un escritu dirix\u00edu a la ministra Milagros Tol\u00f3n na sede d\u2019Educaci\u00f3n, Formaci\u00f3n Profesional y Deportes, onde van encadenase de manera simb\u00f3lica; darr\u00e9u, van concentrase na Carrera [&hellip;]<\/p>\n","protected":false},"author":117,"featured_media":0,"comment_status":"closed","ping_status":"closed","sticky":false,"template":"","format":"standard","meta":{"footnotes":""},"categories":[44],"tags":[],"class_list":["post-70519","post","type-post","status-publish","format-standard","hentry","category-asturianu"],"_links":{"self":[{"href":"https:\/\/edublog.educastur.es\/ixuxu\/wp-json\/wp\/v2\/posts\/70519","targetHints":{"allow":["GET"]}}],"collection":[{"href":"https:\/\/edublog.educastur.es\/ixuxu\/wp-json\/wp\/v2\/posts"}],"about":[{"href":"https:\/\/edublog.educastur.es\/ixuxu\/wp-json\/wp\/v2\/types\/post"}],"author":[{"embeddable":true,"href":"https:\/\/edublog.educastur.es\/ixuxu\/wp-json\/wp\/v2\/users\/117"}],"replies":[{"embeddable":true,"href":"https:\/\/edublog.educastur.es\/ixuxu\/wp-json\/wp\/v2\/comments?post=70519"}],"version-history":[{"count":9,"href":"https:\/\/edublog.educastur.es\/ixuxu\/wp-json\/wp\/v2\/posts\/70519\/revisions"}],"predecessor-version":[{"id":70563,"href":"https:\/\/edublog.educastur.es\/ixuxu\/wp-json\/wp\/v2\/posts\/70519\/revisions\/70563"}],"wp:attachment":[{"href":"https:\/\/edublog.educastur.es\/ixuxu\/wp-json\/wp\/v2\/media?parent=70519"}],"wp:term":[{"taxonomy":"category","embeddable":true,"href":"https:\/\/edublog.educastur.es\/ixuxu\/wp-json\/wp\/v2\/categories?post=70519"},{"taxonomy":"post_tag","embeddable":true,"href":"https:\/\/edublog.educastur.es\/ixuxu\/wp-json\/wp\/v2\/tags?post=70519"}],"curies":[{"name":"wp","href":"https:\/\/api.w.org\/{rel}","templated":true}]}}