{"id":70550,"date":"2026-03-30T18:30:15","date_gmt":"2026-03-30T16:30:15","guid":{"rendered":"https:\/\/edublog.educastur.es\/ixuxu\/?p=70550"},"modified":"2026-03-31T19:45:42","modified_gmt":"2026-03-31T17:45:42","slug":"profesores-dasturianu-encadenense-entel-ministeriu-deducacion","status":"publish","type":"post","link":"https:\/\/edublog.educastur.es\/ixuxu\/2026\/03\/profesores-dasturianu-encadenense-entel-ministeriu-deducacion\/","title":{"rendered":"Profesores d&#8217;asturianu encad\u00e9nense \u00e9nte&#8217;l Ministeriu d&#8217;Educaci\u00f3n"},"content":{"rendered":"<p style=\"text-align: center\"><a href=\"https:\/\/www.rtpa.es\/fotos\/\/26\/03\/20260330141331_RTPA7906722.webp\"><img loading=\"lazy\" decoding=\"async\" class=\"aligncenter size-large\" src=\"https:\/\/www.rtpa.es\/fotos\/\/26\/03\/20260330141331_RTPA7906722.webp\" width=\"853\" height=\"480\" \/><\/a><\/p>\n<div class=\"flow rtpa-prose text-lg leading-tight mb-6\"><strong>Reclamen la creaci\u00f3n de la especialid\u00e1 docente y denuncien la so situaci\u00f3n d&#8217;interinid\u00e1.<\/strong><\/div>\n<div class=\"flow rtpa-prose text-base text-neutral-700\">\n<p>Una ventena de profesores d\u2019asturianu y eonaviegu encaden\u00e1ronse esta ma\u00f1ana frente al Ministeriu d\u2019Educaci\u00f3n.<\/p>\n<p>Una manera d\u2019amosar lo encadenaos que, dicen, t\u00e1n a la interinid\u00e1.<\/p>\n<p>La d\u2019esta ma\u00f1ana foi una nueva acci\u00f3n, cola que reclamen la especialid\u00e1 docente.<\/p>\n<\/div>\n","protected":false},"excerpt":{"rendered":"<p>Reclamen la creaci\u00f3n de la especialid\u00e1 docente y denuncien la so situaci\u00f3n d&#8217;interinid\u00e1. Una ventena de profesores d\u2019asturianu y eonaviegu encaden\u00e1ronse esta ma\u00f1ana frente al Ministeriu d\u2019Educaci\u00f3n. Una manera d\u2019amosar lo encadenaos que, dicen, t\u00e1n a la interinid\u00e1. La d\u2019esta ma\u00f1ana foi una nueva acci\u00f3n, cola que reclamen la especialid\u00e1 docente.<\/p>\n","protected":false},"author":117,"featured_media":0,"comment_status":"closed","ping_status":"closed","sticky":false,"template":"","format":"standard","meta":{"footnotes":""},"categories":[44],"tags":[],"class_list":["post-70550","post","type-post","status-publish","format-standard","hentry","category-asturianu"],"_links":{"self":[{"href":"https:\/\/edublog.educastur.es\/ixuxu\/wp-json\/wp\/v2\/posts\/70550","targetHints":{"allow":["GET"]}}],"collection":[{"href":"https:\/\/edublog.educastur.es\/ixuxu\/wp-json\/wp\/v2\/posts"}],"about":[{"href":"https:\/\/edublog.educastur.es\/ixuxu\/wp-json\/wp\/v2\/types\/post"}],"author":[{"embeddable":true,"href":"https:\/\/edublog.educastur.es\/ixuxu\/wp-json\/wp\/v2\/users\/117"}],"replies":[{"embeddable":true,"href":"https:\/\/edublog.educastur.es\/ixuxu\/wp-json\/wp\/v2\/comments?post=70550"}],"version-history":[{"count":1,"href":"https:\/\/edublog.educastur.es\/ixuxu\/wp-json\/wp\/v2\/posts\/70550\/revisions"}],"predecessor-version":[{"id":70551,"href":"https:\/\/edublog.educastur.es\/ixuxu\/wp-json\/wp\/v2\/posts\/70550\/revisions\/70551"}],"wp:attachment":[{"href":"https:\/\/edublog.educastur.es\/ixuxu\/wp-json\/wp\/v2\/media?parent=70550"}],"wp:term":[{"taxonomy":"category","embeddable":true,"href":"https:\/\/edublog.educastur.es\/ixuxu\/wp-json\/wp\/v2\/categories?post=70550"},{"taxonomy":"post_tag","embeddable":true,"href":"https:\/\/edublog.educastur.es\/ixuxu\/wp-json\/wp\/v2\/tags?post=70550"}],"curies":[{"name":"wp","href":"https:\/\/api.w.org\/{rel}","templated":true}]}}