{"id":70552,"date":"2026-03-31T11:12:44","date_gmt":"2026-03-31T09:12:44","guid":{"rendered":"https:\/\/edublog.educastur.es\/ixuxu\/?p=70552"},"modified":"2026-03-31T11:12:44","modified_gmt":"2026-03-31T09:12:44","slug":"nueve-de-cada-diez-adolescentes-asturianos-consumen-bebora-azucrao","status":"publish","type":"post","link":"https:\/\/edublog.educastur.es\/ixuxu\/2026\/03\/nueve-de-cada-diez-adolescentes-asturianos-consumen-bebora-azucrao\/","title":{"rendered":"Nueve de cada diez adolescentes asturianos consumen b\u00e9bora azucrao"},"content":{"rendered":"<p class=\"text-2xl font-bold font-serif leading-tight max-w-[65ch] mb-1.5\"><a href=\"https:\/\/www.rtpa.es\/noticias-asturias-ast\/2026-03-30\/Nueve-de-cada-diez-adolescentes-asturianos-consumen-bebora-azucrao_111774870901.html\">Nueve de cada diez adolescentes asturianos consumen b\u00e9bora azucrao<\/a>.<\/p>\n<p style=\"text-align: center\"><a href=\"https:\/\/www.rtpa.es\/fotos\/\/22\/09\/20220929122706_RTPA2601351.jpg\"><img loading=\"lazy\" decoding=\"async\" class=\"aligncenter size-large\" src=\"https:\/\/www.rtpa.es\/fotos\/\/22\/09\/20220929122706_RTPA2601351.jpg\" width=\"853\" height=\"480\" \/><\/a><\/p>\n<div class=\"flow rtpa-prose text-lg leading-tight mb-6\">El trabayu amuesa que&#8217;l consumu d&#8217;esti tipu de productos nun se llenda a momentos puntuales.<\/div>\n<div><\/div>\n<p><!--more--><\/p>\n<div class=\"flow rtpa-prose text-base text-neutral-700\">\n<p>El consumu de b\u00e9bora azucrao \u2014como refrescos, b\u00e9bora enerx\u00e9tico y deportivo\u2014 volvi\u00f3se un vezu ente les y los adolescentes asturianos porque nueve de cada diez t\u00f3menlo davezu o de xemes en cuando, seg\u00fan afita un estudiu lider\u00e1u pola Universid\u00e1 d\u2019Uvi\u00e9u.<\/p>\n<p>El trabayu tami\u00e9n evidencia que\u2019l consumu d\u2019esti tipu de productos nun se llenda a momentos puntuales, sin\u00f3n que ta inxertu dafechu na vida de davezu de los adolescentes, sobre manera en contestos d\u2019ociu y socializaci\u00f3n, y qu\u2019una normalizaci\u00f3n temprana del consumu pue afitar vezos poco saludables na ed\u00e1 adulta.<\/p>\n<p>Esti vezu ta llo\u00f1e de ser inofensivu porque estos productos suelen tener gran cantid\u00e1 de zucre y, en munchos casos, cafe\u00edna o otros estimulantes, y apurren am\u00e1s un valir nutricional mui llend\u00e1u o nulu, a pesar de que\u2019l so consumu entama a ed\u00e1 mui temprana y medra progresivamente cola ed\u00e1.<\/p>\n<\/div>\n","protected":false},"excerpt":{"rendered":"<p>Nueve de cada diez adolescentes asturianos consumen b\u00e9bora azucrao. El trabayu amuesa que&#8217;l consumu d&#8217;esti tipu de productos nun se llenda a momentos puntuales.<\/p>\n","protected":false},"author":117,"featured_media":0,"comment_status":"closed","ping_status":"closed","sticky":false,"template":"","format":"standard","meta":{"footnotes":""},"categories":[1],"tags":[],"class_list":["post-70552","post","type-post","status-publish","format-standard","hentry","category-sin-categoria"],"_links":{"self":[{"href":"https:\/\/edublog.educastur.es\/ixuxu\/wp-json\/wp\/v2\/posts\/70552","targetHints":{"allow":["GET"]}}],"collection":[{"href":"https:\/\/edublog.educastur.es\/ixuxu\/wp-json\/wp\/v2\/posts"}],"about":[{"href":"https:\/\/edublog.educastur.es\/ixuxu\/wp-json\/wp\/v2\/types\/post"}],"author":[{"embeddable":true,"href":"https:\/\/edublog.educastur.es\/ixuxu\/wp-json\/wp\/v2\/users\/117"}],"replies":[{"embeddable":true,"href":"https:\/\/edublog.educastur.es\/ixuxu\/wp-json\/wp\/v2\/comments?post=70552"}],"version-history":[{"count":1,"href":"https:\/\/edublog.educastur.es\/ixuxu\/wp-json\/wp\/v2\/posts\/70552\/revisions"}],"predecessor-version":[{"id":70553,"href":"https:\/\/edublog.educastur.es\/ixuxu\/wp-json\/wp\/v2\/posts\/70552\/revisions\/70553"}],"wp:attachment":[{"href":"https:\/\/edublog.educastur.es\/ixuxu\/wp-json\/wp\/v2\/media?parent=70552"}],"wp:term":[{"taxonomy":"category","embeddable":true,"href":"https:\/\/edublog.educastur.es\/ixuxu\/wp-json\/wp\/v2\/categories?post=70552"},{"taxonomy":"post_tag","embeddable":true,"href":"https:\/\/edublog.educastur.es\/ixuxu\/wp-json\/wp\/v2\/tags?post=70552"}],"curies":[{"name":"wp","href":"https:\/\/api.w.org\/{rel}","templated":true}]}}